{"id":75240,"date":"2018-03-09T23:20:27","date_gmt":"2018-03-09T23:20:27","guid":{"rendered":"https:\/\/www.deberes.net\/tesis\/sin-categoria\/ciclos-del-porcino-en-la-u-e-aplicacion-particular-al-mercado-espanol\/"},"modified":"2018-03-09T23:20:27","modified_gmt":"2018-03-09T23:20:27","slug":"ciclos-del-porcino-en-la-u-e-aplicacion-particular-al-mercado-espanol","status":"publish","type":"post","link":"https:\/\/www.deberes.net\/tesis\/ciencias-economicas\/ciclos-del-porcino-en-la-u-e-aplicacion-particular-al-mercado-espanol\/","title":{"rendered":"Ciclos del porcino en la u.e. aplicaci\u00f3n particular al mercado espa\u00f1ol"},"content":{"rendered":"<h2>Tesis doctoral de <strong> Angel Falder Rivero <\/strong><\/h2>\n<p>El objeto de esta tesis consiste en analizar los mercados de carne de porcino en la ue,poniendo de manifiesto posibles regularidades e interrelaciones de ellos en unos y otros estados miembros , tanto respecto a las cantidades producidas como respecto a los precios obtenidos. En el caso concreto del mercado espa\u00f1ol se estudia , adem\u00e1s la relaci\u00f3n entre precios en matadero y precios detallistas.  la metodolog\u00eda utilizada consiste en realizar la cl\u00e1sica descomposici\u00f3n en tendencia ciclo y estacionalidad sustituyendo, en la s\u00edntesis posterior que se hace con estos componentes, el ciclo por una suma de arm\u00f3nicos relevantes obtenidos mediante el an\u00e1lisis de fourier.  las principales aportaciones originales de esta tesis son. Detecci\u00f3n de regularidades, sincrom\u00eda de  precios en los distintos mercados comunitarios , determinaci\u00f3n dela duraci\u00f3n, de periodos, explicaci\u00f3n del mecanismo por el que se generan ciclos de cantidades y ciclos de precios en este sector, adaptaci\u00f3n de las cantidades producidas a las curvas de demanda y predicci\u00f3n de la futura evoluci\u00f3n de dichos mercados a corto plazo.<\/p>\n<p>&nbsp;<\/p>\n<h3>Datos acad\u00e9micos de la tesis doctoral \u00ab<strong>Ciclos del porcino en la u.e. aplicaci\u00f3n particular al mercado espa\u00f1ol<\/strong>\u00ab<\/h3>\n<ul>\n<li><strong>T\u00edtulo de la tesis:<\/strong>\u00a0 Ciclos del porcino en la u.e. aplicaci\u00f3n particular al mercado espa\u00f1ol <\/li>\n<li><strong>Autor:<\/strong>\u00a0 Angel Falder Rivero <\/li>\n<li><strong>Universidad:<\/strong>\u00a0 Nacional de educaci\u00f3n a distancia<\/li>\n<li><strong>Fecha de lectura de la tesis:<\/strong>\u00a0 30\/06\/2005<\/li>\n<\/ul>\n<p>&nbsp;<\/p>\n<h3>Direcci\u00f3n y tribunal<\/h3>\n<ul>\n<li><strong>Director de la tesis<\/strong>\n<ul>\n<li>Nelson Alvarez Vazquez<\/li>\n<\/ul>\n<\/li>\n<li><strong>Tribunal<\/strong>\n<ul>\n<li>Presidente del tribunal: Juan Hern\u00e1ndez andr\u00e9u <\/li>\n<li>fabiola Portillo p\u00e9rez de vi\u00f1aspre (vocal)<\/li>\n<li>Juli\u00e1n Rodriguez ruiz (vocal)<\/li>\n<li> De dios \u00e1lvarez elisa (vocal)<\/li>\n<\/ul>\n<\/li>\n<\/ul>\n<p>&nbsp;<\/p>\n","protected":false},"excerpt":{"rendered":"<p>Tesis doctoral de Angel Falder Rivero El objeto de esta tesis consiste en analizar los mercados de carne de porcino [&hellip;]<\/p>\n","protected":false},"author":1,"featured_media":0,"comment_status":"open","ping_status":"open","sticky":false,"template":"","format":"standard","meta":{"site-sidebar-layout":"default","site-content-layout":"","ast-site-content-layout":"","site-content-style":"default","site-sidebar-style":"default","ast-global-header-display":"","ast-banner-title-visibility":"","ast-main-header-display":"","ast-hfb-above-header-display":"","ast-hfb-below-header-display":"","ast-hfb-mobile-header-display":"","site-post-title":"","ast-breadcrumbs-content":"","ast-featured-img":"","footer-sml-layout":"","theme-transparent-header-meta":"","adv-header-id-meta":"","stick-header-meta":"","header-above-stick-meta":"","header-main-stick-meta":"","header-below-stick-meta":"","astra-migrate-meta-layouts":"default","ast-page-background-enabled":"default","ast-page-background-meta":{"desktop":{"background-color":"var(--ast-global-color-4)","background-image":"","background-repeat":"repeat","background-position":"center center","background-size":"auto","background-attachment":"scroll","background-type":"","background-media":"","overlay-type":"","overlay-color":"","overlay-gradient":""},"tablet":{"background-color":"","background-image":"","background-repeat":"repeat","background-position":"center center","background-size":"auto","background-attachment":"scroll","background-type":"","background-media":"","overlay-type":"","overlay-color":"","overlay-gradient":""},"mobile":{"background-color":"","background-image":"","background-repeat":"repeat","background-position":"center center","background-size":"auto","background-attachment":"scroll","background-type":"","background-media":"","overlay-type":"","overlay-color":"","overlay-gradient":""}},"ast-content-background-meta":{"desktop":{"background-color":"var(--ast-global-color-5)","background-image":"","background-repeat":"repeat","background-position":"center center","background-size":"auto","background-attachment":"scroll","background-type":"","background-media":"","overlay-type":"","overlay-color":"","overlay-gradient":""},"tablet":{"background-color":"var(--ast-global-color-5)","background-image":"","background-repeat":"repeat","background-position":"center center","background-size":"auto","background-attachment":"scroll","background-type":"","background-media":"","overlay-type":"","overlay-color":"","overlay-gradient":""},"mobile":{"background-color":"var(--ast-global-color-5)","background-image":"","background-repeat":"repeat","background-position":"center center","background-size":"auto","background-attachment":"scroll","background-type":"","background-media":"","overlay-type":"","overlay-color":"","overlay-gradient":""}},"footnotes":""},"categories":[82,17070],"tags":[162741,105921,39777,5236,7089,17380],"class_list":["post-75240","post","type-post","status-publish","format-standard","hentry","category-ciencias-economicas","category-nacional-de-educacion-a-distancia","tag-angel-falder-rivero","tag-de-dios-alvarez-elisa","tag-fabiola-portillo-perez-de-vinaspre","tag-juan-hernandez-andreu","tag-julian-rodriguez-ruiz","tag-nelson-alvarez-vazquez"],"_links":{"self":[{"href":"https:\/\/www.deberes.net\/tesis\/wp-json\/wp\/v2\/posts\/75240","targetHints":{"allow":["GET"]}}],"collection":[{"href":"https:\/\/www.deberes.net\/tesis\/wp-json\/wp\/v2\/posts"}],"about":[{"href":"https:\/\/www.deberes.net\/tesis\/wp-json\/wp\/v2\/types\/post"}],"author":[{"embeddable":true,"href":"https:\/\/www.deberes.net\/tesis\/wp-json\/wp\/v2\/users\/1"}],"replies":[{"embeddable":true,"href":"https:\/\/www.deberes.net\/tesis\/wp-json\/wp\/v2\/comments?post=75240"}],"version-history":[{"count":0,"href":"https:\/\/www.deberes.net\/tesis\/wp-json\/wp\/v2\/posts\/75240\/revisions"}],"wp:attachment":[{"href":"https:\/\/www.deberes.net\/tesis\/wp-json\/wp\/v2\/media?parent=75240"}],"wp:term":[{"taxonomy":"category","embeddable":true,"href":"https:\/\/www.deberes.net\/tesis\/wp-json\/wp\/v2\/categories?post=75240"},{"taxonomy":"post_tag","embeddable":true,"href":"https:\/\/www.deberes.net\/tesis\/wp-json\/wp\/v2\/tags?post=75240"}],"curies":[{"name":"wp","href":"https:\/\/api.w.org\/{rel}","templated":true}]}}