{"id":75304,"date":"2005-01-07T00:00:00","date_gmt":"2005-01-07T00:00:00","guid":{"rendered":"https:\/\/www.deberes.net\/tesis\/sin-categoria\/herramienta-informatica-para-el-analisis-de-la-zona-de-contacto-osteo-protesica-femoral-en-la-artoplastia-total-de-cadera\/"},"modified":"2005-01-07T00:00:00","modified_gmt":"2005-01-07T00:00:00","slug":"herramienta-informatica-para-el-analisis-de-la-zona-de-contacto-osteo-protesica-femoral-en-la-artoplastia-total-de-cadera","status":"publish","type":"post","link":"https:\/\/www.deberes.net\/tesis\/informatica\/herramienta-informatica-para-el-analisis-de-la-zona-de-contacto-osteo-protesica-femoral-en-la-artoplastia-total-de-cadera\/","title":{"rendered":"Herramienta inform\u00e1tica para el an\u00e1lisis de la zona de contacto osteo-prot\u00e9sica femoral en la artoplastia total de cadera"},"content":{"rendered":"<h2>Tesis doctoral de <strong> Mar\u00eda De Los \u00e1ngeles Soler Garc\u00eda <\/strong><\/h2>\n<p>&nbsp;<\/p>\n<h3>Datos acad\u00e9micos de la tesis doctoral \u00ab<strong>Herramienta inform\u00e1tica para el an\u00e1lisis de la zona de contacto osteo-prot\u00e9sica femoral en la artoplastia total de cadera<\/strong>\u00ab<\/h3>\n<ul>\n<li><strong>T\u00edtulo de la tesis:<\/strong>\u00a0 Herramienta inform\u00e1tica para el an\u00e1lisis de la zona de contacto osteo-prot\u00e9sica femoral en la artoplastia total de cadera <\/li>\n<li><strong>Autor:<\/strong>\u00a0 Mar\u00eda De Los \u00e1ngeles Soler Garc\u00eda <\/li>\n<li><strong>Universidad:<\/strong>\u00a0 Cat\u00f3lica san antonio<\/li>\n<li><strong>Fecha de lectura de la tesis:<\/strong>\u00a0 01\/07\/2005<\/li>\n<\/ul>\n<p>&nbsp;<\/p>\n<h3>Direcci\u00f3n y tribunal<\/h3>\n<ul>\n<li><strong>Director de la tesis<\/strong>\n<ul>\n<li>almagro Andreo Mart\u00ednez<\/li>\n<\/ul>\n<\/li>\n<li><strong>Tribunal<\/strong>\n<ul>\n<li>Presidente del tribunal: manuel Clavel-sainz niolla <\/li>\n<li>lu\u00eds Antonio Villaplana torres (vocal)<\/li>\n<li>Francisco Jos\u00e9 P\u00e9rez molt\u00f3 (vocal)<\/li>\n<li>eduardo Segarra vicens (vocal)<\/li>\n<\/ul>\n<\/li>\n<\/ul>\n<p>&nbsp;<\/p>\n","protected":false},"excerpt":{"rendered":"<p>Tesis doctoral de Mar\u00eda De Los \u00e1ngeles Soler Garc\u00eda &nbsp; Datos acad\u00e9micos de la tesis doctoral \u00abHerramienta inform\u00e1tica para el [&hellip;]<\/p>\n","protected":false},"author":1,"featured_media":0,"comment_status":"open","ping_status":"open","sticky":false,"template":"","format":"standard","meta":{"site-sidebar-layout":"default","site-content-layout":"","ast-site-content-layout":"","site-content-style":"default","site-sidebar-style":"default","ast-global-header-display":"","ast-banner-title-visibility":"","ast-main-header-display":"","ast-hfb-above-header-display":"","ast-hfb-below-header-display":"","ast-hfb-mobile-header-display":"","site-post-title":"","ast-breadcrumbs-content":"","ast-featured-img":"","footer-sml-layout":"","theme-transparent-header-meta":"","adv-header-id-meta":"","stick-header-meta":"","header-above-stick-meta":"","header-main-stick-meta":"","header-below-stick-meta":"","astra-migrate-meta-layouts":"default","ast-page-background-enabled":"default","ast-page-background-meta":{"desktop":{"background-color":"var(--ast-global-color-4)","background-image":"","background-repeat":"repeat","background-position":"center center","background-size":"auto","background-attachment":"scroll","background-type":"","background-media":"","overlay-type":"","overlay-color":"","overlay-gradient":""},"tablet":{"background-color":"","background-image":"","background-repeat":"repeat","background-position":"center center","background-size":"auto","background-attachment":"scroll","background-type":"","background-media":"","overlay-type":"","overlay-color":"","overlay-gradient":""},"mobile":{"background-color":"","background-image":"","background-repeat":"repeat","background-position":"center center","background-size":"auto","background-attachment":"scroll","background-type":"","background-media":"","overlay-type":"","overlay-color":"","overlay-gradient":""}},"ast-content-background-meta":{"desktop":{"background-color":"var(--ast-global-color-5)","background-image":"","background-repeat":"repeat","background-position":"center center","background-size":"auto","background-attachment":"scroll","background-type":"","background-media":"","overlay-type":"","overlay-color":"","overlay-gradient":""},"tablet":{"background-color":"var(--ast-global-color-5)","background-image":"","background-repeat":"repeat","background-position":"center center","background-size":"auto","background-attachment":"scroll","background-type":"","background-media":"","overlay-type":"","overlay-color":"","overlay-gradient":""},"mobile":{"background-color":"var(--ast-global-color-5)","background-image":"","background-repeat":"repeat","background-position":"center center","background-size":"auto","background-attachment":"scroll","background-type":"","background-media":"","overlay-type":"","overlay-color":"","overlay-gradient":""}},"footnotes":""},"categories":[59772,13880],"tags":[80737,143144,162853,80739,136687,162852],"class_list":["post-75304","post","type-post","status-publish","format-standard","hentry","category-catolica-san-antonio","category-informatica","tag-almagro-andreo-Martinez","tag-eduardo-segarra-vicens","tag-francisco-jose-perez-molto","tag-luis-antonio-villaplana-torres","tag-manuel-clavel-sainz-niolla","tag-maria-de-los-angeles-soler-garcia"],"_links":{"self":[{"href":"https:\/\/www.deberes.net\/tesis\/wp-json\/wp\/v2\/posts\/75304","targetHints":{"allow":["GET"]}}],"collection":[{"href":"https:\/\/www.deberes.net\/tesis\/wp-json\/wp\/v2\/posts"}],"about":[{"href":"https:\/\/www.deberes.net\/tesis\/wp-json\/wp\/v2\/types\/post"}],"author":[{"embeddable":true,"href":"https:\/\/www.deberes.net\/tesis\/wp-json\/wp\/v2\/users\/1"}],"replies":[{"embeddable":true,"href":"https:\/\/www.deberes.net\/tesis\/wp-json\/wp\/v2\/comments?post=75304"}],"version-history":[{"count":0,"href":"https:\/\/www.deberes.net\/tesis\/wp-json\/wp\/v2\/posts\/75304\/revisions"}],"wp:attachment":[{"href":"https:\/\/www.deberes.net\/tesis\/wp-json\/wp\/v2\/media?parent=75304"}],"wp:term":[{"taxonomy":"category","embeddable":true,"href":"https:\/\/www.deberes.net\/tesis\/wp-json\/wp\/v2\/categories?post=75304"},{"taxonomy":"post_tag","embeddable":true,"href":"https:\/\/www.deberes.net\/tesis\/wp-json\/wp\/v2\/tags?post=75304"}],"curies":[{"name":"wp","href":"https:\/\/api.w.org\/{rel}","templated":true}]}}