{"id":75305,"date":"2005-01-07T00:00:00","date_gmt":"2005-01-07T00:00:00","guid":{"rendered":"https:\/\/www.deberes.net\/tesis\/sin-categoria\/etica-e-profissaes-no-design-urbano-convica%c2%a7a%c2%a2o-responsabilidade-e-interdisciplinariedade-traa%c2%a7os-da-identidade-profissional-no-deseho-da-cidade\/"},"modified":"2005-01-07T00:00:00","modified_gmt":"2005-01-07T00:00:00","slug":"etica-e-profissaes-no-design-urbano-convica%c2%a7a%c2%a2o-responsabilidade-e-interdisciplinariedade-traa%c2%a7os-da-identidade-profissional-no-deseho-da-cidade","status":"publish","type":"post","link":"https:\/\/www.deberes.net\/tesis\/barcelona\/etica-e-profissaes-no-design-urbano-convica%c2%a7a%c2%a2o-responsabilidade-e-interdisciplinariedade-traa%c2%a7os-da-identidade-profissional-no-deseho-da-cidade\/","title":{"rendered":"\u00e9tica e profiss\u00c1\u00b4es, no design urbano. convic\u00c1\u00a7\u00c1\u00a2o, responsabilidade e interdisciplinariedade. tra\u00c1\u00a7os da identidade profissional no deseho da cidade."},"content":{"rendered":"<h2>Tesis doctoral de <strong> Pedro Filipe Pinheiro De Serpa Brandao <\/strong><\/h2>\n<p>T\u00edtulo de la tesis: \u00e9tica e profiss\u00f3es, no design urbano. Convicc\u00e1o, responsabilidade e interdisciplinariedade. Traqos da identidade profissional no deseho da cidade resumen: la \u00e9tica en las profesiones que participan en la ciudad &#8211; forma un tema complejo y por veces enga\u00f1oso. Esta tesis se centra en su an\u00e1lisis, con tres objetivos principales: primero lo de formular una pregunta &#8211; sobre la crisis de los paradigmas profesionales dominantes en el contexto actual de las mutaciones, tanto urbanas como profesionales, cuyas contradicciones y dilemas evidencian debilidades de la identidad profesional en los \u00e1mbitos del dise\u00f1o; a continuaci\u00f3n, como transformar la cuesti\u00f3n en un problema te\u00f3rico, centrando la fundaci\u00f3n de la \u00e9tica profesional en la responsabilidad y la convicci\u00f3n, en un contexto de competitividad y internacionalizaci\u00f3n de la pr\u00e1ctica profesional; por \u00faltimo, como formular el producto final de la tesis, como un nuevo modelo de interdisciplinariedad, alternativo al conocimiento y la pr\u00e1ctica de especializaci\u00f3n. La tesis incorpora como un \u00ablibro 2o\u00bb, el resultado de un proyecto de investigaci\u00f3n anterior realizado en 2003 &#8211; el estudio de caso de la profesi\u00f3n de arquitecto &#8211; la historia, el an\u00e1lisis de la regulaci\u00f3n de la profesi\u00f3n en europa, la introducci\u00f3n cr\u00edtica a los paradigmas proteccionistas. en la tesis se derivaron tres metodolog\u00edas, la evaluaci\u00f3n, la teor\u00eda, el debate: &#8211; evaluaci\u00f3n &#8211; el dise\u00f1o de las responsabilidades profesionales se examina frente al contexto social: al intervenir en la forma urbana la construcci\u00f3n de la identidad profesional ya no se considera como un paradigma o un modelo \u00fanico, pero a trav\u00e9s de: a) las estructuras productivas y las funciones de la forma urbana, b) el sistema de responsabilidad y la regulaci\u00f3n, c) la legibilidad cultural del profesionalismo y las misiones profesionales; &#8211; el discurso te\u00f3rico, se centra en el \u00abdescubrimiento\u00bb de una \u00e9tica del urbano (la matriz del espacio p\u00fablico), y de la interdisciplinariedad (la pr\u00e1ctica reflexiva). El concepto central aqu\u00ed es la interactividad profesional, entendida como l\u00f3gica de cooperaci\u00f3n, integraci\u00f3n del conocimiento, y apertura al \u00abotro\u00bb. Es decir, el discurso del dise\u00f1o ya no tendr\u00e1 su punto de partida en el autor en s\u00ed mismo (\u00absolipsismo\u00bb art\u00edstico), sino en el destinatario (dise\u00f1o alterocentrado), un \u00abdar forma\u00bb, que comienza antes del autor y termina despu\u00e9s de \u00e9l, en reuni\u00f3n con la vida, que lo transforma; &#8211; en el debate, tercera etapa metodol\u00f3gica, se hace la cr\u00edtica del paradigma historicista de las creencias sobre la forma urbana (el valor de moralizaci\u00f3n dado a las representaciones del pasado o del futuro). El emergente tema del dise\u00f1o en la \u00abciudad ampliada\u00bb (amplia, difusa, gen\u00e9rica&#8230;) Se coloca en el punto central de la discusi\u00f3n &#8211; la \u00abbase de la urbanidad\u00bb y las condiciones \u00e9ticas para proponer una \u00abcausa de periferia\u00bb. despu\u00e9s de un panorama de las distintas aproximaciones disciplinares, se hacen algunas propuestas espec\u00edficas para los contenidos y metodolog\u00edas de fomento de la interdisciplinariedad. La diversificaci\u00f3n del saber y de la pr\u00e1ctica profesional, requiere una flexibilidad adicional de los profesionales y una formaci\u00f3n para la apertura a la interdisciplinariedad. \u00abLa ciudad no es tema para una sola profesi\u00f3n pero ninguna se disminuye en la colaboraci\u00f3n\u00bb<\/p>\n<p>&nbsp;<\/p>\n<h3>Datos acad\u00e9micos de la tesis doctoral \u00ab<strong>\u00e9tica e profiss\u00c1\u00b4es, no design urbano. convic\u00c1\u00a7\u00c1\u00a2o, responsabilidade e interdisciplinariedade. tra\u00c1\u00a7os da identidade profissional no deseho da cidade.<\/strong>\u00ab<\/h3>\n<ul>\n<li><strong>T\u00edtulo de la tesis:<\/strong>\u00a0 \u00e9tica e profiss\u00c1\u00b4es, no design urbano. convic\u00c1\u00a7\u00c1\u00a2o, responsabilidade e interdisciplinariedade. tra\u00c1\u00a7os da identidade profissional no deseho da cidade. <\/li>\n<li><strong>Autor:<\/strong>\u00a0 Pedro Filipe Pinheiro De Serpa Brandao <\/li>\n<li><strong>Universidad:<\/strong>\u00a0 Barcelona<\/li>\n<li><strong>Fecha de lectura de la tesis:<\/strong>\u00a0 01\/07\/2005<\/li>\n<\/ul>\n<p>&nbsp;<\/p>\n<h3>Direcci\u00f3n y tribunal<\/h3>\n<ul>\n<li><strong>Director de la tesis<\/strong>\n<ul>\n<li>Antoni Remesar Betlloch<\/li>\n<\/ul>\n<\/li>\n<li><strong>Tribunal<\/strong>\n<ul>\n<li>Presidente del tribunal: horacio Capel saez <\/li>\n<li>nuno Portas (vocal)<\/li>\n<li>Jos\u00e9 Mar\u00eda Montaner martorell (vocal)<\/li>\n<li>jaume Ros vallverd\u00fa (vocal)<\/li>\n<\/ul>\n<\/li>\n<\/ul>\n<p>&nbsp;<\/p>\n","protected":false},"excerpt":{"rendered":"<p>Tesis doctoral de Pedro Filipe Pinheiro De Serpa Brandao T\u00edtulo de la tesis: \u00e9tica e profiss\u00f3es, no design urbano. Convicc\u00e1o, [&hellip;]<\/p>\n","protected":false},"author":1,"featured_media":0,"comment_status":"open","ping_status":"open","sticky":false,"template":"","format":"standard","meta":{"site-sidebar-layout":"default","site-content-layout":"","ast-site-content-layout":"","site-content-style":"default","site-sidebar-style":"default","ast-global-header-display":"","ast-banner-title-visibility":"","ast-main-header-display":"","ast-hfb-above-header-display":"","ast-hfb-below-header-display":"","ast-hfb-mobile-header-display":"","site-post-title":"","ast-breadcrumbs-content":"","ast-featured-img":"","footer-sml-layout":"","theme-transparent-header-meta":"","adv-header-id-meta":"","stick-header-meta":"","header-above-stick-meta":"","header-main-stick-meta":"","header-below-stick-meta":"","astra-migrate-meta-layouts":"default","ast-page-background-enabled":"default","ast-page-background-meta":{"desktop":{"background-color":"var(--ast-global-color-4)","background-image":"","background-repeat":"repeat","background-position":"center center","background-size":"auto","background-attachment":"scroll","background-type":"","background-media":"","overlay-type":"","overlay-color":"","overlay-gradient":""},"tablet":{"background-color":"","background-image":"","background-repeat":"repeat","background-position":"center center","background-size":"auto","background-attachment":"scroll","background-type":"","background-media":"","overlay-type":"","overlay-color":"","overlay-gradient":""},"mobile":{"background-color":"","background-image":"","background-repeat":"repeat","background-position":"center center","background-size":"auto","background-attachment":"scroll","background-type":"","background-media":"","overlay-type":"","overlay-color":"","overlay-gradient":""}},"ast-content-background-meta":{"desktop":{"background-color":"var(--ast-global-color-5)","background-image":"","background-repeat":"repeat","background-position":"center center","background-size":"auto","background-attachment":"scroll","background-type":"","background-media":"","overlay-type":"","overlay-color":"","overlay-gradient":""},"tablet":{"background-color":"var(--ast-global-color-5)","background-image":"","background-repeat":"repeat","background-position":"center center","background-size":"auto","background-attachment":"scroll","background-type":"","background-media":"","overlay-type":"","overlay-color":"","overlay-gradient":""},"mobile":{"background-color":"var(--ast-global-color-5)","background-image":"","background-repeat":"repeat","background-position":"center center","background-size":"auto","background-attachment":"scroll","background-type":"","background-media":"","overlay-type":"","overlay-color":"","overlay-gradient":""}},"footnotes":""},"categories":[951,1745,5371],"tags":[28049,1404,88407,15725,16274,162854],"class_list":["post-75305","post","type-post","status-publish","format-standard","hentry","category-barcelona","category-historia-de-la-arquitectura","category-urbanismo","tag-antoni-remesar-betlloch","tag-horacio-capel-saez","tag-jaume-ros-vallverdu","tag-jose-maria-montaner-martorell","tag-nuno-portas","tag-pedro-filipe-pinheiro-de-serpa-brandao"],"_links":{"self":[{"href":"https:\/\/www.deberes.net\/tesis\/wp-json\/wp\/v2\/posts\/75305","targetHints":{"allow":["GET"]}}],"collection":[{"href":"https:\/\/www.deberes.net\/tesis\/wp-json\/wp\/v2\/posts"}],"about":[{"href":"https:\/\/www.deberes.net\/tesis\/wp-json\/wp\/v2\/types\/post"}],"author":[{"embeddable":true,"href":"https:\/\/www.deberes.net\/tesis\/wp-json\/wp\/v2\/users\/1"}],"replies":[{"embeddable":true,"href":"https:\/\/www.deberes.net\/tesis\/wp-json\/wp\/v2\/comments?post=75305"}],"version-history":[{"count":0,"href":"https:\/\/www.deberes.net\/tesis\/wp-json\/wp\/v2\/posts\/75305\/revisions"}],"wp:attachment":[{"href":"https:\/\/www.deberes.net\/tesis\/wp-json\/wp\/v2\/media?parent=75305"}],"wp:term":[{"taxonomy":"category","embeddable":true,"href":"https:\/\/www.deberes.net\/tesis\/wp-json\/wp\/v2\/categories?post=75305"},{"taxonomy":"post_tag","embeddable":true,"href":"https:\/\/www.deberes.net\/tesis\/wp-json\/wp\/v2\/tags?post=75305"}],"curies":[{"name":"wp","href":"https:\/\/api.w.org\/{rel}","templated":true}]}}