{"id":75309,"date":"2005-01-07T00:00:00","date_gmt":"2005-01-07T00:00:00","guid":{"rendered":"https:\/\/www.deberes.net\/tesis\/sin-categoria\/estudio-del-grado-de-adaptacion-y-satisfaccion-conyugal-en-pacientes-deprimidos\/"},"modified":"2005-01-07T00:00:00","modified_gmt":"2005-01-07T00:00:00","slug":"estudio-del-grado-de-adaptacion-y-satisfaccion-conyugal-en-pacientes-deprimidos","status":"publish","type":"post","link":"https:\/\/www.deberes.net\/tesis\/psicologia-clinica\/estudio-del-grado-de-adaptacion-y-satisfaccion-conyugal-en-pacientes-deprimidos\/","title":{"rendered":"Estudio del grado de adaptaci\u00f3n y satisfacci\u00f3n conyugal en pacientes deprimidos"},"content":{"rendered":"<h2>Tesis doctoral de <strong> Jaime Aitor Moya Querejeta <\/strong><\/h2>\n<p>Titulo: estudio del grado de adaptaci\u00f3n y satisfacci\u00f3n conyugal en pacientes deprimidos  resumen: la asociaci\u00f3n entre los trastornos depresivos y las dificultades conyugales es un tema de gran inter\u00e9s e importancia en nuestra sociedad. Realizamos un estudio longitudinal prospectivo con un seguimiento a seis meses de 131 matrimonios espa\u00f1oles. De estos 131 matrimonios, 71 inclu\u00edan un c\u00f3nyuge diagnosticado de un primer episodio depresivo mayor por un m\u00e9dico especialista en psiquiatr\u00eda, mediante la entrevista semiestructurada scid-i de la clasificaci\u00f3n dsm-iv, y los 60 matrimonios restantes inclu\u00edan dos c\u00f3nyuges sanos. Todos los matrimonios estaban constituidos por c\u00f3nyuges con edades comprendidas entre los 18 y los 65 a\u00f1os, no presentaban comorbilidad org\u00e1nica significativa y conviv\u00edan en el mismo domicilio desde hacia como m\u00ednimo dos a\u00f1os. El grado de adaptaci\u00f3n y satisfacci\u00f3n conyugal fue valorado mediante la escala de ajuste di\u00e1dico (das) y el cuestionario de \u00e1reas de cambio (acq)% la sintomatolog\u00eda depresiva por medio de la escala de hamilton para la depresi\u00f3n y los rasgos de la personalidad con la escala neo-ffi. Observamos que los matrimonios con un c\u00f3nyuge deprimido mostraban un menor grado de satisfacci\u00f3n y adaptaci\u00f3n conyugal y un mayor deseo de modificar aspectos de su relaci\u00f3n conyugal que los matrimonios sin ning\u00fan c\u00f3nyuge deprimido, tanto al inicio del episodio depresivo como seis meses m\u00e1s tarde. Asimismo, comprobamos que en el momento del diagn\u00f3stico del episodio depresivo mayor exist\u00edan diferencias en el grado de adaptaci\u00f3n y satisfacci\u00f3n conyugal entre el paciente deprimido y su c\u00f3nyuge, vi\u00e9ndose afectado el estado de \u00e1nimo de este \u00faltimo en la mayor\u00eda de casos con el paso del tiempo. Por otra parte, la probabilidad de que un c\u00f3nyuge afectado por un primer episodio depresivo mayor evolucionase de forma favorable pareci\u00f3 aumentar con el grado de adaptaci\u00f3n y satisfacci\u00f3n conyugal en el momento del diagn\u00f3stico, independientemente de la gravedad del episodio, aunque en los casos en los que el c\u00f3nyuge deprimido no evolucionaba de manera adecuada, se observ\u00f3 que su relaci\u00f3n conyugal empeoraba en comparaci\u00f3n a los matrimonios sin ning\u00fan c\u00f3nyuge deprimido. Adem\u00e1s, el factor de personalidad del c\u00f3nyuge deprimido m\u00e1s relacionado con el grado de adaptaci\u00f3n y satisfacci\u00f3n conyugal fue el \u00abneuroticismo\u00bb, si bien los factores \u00abextroversi\u00f3n\u00bb, \u00abapertura\u00bb y \u00abresponsabilidad\u00bb fueron los que m\u00e1s se correlacionaron con la satisfacci\u00f3n conyugal en los matrimonios con un c\u00f3nyuge deprimido que no evolucion\u00f3 de forma favorable. Finalmente observamos que las mujeres casadas deprimidas de mayor edad, con \u00edndices elevados del factor \u00abneuroticismo\u00bb y con puntuaciones altas de la escala de hamilton para la depresi\u00f3n al inicio del episodio, se asociaron a una evoluci\u00f3n peor del cuadro depresivo<\/p>\n<p>&nbsp;<\/p>\n<h3>Datos acad\u00e9micos de la tesis doctoral \u00ab<strong>Estudio del grado de adaptaci\u00f3n y satisfacci\u00f3n conyugal en pacientes deprimidos<\/strong>\u00ab<\/h3>\n<ul>\n<li><strong>T\u00edtulo de la tesis:<\/strong>\u00a0 Estudio del grado de adaptaci\u00f3n y satisfacci\u00f3n conyugal en pacientes deprimidos <\/li>\n<li><strong>Autor:<\/strong>\u00a0 Jaime Aitor Moya Querejeta <\/li>\n<li><strong>Universidad:<\/strong>\u00a0 Navarra<\/li>\n<li><strong>Fecha de lectura de la tesis:<\/strong>\u00a0 01\/07\/2005<\/li>\n<\/ul>\n<p>&nbsp;<\/p>\n<h3>Direcci\u00f3n y tribunal<\/h3>\n<ul>\n<li><strong>Director de la tesis<\/strong>\n<ul>\n<li>Adrian Cano Prous<\/li>\n<\/ul>\n<\/li>\n<li><strong>Tribunal<\/strong>\n<ul>\n<li>Presidente del tribunal: salvador Cervera enguix <\/li>\n<li>Miguel Roca bennasar (vocal)<\/li>\n<li>julio Vallejo ruiloba (vocal)<\/li>\n<li>Javier Escriv\u00e1 ivars (vocal)<\/li>\n<\/ul>\n<\/li>\n<\/ul>\n<p>&nbsp;<\/p>\n","protected":false},"excerpt":{"rendered":"<p>Tesis doctoral de Jaime Aitor Moya Querejeta Titulo: estudio del grado de adaptaci\u00f3n y satisfacci\u00f3n conyugal en pacientes deprimidos resumen: [&hellip;]<\/p>\n","protected":false},"author":1,"featured_media":0,"comment_status":"open","ping_status":"open","sticky":false,"template":"","format":"standard","meta":{"site-sidebar-layout":"default","site-content-layout":"","ast-site-content-layout":"","site-content-style":"default","site-sidebar-style":"default","ast-global-header-display":"","ast-banner-title-visibility":"","ast-main-header-display":"","ast-hfb-above-header-display":"","ast-hfb-below-header-display":"","ast-hfb-mobile-header-display":"","site-post-title":"","ast-breadcrumbs-content":"","ast-featured-img":"","footer-sml-layout":"","theme-transparent-header-meta":"","adv-header-id-meta":"","stick-header-meta":"","header-above-stick-meta":"","header-main-stick-meta":"","header-below-stick-meta":"","astra-migrate-meta-layouts":"default","ast-page-background-enabled":"default","ast-page-background-meta":{"desktop":{"background-color":"var(--ast-global-color-4)","background-image":"","background-repeat":"repeat","background-position":"center center","background-size":"auto","background-attachment":"scroll","background-type":"","background-media":"","overlay-type":"","overlay-color":"","overlay-gradient":""},"tablet":{"background-color":"","background-image":"","background-repeat":"repeat","background-position":"center center","background-size":"auto","background-attachment":"scroll","background-type":"","background-media":"","overlay-type":"","overlay-color":"","overlay-gradient":""},"mobile":{"background-color":"","background-image":"","background-repeat":"repeat","background-position":"center center","background-size":"auto","background-attachment":"scroll","background-type":"","background-media":"","overlay-type":"","overlay-color":"","overlay-gradient":""}},"ast-content-background-meta":{"desktop":{"background-color":"var(--ast-global-color-5)","background-image":"","background-repeat":"repeat","background-position":"center center","background-size":"auto","background-attachment":"scroll","background-type":"","background-media":"","overlay-type":"","overlay-color":"","overlay-gradient":""},"tablet":{"background-color":"var(--ast-global-color-5)","background-image":"","background-repeat":"repeat","background-position":"center center","background-size":"auto","background-attachment":"scroll","background-type":"","background-media":"","overlay-type":"","overlay-color":"","overlay-gradient":""},"mobile":{"background-color":"var(--ast-global-color-5)","background-image":"","background-repeat":"repeat","background-position":"center center","background-size":"auto","background-attachment":"scroll","background-type":"","background-media":"","overlay-type":"","overlay-color":"","overlay-gradient":""}},"footnotes":""},"categories":[17749,487],"tags":[55641,162859,32319,20012,6502,1410],"class_list":["post-75309","post","type-post","status-publish","format-standard","hentry","category-navarra","category-psicologia-clinica","tag-adrian-cano-prous","tag-jaime-aitor-moya-querejeta","tag-javier-escriva-ivars","tag-julio-vallejo-ruiloba","tag-miguel-roca-bennasar","tag-salvador-cervera-enguix"],"_links":{"self":[{"href":"https:\/\/www.deberes.net\/tesis\/wp-json\/wp\/v2\/posts\/75309","targetHints":{"allow":["GET"]}}],"collection":[{"href":"https:\/\/www.deberes.net\/tesis\/wp-json\/wp\/v2\/posts"}],"about":[{"href":"https:\/\/www.deberes.net\/tesis\/wp-json\/wp\/v2\/types\/post"}],"author":[{"embeddable":true,"href":"https:\/\/www.deberes.net\/tesis\/wp-json\/wp\/v2\/users\/1"}],"replies":[{"embeddable":true,"href":"https:\/\/www.deberes.net\/tesis\/wp-json\/wp\/v2\/comments?post=75309"}],"version-history":[{"count":0,"href":"https:\/\/www.deberes.net\/tesis\/wp-json\/wp\/v2\/posts\/75309\/revisions"}],"wp:attachment":[{"href":"https:\/\/www.deberes.net\/tesis\/wp-json\/wp\/v2\/media?parent=75309"}],"wp:term":[{"taxonomy":"category","embeddable":true,"href":"https:\/\/www.deberes.net\/tesis\/wp-json\/wp\/v2\/categories?post=75309"},{"taxonomy":"post_tag","embeddable":true,"href":"https:\/\/www.deberes.net\/tesis\/wp-json\/wp\/v2\/tags?post=75309"}],"curies":[{"name":"wp","href":"https:\/\/api.w.org\/{rel}","templated":true}]}}