{"id":75311,"date":"2005-02-07T00:00:00","date_gmt":"2005-02-07T00:00:00","guid":{"rendered":"https:\/\/www.deberes.net\/tesis\/sin-categoria\/la-contratacion-internacional-por-via-electronica-con-participacion-de-consumidores\/"},"modified":"2005-02-07T00:00:00","modified_gmt":"2005-02-07T00:00:00","slug":"la-contratacion-internacional-por-via-electronica-con-participacion-de-consumidores","status":"publish","type":"post","link":"https:\/\/www.deberes.net\/tesis\/ciencias-juridicas-y-derecho\/la-contratacion-internacional-por-via-electronica-con-participacion-de-consumidores\/","title":{"rendered":"La contrataci\u00f3n internacional por via electronica con participaci\u00f3n de consumidores."},"content":{"rendered":"<h2>Tesis doctoral de <strong>  Feliu Alvarez De Sotomayor Silvia <\/strong><\/h2>\n<p>El an\u00e1lisis de las fuentes de origen interno, convencional y comunitario susceptibles de determinar de competencia judicial internacional y la ley aplicable a la contrataci\u00f3n internacional celebrada por v\u00eda electr\u00f3nica con participaci\u00f3n de consumidores , deja una clara evidencia de que tales fuentes jur\u00eddicas no siempre resultan adecuadas para ser aplicadas en el contexto de internet. Por ello, la tesis doctoral explora igualmente los diferentes m\u00e9todos alternativos de resoluci\u00f3n de conflictos as\u00ed como de autorregulaci\u00f3n que puedan resultar m\u00e1s adecuados a los peculiares caracteres de internet. El an\u00e1lisis econ\u00f3mico del derecho as\u00ed como la ponderaci\u00f3n de los intereses presentes enla contrataci\u00f3n internacional por v\u00eda electr\u00f3nica aportan datos decisivos para enterder cu\u00e1l es la soluci\u00f3n m\u00e1s eficiente en el contexto de internet.<\/p>\n<p>&nbsp;<\/p>\n<h3>Datos acad\u00e9micos de la tesis doctoral \u00ab<strong>La contrataci\u00f3n internacional por via electronica con participaci\u00f3n de consumidores.<\/strong>\u00ab<\/h3>\n<ul>\n<li><strong>T\u00edtulo de la tesis:<\/strong>\u00a0 La contrataci\u00f3n internacional por via electronica con participaci\u00f3n de consumidores. <\/li>\n<li><strong>Autor:<\/strong>\u00a0  Feliu Alvarez De Sotomayor Silvia <\/li>\n<li><strong>Universidad:<\/strong>\u00a0 Illes balears<\/li>\n<li><strong>Fecha de lectura de la tesis:<\/strong>\u00a0 02\/07\/2005<\/li>\n<\/ul>\n<p>&nbsp;<\/p>\n<h3>Direcci\u00f3n y tribunal<\/h3>\n<ul>\n<li><strong>Director de la tesis<\/strong>\n<ul>\n<li>Lu\u00eds Garau Juan eda<\/li>\n<\/ul>\n<\/li>\n<li><strong>Tribunal<\/strong>\n<ul>\n<li>Presidente del tribunal: alfonso Luis Calvo caravaca <\/li>\n<li>Santiago Cavanillas mugica (vocal)<\/li>\n<li>nuria Bouza vidal (vocal)<\/li>\n<li>Manuel Desantes real (vocal)<\/li>\n<\/ul>\n<\/li>\n<\/ul>\n<p>&nbsp;<\/p>\n","protected":false},"excerpt":{"rendered":"<p>Tesis doctoral de Feliu Alvarez De Sotomayor Silvia El an\u00e1lisis de las fuentes de origen interno, convencional y comunitario susceptibles [&hellip;]<\/p>\n","protected":false},"author":1,"featured_media":0,"comment_status":"open","ping_status":"open","sticky":false,"template":"","format":"standard","meta":{"site-sidebar-layout":"default","site-content-layout":"","ast-site-content-layout":"","site-content-style":"default","site-sidebar-style":"default","ast-global-header-display":"","ast-banner-title-visibility":"","ast-main-header-display":"","ast-hfb-above-header-display":"","ast-hfb-below-header-display":"","ast-hfb-mobile-header-display":"","site-post-title":"","ast-breadcrumbs-content":"","ast-featured-img":"","footer-sml-layout":"","theme-transparent-header-meta":"","adv-header-id-meta":"","stick-header-meta":"","header-above-stick-meta":"","header-main-stick-meta":"","header-below-stick-meta":"","astra-migrate-meta-layouts":"default","ast-page-background-enabled":"default","ast-page-background-meta":{"desktop":{"background-color":"var(--ast-global-color-4)","background-image":"","background-repeat":"repeat","background-position":"center center","background-size":"auto","background-attachment":"scroll","background-type":"","background-media":"","overlay-type":"","overlay-color":"","overlay-gradient":""},"tablet":{"background-color":"","background-image":"","background-repeat":"repeat","background-position":"center center","background-size":"auto","background-attachment":"scroll","background-type":"","background-media":"","overlay-type":"","overlay-color":"","overlay-gradient":""},"mobile":{"background-color":"","background-image":"","background-repeat":"repeat","background-position":"center center","background-size":"auto","background-attachment":"scroll","background-type":"","background-media":"","overlay-type":"","overlay-color":"","overlay-gradient":""}},"ast-content-background-meta":{"desktop":{"background-color":"var(--ast-global-color-5)","background-image":"","background-repeat":"repeat","background-position":"center center","background-size":"auto","background-attachment":"scroll","background-type":"","background-media":"","overlay-type":"","overlay-color":"","overlay-gradient":""},"tablet":{"background-color":"var(--ast-global-color-5)","background-image":"","background-repeat":"repeat","background-position":"center center","background-size":"auto","background-attachment":"scroll","background-type":"","background-media":"","overlay-type":"","overlay-color":"","overlay-gradient":""},"mobile":{"background-color":"var(--ast-global-color-5)","background-image":"","background-repeat":"repeat","background-position":"center center","background-size":"auto","background-attachment":"scroll","background-type":"","background-media":"","overlay-type":"","overlay-color":"","overlay-gradient":""}},"footnotes":""},"categories":[612,1211,6575,19034],"tags":[6579,162860,44757,19414,20439,23086],"class_list":["post-75311","post","type-post","status-publish","format-standard","hentry","category-ciencias-juridicas-y-derecho","category-derecho-internacional","category-derecho-internacional-privado","category-illes-balears","tag-alfonso-luis-calvo-caravaca","tag-feliu-alvarez-de-sotomayor-silvia","tag-luis-garau-juan-eda","tag-manuel-desantes-real","tag-nuria-bouza-vidal","tag-santiago-cavanillas-mugica"],"_links":{"self":[{"href":"https:\/\/www.deberes.net\/tesis\/wp-json\/wp\/v2\/posts\/75311","targetHints":{"allow":["GET"]}}],"collection":[{"href":"https:\/\/www.deberes.net\/tesis\/wp-json\/wp\/v2\/posts"}],"about":[{"href":"https:\/\/www.deberes.net\/tesis\/wp-json\/wp\/v2\/types\/post"}],"author":[{"embeddable":true,"href":"https:\/\/www.deberes.net\/tesis\/wp-json\/wp\/v2\/users\/1"}],"replies":[{"embeddable":true,"href":"https:\/\/www.deberes.net\/tesis\/wp-json\/wp\/v2\/comments?post=75311"}],"version-history":[{"count":0,"href":"https:\/\/www.deberes.net\/tesis\/wp-json\/wp\/v2\/posts\/75311\/revisions"}],"wp:attachment":[{"href":"https:\/\/www.deberes.net\/tesis\/wp-json\/wp\/v2\/media?parent=75311"}],"wp:term":[{"taxonomy":"category","embeddable":true,"href":"https:\/\/www.deberes.net\/tesis\/wp-json\/wp\/v2\/categories?post=75311"},{"taxonomy":"post_tag","embeddable":true,"href":"https:\/\/www.deberes.net\/tesis\/wp-json\/wp\/v2\/tags?post=75311"}],"curies":[{"name":"wp","href":"https:\/\/api.w.org\/{rel}","templated":true}]}}