{"id":75314,"date":"2005-02-07T00:00:00","date_gmt":"2005-02-07T00:00:00","guid":{"rendered":"https:\/\/www.deberes.net\/tesis\/sin-categoria\/vanguardia-revolucion-y-exilio-la-poesa%c2%ada-de-arturo-serrano-plaja-1929-1945\/"},"modified":"2005-02-07T00:00:00","modified_gmt":"2005-02-07T00:00:00","slug":"vanguardia-revolucion-y-exilio-la-poesa%c2%ada-de-arturo-serrano-plaja-1929-1945","status":"publish","type":"post","link":"https:\/\/www.deberes.net\/tesis\/historia\/vanguardia-revolucion-y-exilio-la-poesa%c2%ada-de-arturo-serrano-plaja-1929-1945\/","title":{"rendered":"Vanguardia, revoluci\u00f3n y exilio: la poes\u00edade arturo serrano plaja (1929-1945)"},"content":{"rendered":"<h2>Tesis doctoral de <strong> Jos\u00e9 Ram\u00f3n L\u00f3pez Garc\u00eda <\/strong><\/h2>\n<p>La tesis, analiza la biograf\u00eda y la obra del poeta, narrador, ensayista y profesor arturo serrano plaja (san lorenzo de el escorial, 1909-santa barbara, california, 1978) durante el periodo comprendido entre 1929, a\u00f1o de sus primeras colaboraciones literarias, y 1945, momento en que regresa de su exilio en buenos aires a par\u00eds tras el fin de la segunda guerra mundial. este arco temporal traza un segmento caracterizado por la firme creencia en la posibilidad de una aplicaci\u00f3n efectiva, en lo pol\u00edtico, lo social y lo art\u00edstico, de las cuestiones defendidas en su compromiso revolucionario, tanto en lo \u00e9tico como en los est\u00e9tico. Dicho periodo se analiza atendiendo a los tres ejes que se mencionan en el t\u00edtulo: en primer lugar, la inserci\u00f3n de los c\u00edrculos vanguardistas, el aprendizaje de sus procedimientos y la labor cr\u00edtica y literarias desempe\u00f1ada en ellos; en segundo lugar, la progresi\u00f3n desde las vanguardias est\u00e9ticas a las pol\u00edticas, su implicaci\u00f3n en los principales grupos y plataformas revolucionarios espa\u00f1oles, su participaci\u00f3n y organizaci\u00f3n de reuniones intelectuales internacionales -el i y ii congresos de escritores para la defensa de la cultura, celebrados en par\u00eds (1935) y en Madrid-Valencia-barcelona (1937)- y su labor cultural y militar durante la guerra civil espa\u00f1ola; en tercer y \u00faltimo lugar, el inicio de su exilio como consecuencia de su trayectoria pol\u00edtica e intelectual anterior, centrado en sus estancias en poitiers y par\u00eds (tras su internamiento en el campo de concentraci\u00f3n de saint cyprien), santiago de chile y buenos aires. En los tres casos, se ha contextualizado la actividad de arturo serrano plaja poni\u00e9ndola en relaci\u00f3n con los artistas e intelectuales m\u00e1s afines a sus pareceres y con aquellos que m\u00e1s decisivamente influyeron en su obra y su biograf\u00eda (juan ram\u00f3n jim\u00e9nez, mar\u00eda zambrano, pablo neruda, c\u00e9sar vallejo, rafael dieste, antonio s\u00e1nchez barburo, juan gil-albert, enrique a<\/p>\n<p>&nbsp;<\/p>\n<h3>Datos acad\u00e9micos de la tesis doctoral \u00ab<strong>Vanguardia, revoluci\u00f3n y exilio: la poes\u00edade arturo serrano plaja (1929-1945)<\/strong>\u00ab<\/h3>\n<ul>\n<li><strong>T\u00edtulo de la tesis:<\/strong>\u00a0 Vanguardia, revoluci\u00f3n y exilio: la poes\u00edade arturo serrano plaja (1929-1945) <\/li>\n<li><strong>Autor:<\/strong>\u00a0 Jos\u00e9 Ram\u00f3n L\u00f3pez Garc\u00eda <\/li>\n<li><strong>Universidad:<\/strong>\u00a0 Aut\u00f3noma de barcelona<\/li>\n<li><strong>Fecha de lectura de la tesis:<\/strong>\u00a0 02\/07\/2005<\/li>\n<\/ul>\n<p>&nbsp;<\/p>\n<h3>Direcci\u00f3n y tribunal<\/h3>\n<ul>\n<li><strong>Director de la tesis<\/strong>\n<ul>\n<li>Manuel Aznar Soler<\/li>\n<\/ul>\n<\/li>\n<li><strong>Tribunal<\/strong>\n<ul>\n<li>Presidente del tribunal: sergio Beser orti <\/li>\n<li>Francisco Caudet roca (vocal)<\/li>\n<li>serge Sala\u00ed\u00bcn (vocal)<\/li>\n<li> Gonz\u00e1lez de garay Mar\u00eda teresa (vocal)<\/li>\n<\/ul>\n<\/li>\n<\/ul>\n<p>&nbsp;<\/p>\n","protected":false},"excerpt":{"rendered":"<p>Tesis doctoral de Jos\u00e9 Ram\u00f3n L\u00f3pez Garc\u00eda La tesis, analiza la biograf\u00eda y la obra del poeta, narrador, ensayista y [&hellip;]<\/p>\n","protected":false},"author":1,"featured_media":0,"comment_status":"open","ping_status":"open","sticky":false,"template":"","format":"standard","meta":{"site-sidebar-layout":"default","site-content-layout":"","ast-site-content-layout":"","site-content-style":"default","site-sidebar-style":"default","ast-global-header-display":"","ast-banner-title-visibility":"","ast-main-header-display":"","ast-hfb-above-header-display":"","ast-hfb-below-header-display":"","ast-hfb-mobile-header-display":"","site-post-title":"","ast-breadcrumbs-content":"","ast-featured-img":"","footer-sml-layout":"","theme-transparent-header-meta":"","adv-header-id-meta":"","stick-header-meta":"","header-above-stick-meta":"","header-main-stick-meta":"","header-below-stick-meta":"","astra-migrate-meta-layouts":"default","ast-page-background-enabled":"default","ast-page-background-meta":{"desktop":{"background-color":"var(--ast-global-color-4)","background-image":"","background-repeat":"repeat","background-position":"center center","background-size":"auto","background-attachment":"scroll","background-type":"","background-media":"","overlay-type":"","overlay-color":"","overlay-gradient":""},"tablet":{"background-color":"","background-image":"","background-repeat":"repeat","background-position":"center center","background-size":"auto","background-attachment":"scroll","background-type":"","background-media":"","overlay-type":"","overlay-color":"","overlay-gradient":""},"mobile":{"background-color":"","background-image":"","background-repeat":"repeat","background-position":"center center","background-size":"auto","background-attachment":"scroll","background-type":"","background-media":"","overlay-type":"","overlay-color":"","overlay-gradient":""}},"ast-content-background-meta":{"desktop":{"background-color":"var(--ast-global-color-5)","background-image":"","background-repeat":"repeat","background-position":"center center","background-size":"auto","background-attachment":"scroll","background-type":"","background-media":"","overlay-type":"","overlay-color":"","overlay-gradient":""},"tablet":{"background-color":"var(--ast-global-color-5)","background-image":"","background-repeat":"repeat","background-position":"center center","background-size":"auto","background-attachment":"scroll","background-type":"","background-media":"","overlay-type":"","overlay-color":"","overlay-gradient":""},"mobile":{"background-color":"var(--ast-global-color-5)","background-image":"","background-repeat":"repeat","background-position":"center center","background-size":"auto","background-attachment":"scroll","background-type":"","background-media":"","overlay-type":"","overlay-color":"","overlay-gradient":""}},"footnotes":""},"categories":[1624,2142,104,713,222],"tags":[6825,151085,162865,13642,61144,1115],"class_list":["post-75314","post","type-post","status-publish","format-standard","hentry","category-ciencias-auxiliares-de-la-historia","category-filologia","category-historia","category-historia-de-la-literatura","category-historias-especializadas","tag-francisco-caudet-roca","tag-gonzalez-de-garay-maria-teresa","tag-jose-ramon-lopez-garcia","tag-manuel-aznar-soler","tag-serge-salain","tag-sergio-beser-orti"],"_links":{"self":[{"href":"https:\/\/www.deberes.net\/tesis\/wp-json\/wp\/v2\/posts\/75314","targetHints":{"allow":["GET"]}}],"collection":[{"href":"https:\/\/www.deberes.net\/tesis\/wp-json\/wp\/v2\/posts"}],"about":[{"href":"https:\/\/www.deberes.net\/tesis\/wp-json\/wp\/v2\/types\/post"}],"author":[{"embeddable":true,"href":"https:\/\/www.deberes.net\/tesis\/wp-json\/wp\/v2\/users\/1"}],"replies":[{"embeddable":true,"href":"https:\/\/www.deberes.net\/tesis\/wp-json\/wp\/v2\/comments?post=75314"}],"version-history":[{"count":0,"href":"https:\/\/www.deberes.net\/tesis\/wp-json\/wp\/v2\/posts\/75314\/revisions"}],"wp:attachment":[{"href":"https:\/\/www.deberes.net\/tesis\/wp-json\/wp\/v2\/media?parent=75314"}],"wp:term":[{"taxonomy":"category","embeddable":true,"href":"https:\/\/www.deberes.net\/tesis\/wp-json\/wp\/v2\/categories?post=75314"},{"taxonomy":"post_tag","embeddable":true,"href":"https:\/\/www.deberes.net\/tesis\/wp-json\/wp\/v2\/tags?post=75314"}],"curies":[{"name":"wp","href":"https:\/\/api.w.org\/{rel}","templated":true}]}}