{"id":75325,"date":"2005-04-07T00:00:00","date_gmt":"2005-04-07T00:00:00","guid":{"rendered":"https:\/\/www.deberes.net\/tesis\/sin-categoria\/el-regimen-jura%c2%addico-administrativo-del-servicio-municipal-de-mercado-minorista\/"},"modified":"2005-04-07T00:00:00","modified_gmt":"2005-04-07T00:00:00","slug":"el-regimen-jura%c2%addico-administrativo-del-servicio-municipal-de-mercado-minorista","status":"publish","type":"post","link":"https:\/\/www.deberes.net\/tesis\/ciencias-juridicas-y-derecho\/el-regimen-jura%c2%addico-administrativo-del-servicio-municipal-de-mercado-minorista\/","title":{"rendered":"El r\u00e9gimen jur\u00eddico administrativo del servicio municipal de mercado minorista"},"content":{"rendered":"<h2>Tesis doctoral de <strong> Bel\u00e9n Porta Pego <\/strong><\/h2>\n<p>El mercado minorista municipal es un servicio obligatorio en los municipios de m\u00e1s de 5.000 habitantes.Esta figura tan arraigada en el \u00e1mbito local plantea numerosass cuestiones jur\u00eddicas a las que hasta el momento la legislaci\u00f3n, doctrina y jurisprudencia no han prestado detallada atenci\u00f3n.Su an\u00e1lisis debe comenzar por reparar en su car\u00e1cter de medida de abastos.Esta naturaleza implica que a trav\u00e9s del mercado la administraci\u00f3n p\u00fablica persigue garantizar que la poblaci\u00f3n tendr\u00e1 acceso a los art\u00edculos de primera necesidad mediante intercambios comerciales.En concreto , el mercado minorista es la medida a trav\u00e9s de la cual el municipio dota una infraestructura comercial donde puedan tener lugar las refereidas reuniones comerciales.Este planteamiento hace que el contenido del servicio municipal de mercado pueda equiparse a la realizaci\u00f3n de una obra p\u00fablica y, en definitiva , que la gesti\u00f3n del  servicio pueda acometerse a traves de las formas de explotaci\u00f3n delas obras p\u00fablicas.  a la luz de las consideraciones anteriores , puede tambi\u00e9n acotarse la posici\u00f3n jur\u00eddica del vendedor establecido en la infraestructura municipal.Este no es el prestador indirecto de un sevicio p\u00fablico.El servicio consiste en dotar la infraestructura comercial, no en efectuar los intercambios comerciales.El comerciante entabla con la administraci\u00f3n local una relaci\u00f3n demanial, en virtud de la que adquiere adem\u00e1s la condici\u00f3n de usuario del servicio municipal.Por lo dem\u00e1s, habitualmente, el ejercicio de la actividad comercial en el mercado est\u00e1 sujeta a una ordenaci\u00f3n en la que destaca la obligaci\u00f3n de realizar la actividad de manera continua e initerrumpida .A raiz de esta peculiaridad es posible apreciar c\u00f3mo el comerciante del mercado est\u00e1 sometido a un ordenamiento seccional que convierte su actividad en un servicio de inter\u00e9s general.  por \u00faltimo , la actividad coercial que ha de ejercerse en el mercado est\u00e1 tambi\u00e9n cond<\/p>\n<p>&nbsp;<\/p>\n<h3>Datos acad\u00e9micos de la tesis doctoral \u00ab<strong>El r\u00e9gimen jur\u00eddico administrativo del servicio municipal de mercado minorista<\/strong>\u00ab<\/h3>\n<ul>\n<li><strong>T\u00edtulo de la tesis:<\/strong>\u00a0 El r\u00e9gimen jur\u00eddico administrativo del servicio municipal de mercado minorista <\/li>\n<li><strong>Autor:<\/strong>\u00a0 Bel\u00e9n Porta Pego <\/li>\n<li><strong>Universidad:<\/strong>\u00a0 Complutense de Madrid<\/li>\n<li><strong>Fecha de lectura de la tesis:<\/strong>\u00a0 04\/07\/2005<\/li>\n<\/ul>\n<p>&nbsp;<\/p>\n<h3>Direcci\u00f3n y tribunal<\/h3>\n<ul>\n<li><strong>Director de la tesis<\/strong>\n<ul>\n<li>Germ\u00e1n Fern\u00e1ndez Farreres<\/li>\n<\/ul>\n<\/li>\n<li><strong>Tribunal<\/strong>\n<ul>\n<li>Presidente del tribunal:  G\u00f3mez ferrer morant rafael <\/li>\n<li>lu\u00eds ignacio Ortega \u00e1lvarez (vocal)<\/li>\n<li>joaquin Turnos mas (vocal)<\/li>\n<li>Juan  Francisco Mestre delgado (vocal)<\/li>\n<\/ul>\n<\/li>\n<\/ul>\n<p>&nbsp;<\/p>\n","protected":false},"excerpt":{"rendered":"<p>Tesis doctoral de Bel\u00e9n Porta Pego El mercado minorista municipal es un servicio obligatorio en los municipios de m\u00e1s de [&hellip;]<\/p>\n","protected":false},"author":1,"featured_media":0,"comment_status":"open","ping_status":"open","sticky":false,"template":"","format":"standard","meta":{"site-sidebar-layout":"default","site-content-layout":"","ast-site-content-layout":"","site-content-style":"default","site-sidebar-style":"default","ast-global-header-display":"","ast-banner-title-visibility":"","ast-main-header-display":"","ast-hfb-above-header-display":"","ast-hfb-below-header-display":"","ast-hfb-mobile-header-display":"","site-post-title":"","ast-breadcrumbs-content":"","ast-featured-img":"","footer-sml-layout":"","theme-transparent-header-meta":"","adv-header-id-meta":"","stick-header-meta":"","header-above-stick-meta":"","header-main-stick-meta":"","header-below-stick-meta":"","astra-migrate-meta-layouts":"default","ast-page-background-enabled":"default","ast-page-background-meta":{"desktop":{"background-color":"var(--ast-global-color-4)","background-image":"","background-repeat":"repeat","background-position":"center center","background-size":"auto","background-attachment":"scroll","background-type":"","background-media":"","overlay-type":"","overlay-color":"","overlay-gradient":""},"tablet":{"background-color":"","background-image":"","background-repeat":"repeat","background-position":"center center","background-size":"auto","background-attachment":"scroll","background-type":"","background-media":"","overlay-type":"","overlay-color":"","overlay-gradient":""},"mobile":{"background-color":"","background-image":"","background-repeat":"repeat","background-position":"center center","background-size":"auto","background-attachment":"scroll","background-type":"","background-media":"","overlay-type":"","overlay-color":"","overlay-gradient":""}},"ast-content-background-meta":{"desktop":{"background-color":"var(--ast-global-color-5)","background-image":"","background-repeat":"repeat","background-position":"center center","background-size":"auto","background-attachment":"scroll","background-type":"","background-media":"","overlay-type":"","overlay-color":"","overlay-gradient":""},"tablet":{"background-color":"var(--ast-global-color-5)","background-image":"","background-repeat":"repeat","background-position":"center center","background-size":"auto","background-attachment":"scroll","background-type":"","background-media":"","overlay-type":"","overlay-color":"","overlay-gradient":""},"mobile":{"background-color":"var(--ast-global-color-5)","background-image":"","background-repeat":"repeat","background-position":"center center","background-size":"auto","background-attachment":"scroll","background-type":"","background-media":"","overlay-type":"","overlay-color":"","overlay-gradient":""}},"footnotes":""},"categories":[612,1442,979],"tags":[162883,6453,29940,162884,63302,6454],"class_list":["post-75325","post","type-post","status-publish","format-standard","hentry","category-ciencias-juridicas-y-derecho","category-derecho-administrativo","category-derecho-y-legislacion-nacionales","tag-belen-porta-pego","tag-german-fernandez-farreres","tag-gomez-ferrer-morant-rafael","tag-joaquin-turnos-mas","tag-juan-francisco-mestre-delgado","tag-luis-ignacio-ortega-alvarez"],"_links":{"self":[{"href":"https:\/\/www.deberes.net\/tesis\/wp-json\/wp\/v2\/posts\/75325","targetHints":{"allow":["GET"]}}],"collection":[{"href":"https:\/\/www.deberes.net\/tesis\/wp-json\/wp\/v2\/posts"}],"about":[{"href":"https:\/\/www.deberes.net\/tesis\/wp-json\/wp\/v2\/types\/post"}],"author":[{"embeddable":true,"href":"https:\/\/www.deberes.net\/tesis\/wp-json\/wp\/v2\/users\/1"}],"replies":[{"embeddable":true,"href":"https:\/\/www.deberes.net\/tesis\/wp-json\/wp\/v2\/comments?post=75325"}],"version-history":[{"count":0,"href":"https:\/\/www.deberes.net\/tesis\/wp-json\/wp\/v2\/posts\/75325\/revisions"}],"wp:attachment":[{"href":"https:\/\/www.deberes.net\/tesis\/wp-json\/wp\/v2\/media?parent=75325"}],"wp:term":[{"taxonomy":"category","embeddable":true,"href":"https:\/\/www.deberes.net\/tesis\/wp-json\/wp\/v2\/categories?post=75325"},{"taxonomy":"post_tag","embeddable":true,"href":"https:\/\/www.deberes.net\/tesis\/wp-json\/wp\/v2\/tags?post=75325"}],"curies":[{"name":"wp","href":"https:\/\/api.w.org\/{rel}","templated":true}]}}