{"id":75336,"date":"2005-04-07T00:00:00","date_gmt":"2005-04-07T00:00:00","guid":{"rendered":"https:\/\/www.deberes.net\/tesis\/sin-categoria\/la-educacion-en-valores-democraticos\/"},"modified":"2005-04-07T00:00:00","modified_gmt":"2005-04-07T00:00:00","slug":"la-educacion-en-valores-democraticos","status":"publish","type":"post","link":"https:\/\/www.deberes.net\/tesis\/pedagogia\/la-educacion-en-valores-democraticos\/","title":{"rendered":"La educaci\u00f3n en valores democr\u00e1ticos"},"content":{"rendered":"<h2>Tesis doctoral de <strong> Lorena Le\u00f3n Solis <\/strong><\/h2>\n<p>La presente tesis doctoral analiza los valores de los j\u00f3venes desde su propio punto de vista.  a diferencia de la mayor parte de las afirmaciones vertidas sobre la juventud desde el mundo adulto, este estudio interroga a los propios j\u00f3venes acerca de las motivaciones que gu\u00edan sus conductas.  nuestra vinculaci\u00f3n al campo de la educaci\u00f3n social nos ha llevado a intentar comprender qu\u00e9 percepci\u00f3n tienen los j\u00f3venes sobre el sistema pol\u00edtico democr\u00e1tico y c\u00f3mo asumen y viven los valores caracter\u00edsticos del mismo: tolerancia, solidaridad, justicia, paz, participaci\u00f3n social, di\u00e1logo y respeto por el medio ambiente.  tras diagnosticar el estado de la cuesti\u00f3n, aterrizamos nuevamente en el terreno educativo para realizar una propuesta de educaci\u00f3n democr\u00e1tica destinada principalmente a los j\u00f3venes.  en ella abordamos el significado que han adquirido los valores mencionados en el actual contexto social, pol\u00edtico y econ\u00f3mico a escala planetaria.  asimismo, identificamos las tres instancias fundamentales de educaci\u00f3n en valores, a saber, familia, escuela y comunidad, as\u00ed como el modo en que pueden optimizar sus recursos y funciones para facilitar el desarrollo de los valores democr\u00e1ticos parte de los j\u00f3venes.<\/p>\n<p>&nbsp;<\/p>\n<h3>Datos acad\u00e9micos de la tesis doctoral \u00ab<strong>La educaci\u00f3n en valores democr\u00e1ticos<\/strong>\u00ab<\/h3>\n<ul>\n<li><strong>T\u00edtulo de la tesis:<\/strong>\u00a0 La educaci\u00f3n en valores democr\u00e1ticos <\/li>\n<li><strong>Autor:<\/strong>\u00a0 Lorena Le\u00f3n Solis <\/li>\n<li><strong>Universidad:<\/strong>\u00a0 Sevilla<\/li>\n<li><strong>Fecha de lectura de la tesis:<\/strong>\u00a0 04\/07\/2005<\/li>\n<\/ul>\n<p>&nbsp;<\/p>\n<h3>Direcci\u00f3n y tribunal<\/h3>\n<ul>\n<li><strong>Director de la tesis<\/strong>\n<ul>\n<li> Mor\u00f3n Marchena Juan  Agust\u00edn<\/li>\n<\/ul>\n<\/li>\n<li><strong>Tribunal<\/strong>\n<ul>\n<li>Presidente del tribunal: gloria Perez serrano <\/li>\n<li>Jos\u00e9 Antonio Romero delgado (vocal)<\/li>\n<li> De la rosa acosta bernardo (vocal)<\/li>\n<li> Amador mu\u00f1oz Luis vicente (vocal)<\/li>\n<\/ul>\n<\/li>\n<\/ul>\n<p>&nbsp;<\/p>\n","protected":false},"excerpt":{"rendered":"<p>Tesis doctoral de Lorena Le\u00f3n Solis La presente tesis doctoral analiza los valores de los j\u00f3venes desde su propio punto [&hellip;]<\/p>\n","protected":false},"author":1,"featured_media":0,"comment_status":"open","ping_status":"open","sticky":false,"template":"","format":"standard","meta":{"site-sidebar-layout":"default","site-content-layout":"","ast-site-content-layout":"","site-content-style":"default","site-sidebar-style":"default","ast-global-header-display":"","ast-banner-title-visibility":"","ast-main-header-display":"","ast-hfb-above-header-display":"","ast-hfb-below-header-display":"","ast-hfb-mobile-header-display":"","site-post-title":"","ast-breadcrumbs-content":"","ast-featured-img":"","footer-sml-layout":"","theme-transparent-header-meta":"","adv-header-id-meta":"","stick-header-meta":"","header-above-stick-meta":"","header-main-stick-meta":"","header-below-stick-meta":"","astra-migrate-meta-layouts":"default","ast-page-background-enabled":"default","ast-page-background-meta":{"desktop":{"background-color":"var(--ast-global-color-4)","background-image":"","background-repeat":"repeat","background-position":"center center","background-size":"auto","background-attachment":"scroll","background-type":"","background-media":"","overlay-type":"","overlay-color":"","overlay-gradient":""},"tablet":{"background-color":"","background-image":"","background-repeat":"repeat","background-position":"center center","background-size":"auto","background-attachment":"scroll","background-type":"","background-media":"","overlay-type":"","overlay-color":"","overlay-gradient":""},"mobile":{"background-color":"","background-image":"","background-repeat":"repeat","background-position":"center center","background-size":"auto","background-attachment":"scroll","background-type":"","background-media":"","overlay-type":"","overlay-color":"","overlay-gradient":""}},"ast-content-background-meta":{"desktop":{"background-color":"var(--ast-global-color-5)","background-image":"","background-repeat":"repeat","background-position":"center center","background-size":"auto","background-attachment":"scroll","background-type":"","background-media":"","overlay-type":"","overlay-color":"","overlay-gradient":""},"tablet":{"background-color":"var(--ast-global-color-5)","background-image":"","background-repeat":"repeat","background-position":"center center","background-size":"auto","background-attachment":"scroll","background-type":"","background-media":"","overlay-type":"","overlay-color":"","overlay-gradient":""},"mobile":{"background-color":"var(--ast-global-color-5)","background-image":"","background-repeat":"repeat","background-position":"center center","background-size":"auto","background-attachment":"scroll","background-type":"","background-media":"","overlay-type":"","overlay-color":"","overlay-gradient":""}},"footnotes":""},"categories":[1141,10715,1341],"tags":[97720,11148,2628,45861,162903,11147],"class_list":["post-75336","post","type-post","status-publish","format-standard","hentry","category-pedagogia","category-sevilla","category-teoria-y-metodos-educativos","tag-amador-munoz-luis-vicente","tag-de-la-rosa-acosta-bernardo","tag-gloria-perez-serrano","tag-jose-antonio-romero-delgado","tag-lorena-leon-solis","tag-moron-marchena-juan-agustin"],"_links":{"self":[{"href":"https:\/\/www.deberes.net\/tesis\/wp-json\/wp\/v2\/posts\/75336","targetHints":{"allow":["GET"]}}],"collection":[{"href":"https:\/\/www.deberes.net\/tesis\/wp-json\/wp\/v2\/posts"}],"about":[{"href":"https:\/\/www.deberes.net\/tesis\/wp-json\/wp\/v2\/types\/post"}],"author":[{"embeddable":true,"href":"https:\/\/www.deberes.net\/tesis\/wp-json\/wp\/v2\/users\/1"}],"replies":[{"embeddable":true,"href":"https:\/\/www.deberes.net\/tesis\/wp-json\/wp\/v2\/comments?post=75336"}],"version-history":[{"count":0,"href":"https:\/\/www.deberes.net\/tesis\/wp-json\/wp\/v2\/posts\/75336\/revisions"}],"wp:attachment":[{"href":"https:\/\/www.deberes.net\/tesis\/wp-json\/wp\/v2\/media?parent=75336"}],"wp:term":[{"taxonomy":"category","embeddable":true,"href":"https:\/\/www.deberes.net\/tesis\/wp-json\/wp\/v2\/categories?post=75336"},{"taxonomy":"post_tag","embeddable":true,"href":"https:\/\/www.deberes.net\/tesis\/wp-json\/wp\/v2\/tags?post=75336"}],"curies":[{"name":"wp","href":"https:\/\/api.w.org\/{rel}","templated":true}]}}