{"id":75367,"date":"2005-05-07T00:00:00","date_gmt":"2005-05-07T00:00:00","guid":{"rendered":"https:\/\/www.deberes.net\/tesis\/sin-categoria\/el-balneario-de-mondariz-la-creacion-de-un-lugar-1873-1931\/"},"modified":"2005-05-07T00:00:00","modified_gmt":"2005-05-07T00:00:00","slug":"el-balneario-de-mondariz-la-creacion-de-un-lugar-1873-1931","status":"publish","type":"post","link":"https:\/\/www.deberes.net\/tesis\/historia\/el-balneario-de-mondariz-la-creacion-de-un-lugar-1873-1931\/","title":{"rendered":"El balneario de mondariz. la creaci\u00f3n de un lugar 1873-1931"},"content":{"rendered":"<h2>Tesis doctoral de <strong> Yolanda P\u00e9rez S\u00e1nchez <\/strong><\/h2>\n<p>El objetivo de esta investigaci\u00f3n es desvelar los mecanismos de construcci\u00f3n del balneario de mondariz como \u00ablugar\u00bb, entendiendo lugar como un todo hist\u00f3rico y existencial, un espacio simbolizado hecho de memoria y geograf\u00eda. la tesis se\u00f1ala el proceso mediante el cual se toma posesi\u00f3n de un espacio natural para convertirlo en habitable, en un anclaje identitario y significativo. esto se ha planteado desde una doble perspectiva: considerando su formaci\u00f3n como empresa y n\u00facleo habitacional, y la paralela configuraci\u00f3n de sus elementos de identidad como instituci\u00f3n decimon\u00f3nica y, posteriormente, como villa; por otra parte, desde los estudios del lugar, se ha abordado la configuraci\u00f3n de su espacio y arquitectura como una forma simb\u00f3lica que no depende exclusivamente de las circunstancias socioecon\u00f3micas o del contexto arquitect\u00f3nico en que se involucra su creaci\u00f3n y evoluci\u00f3n, sino que se relaciona con unas estructuras que superan este contexto y ampl\u00edan el nivel de significaci\u00f3n del lugar.<\/p>\n<p>&nbsp;<\/p>\n<h3>Datos acad\u00e9micos de la tesis doctoral \u00ab<strong>El balneario de mondariz. la creaci\u00f3n de un lugar 1873-1931<\/strong>\u00ab<\/h3>\n<ul>\n<li><strong>T\u00edtulo de la tesis:<\/strong>\u00a0 El balneario de mondariz. la creaci\u00f3n de un lugar 1873-1931 <\/li>\n<li><strong>Autor:<\/strong>\u00a0 Yolanda P\u00e9rez S\u00e1nchez <\/li>\n<li><strong>Universidad:<\/strong>\u00a0 Santiago de compostela<\/li>\n<li><strong>Fecha de lectura de la tesis:<\/strong>\u00a0 05\/07\/2005<\/li>\n<\/ul>\n<p>&nbsp;<\/p>\n<h3>Direcci\u00f3n y tribunal<\/h3>\n<ul>\n<li><strong>Director de la tesis<\/strong>\n<ul>\n<li>Mar\u00eda  Luisa Sobrino Manzanares<\/li>\n<\/ul>\n<\/li>\n<li><strong>Tribunal<\/strong>\n<ul>\n<li>Presidente del tribunal: xose ramon Barreiro  fernandez <\/li>\n<li>m. Montaner josep (vocal)<\/li>\n<li>Javier Hernando carrasco (vocal)<\/li>\n<li> Leboreiro amaro m. asunci\u00f3n (vocal)<\/li>\n<\/ul>\n<\/li>\n<\/ul>\n<p>&nbsp;<\/p>\n","protected":false},"excerpt":{"rendered":"<p>Tesis doctoral de Yolanda P\u00e9rez S\u00e1nchez El objetivo de esta investigaci\u00f3n es desvelar los mecanismos de construcci\u00f3n del balneario de [&hellip;]<\/p>\n","protected":false},"author":1,"featured_media":0,"comment_status":"open","ping_status":"open","sticky":false,"template":"","format":"standard","meta":{"site-sidebar-layout":"default","site-content-layout":"","ast-site-content-layout":"","site-content-style":"default","site-sidebar-style":"default","ast-global-header-display":"","ast-banner-title-visibility":"","ast-main-header-display":"","ast-hfb-above-header-display":"","ast-hfb-below-header-display":"","ast-hfb-mobile-header-display":"","site-post-title":"","ast-breadcrumbs-content":"","ast-featured-img":"","footer-sml-layout":"","theme-transparent-header-meta":"","adv-header-id-meta":"","stick-header-meta":"","header-above-stick-meta":"","header-main-stick-meta":"","header-below-stick-meta":"","astra-migrate-meta-layouts":"default","ast-page-background-enabled":"default","ast-page-background-meta":{"desktop":{"background-color":"var(--ast-global-color-4)","background-image":"","background-repeat":"repeat","background-position":"center center","background-size":"auto","background-attachment":"scroll","background-type":"","background-media":"","overlay-type":"","overlay-color":"","overlay-gradient":""},"tablet":{"background-color":"","background-image":"","background-repeat":"repeat","background-position":"center center","background-size":"auto","background-attachment":"scroll","background-type":"","background-media":"","overlay-type":"","overlay-color":"","overlay-gradient":""},"mobile":{"background-color":"","background-image":"","background-repeat":"repeat","background-position":"center center","background-size":"auto","background-attachment":"scroll","background-type":"","background-media":"","overlay-type":"","overlay-color":"","overlay-gradient":""}},"ast-content-background-meta":{"desktop":{"background-color":"var(--ast-global-color-5)","background-image":"","background-repeat":"repeat","background-position":"center center","background-size":"auto","background-attachment":"scroll","background-type":"","background-media":"","overlay-type":"","overlay-color":"","overlay-gradient":""},"tablet":{"background-color":"var(--ast-global-color-5)","background-image":"","background-repeat":"repeat","background-position":"center center","background-size":"auto","background-attachment":"scroll","background-type":"","background-media":"","overlay-type":"","overlay-color":"","overlay-gradient":""},"mobile":{"background-color":"var(--ast-global-color-5)","background-image":"","background-repeat":"repeat","background-position":"center center","background-size":"auto","background-attachment":"scroll","background-type":"","background-media":"","overlay-type":"","overlay-color":"","overlay-gradient":""}},"footnotes":""},"categories":[104,1745,2563,222,977],"tags":[25259,162968,162967,2565,34822,162966],"class_list":["post-75367","post","type-post","status-publish","format-standard","hentry","category-historia","category-historia-de-la-arquitectura","category-historia-del-arte-de-los-siglos-xix-y-xx","category-historias-especializadas","category-santiago-de-compostela","tag-javier-hernando-carrasco","tag-leboreiro-amaro-m-asuncion","tag-m-montaner-josep","tag-maria-luisa-sobrino-manzanares","tag-xose-ramon-barreiro-fernandez","tag-yolanda-perez-sanchez"],"_links":{"self":[{"href":"https:\/\/www.deberes.net\/tesis\/wp-json\/wp\/v2\/posts\/75367","targetHints":{"allow":["GET"]}}],"collection":[{"href":"https:\/\/www.deberes.net\/tesis\/wp-json\/wp\/v2\/posts"}],"about":[{"href":"https:\/\/www.deberes.net\/tesis\/wp-json\/wp\/v2\/types\/post"}],"author":[{"embeddable":true,"href":"https:\/\/www.deberes.net\/tesis\/wp-json\/wp\/v2\/users\/1"}],"replies":[{"embeddable":true,"href":"https:\/\/www.deberes.net\/tesis\/wp-json\/wp\/v2\/comments?post=75367"}],"version-history":[{"count":0,"href":"https:\/\/www.deberes.net\/tesis\/wp-json\/wp\/v2\/posts\/75367\/revisions"}],"wp:attachment":[{"href":"https:\/\/www.deberes.net\/tesis\/wp-json\/wp\/v2\/media?parent=75367"}],"wp:term":[{"taxonomy":"category","embeddable":true,"href":"https:\/\/www.deberes.net\/tesis\/wp-json\/wp\/v2\/categories?post=75367"},{"taxonomy":"post_tag","embeddable":true,"href":"https:\/\/www.deberes.net\/tesis\/wp-json\/wp\/v2\/tags?post=75367"}],"curies":[{"name":"wp","href":"https:\/\/api.w.org\/{rel}","templated":true}]}}