{"id":75421,"date":"2005-06-07T00:00:00","date_gmt":"2005-06-07T00:00:00","guid":{"rendered":"https:\/\/www.deberes.net\/tesis\/sin-categoria\/el-valor-de-la-antiga%c2%bcedad-en-la-formacion-de-los-arquitectos-espanoles-pensionados-en-roma-siglos-xviii-y-xix\/"},"modified":"2005-06-07T00:00:00","modified_gmt":"2005-06-07T00:00:00","slug":"el-valor-de-la-antiga%c2%bcedad-en-la-formacion-de-los-arquitectos-espanoles-pensionados-en-roma-siglos-xviii-y-xix","status":"publish","type":"post","link":"https:\/\/www.deberes.net\/tesis\/sin-categoria\/el-valor-de-la-antiga%c2%bcedad-en-la-formacion-de-los-arquitectos-espanoles-pensionados-en-roma-siglos-xviii-y-xix\/","title":{"rendered":"El valor de la antiguedad en la formaci\u00f3n de los arquitectos espa\u00f1oles pensionados en roma (siglos xviii y xix)"},"content":{"rendered":"<h2>Tesis doctoral de <strong> Jorge Garc\u00eda S\u00e1nchez <\/strong><\/h2>\n<p>La tesis propuesta estudia el desarrollo del sistema de las pensiones concebidas por la academia de san fernando o el monarca para que los disc\u00edpulos de bellas artes completaran su aprendizaje en italia. Desde mediados del siglo xviii muchos j\u00f3venes espa\u00f1oles partieron hacia roma con este fin, ya que en la capital pontificia se estaba moldeando un nuevo gusto art\u00edstico que recuperaba los modelos de la antig\u00ed\u00bcedad, el neoclasicismo, que atra\u00eda a la ciudad a los mejores artistas de europa. Para los arquitectos el viaje a roma constitu\u00eda una de las experiencias m\u00e1s importantes de su carera, pues les pon\u00eda en contacto directo con el mundo de las ruinas antiguas, de los monumentos grecorromanos, adem\u00e1s de permitirles integrarse en los ambientes acad\u00e9micos romanos y conocer a los anticuarios y arque\u00f3logos m\u00e1s c\u00e9lebres del momento. A fin de demostrar sus progresos, anualmente los pensionados enviaban a la academia obras correspondientes a su especialidad: esculturas, copias de cuadros de los grandes maestros renacentistas, y dibujos arquitect\u00f3nicos de los vestigios romanos. gracias a estos env\u00edos, y a la documentaci\u00f3n existente de los pensionados de arquitectura, podemos ahondar en la historiograf\u00eda de destacados monumentos de la ciudad del t\u00edber, conocer los intereses acad\u00e9micos del momento y los arquetipos constructivos de los siglos analizados. De regreso a espa\u00f1a, los pensionados aplicaban en sus propios proyectos la lecci\u00f3n que hab\u00edan extraido de la antig\u00ed\u00bcedad, consecuencia de lo cual poseemos en Madrid edificios como el museo del prado (obra de juan de villanueva) o el que alberga la biblioteca nacional y el museo arqueol\u00f3gico nacional (de francisco jare\u00f1o). Si en el siglo xviii los arquitectos de roma \u00fanicamente estudiaban los monumentos cl\u00e1sicos, la transformaci\u00f3n del pensamiento arquitect\u00f3nico en el xix propici\u00f3 que las nuevas generaciones de pensionados prestaran mayor atenci\u00f3n a las edificaciones medievales y renacentistas, si en<\/p>\n<p>&nbsp;<\/p>\n<h3>Datos acad\u00e9micos de la tesis doctoral \u00ab<strong>El valor de la antiguedad en la formaci\u00f3n de los arquitectos espa\u00f1oles pensionados en roma (siglos xviii y xix)<\/strong>\u00ab<\/h3>\n<ul>\n<li><strong>T\u00edtulo de la tesis:<\/strong>\u00a0 El valor de la antiguedad en la formaci\u00f3n de los arquitectos espa\u00f1oles pensionados en roma (siglos xviii y xix) <\/li>\n<li><strong>Autor:<\/strong>\u00a0 Jorge Garc\u00eda S\u00e1nchez <\/li>\n<li><strong>Universidad:<\/strong>\u00a0 Complutense de Madrid<\/li>\n<li><strong>Fecha de lectura de la tesis:<\/strong>\u00a0 06\/07\/2005<\/li>\n<\/ul>\n<p>&nbsp;<\/p>\n<h3>Direcci\u00f3n y tribunal<\/h3>\n<ul>\n<li><strong>Director de la tesis<\/strong>\n<ul>\n<li> Luz\u00f3n Nogu\u00e9 Jos\u00e9 Mar\u00eda<\/li>\n<\/ul>\n<\/li>\n<li><strong>Tribunal<\/strong>\n<ul>\n<li>Presidente del tribunal: julio Mangas manjarr\u00e9s <\/li>\n<li>beatrice Cacciotti (vocal)<\/li>\n<li> Gonz\u00e1lez serrano m. pilar (vocal)<\/li>\n<li>pedro Mole\u00f3n gavilanes (vocal)<\/li>\n<\/ul>\n<\/li>\n<\/ul>\n<p>&nbsp;<\/p>\n","protected":false},"excerpt":{"rendered":"<p>Tesis doctoral de Jorge Garc\u00eda S\u00e1nchez La tesis propuesta estudia el desarrollo del sistema de las pensiones concebidas por la [&hellip;]<\/p>\n","protected":false},"author":1,"featured_media":0,"comment_status":"open","ping_status":"open","sticky":false,"template":"","format":"standard","meta":{"site-sidebar-layout":"default","site-content-layout":"","ast-site-content-layout":"","site-content-style":"default","site-sidebar-style":"default","ast-global-header-display":"","ast-banner-title-visibility":"","ast-main-header-display":"","ast-hfb-above-header-display":"","ast-hfb-below-header-display":"","ast-hfb-mobile-header-display":"","site-post-title":"","ast-breadcrumbs-content":"","ast-featured-img":"","footer-sml-layout":"","theme-transparent-header-meta":"","adv-header-id-meta":"","stick-header-meta":"","header-above-stick-meta":"","header-main-stick-meta":"","header-below-stick-meta":"","astra-migrate-meta-layouts":"default","ast-page-background-enabled":"default","ast-page-background-meta":{"desktop":{"background-color":"var(--ast-global-color-4)","background-image":"","background-repeat":"repeat","background-position":"center center","background-size":"auto","background-attachment":"scroll","background-type":"","background-media":"","overlay-type":"","overlay-color":"","overlay-gradient":""},"tablet":{"background-color":"","background-image":"","background-repeat":"repeat","background-position":"center center","background-size":"auto","background-attachment":"scroll","background-type":"","background-media":"","overlay-type":"","overlay-color":"","overlay-gradient":""},"mobile":{"background-color":"","background-image":"","background-repeat":"repeat","background-position":"center center","background-size":"auto","background-attachment":"scroll","background-type":"","background-media":"","overlay-type":"","overlay-color":"","overlay-gradient":""}},"ast-content-background-meta":{"desktop":{"background-color":"var(--ast-global-color-5)","background-image":"","background-repeat":"repeat","background-position":"center center","background-size":"auto","background-attachment":"scroll","background-type":"","background-media":"","overlay-type":"","overlay-color":"","overlay-gradient":""},"tablet":{"background-color":"var(--ast-global-color-5)","background-image":"","background-repeat":"repeat","background-position":"center center","background-size":"auto","background-attachment":"scroll","background-type":"","background-media":"","overlay-type":"","overlay-color":"","overlay-gradient":""},"mobile":{"background-color":"var(--ast-global-color-5)","background-image":"","background-repeat":"repeat","background-position":"center center","background-size":"auto","background-attachment":"scroll","background-type":"","background-media":"","overlay-type":"","overlay-color":"","overlay-gradient":""}},"footnotes":""},"categories":[1624,1],"tags":[163066,23052,163065,4028,47246,12568],"class_list":["post-75421","post","type-post","status-publish","format-standard","hentry","category-ciencias-auxiliares-de-la-historia","category-sin-categoria","tag-beatrice-cacciotti","tag-gonzalez-serrano-m-pilar","tag-jorge-garcia-sanchez","tag-julio-mangas-manjarres","tag-luzon-nogue-jose-maria","tag-pedro-moleon-gavilanes"],"_links":{"self":[{"href":"https:\/\/www.deberes.net\/tesis\/wp-json\/wp\/v2\/posts\/75421","targetHints":{"allow":["GET"]}}],"collection":[{"href":"https:\/\/www.deberes.net\/tesis\/wp-json\/wp\/v2\/posts"}],"about":[{"href":"https:\/\/www.deberes.net\/tesis\/wp-json\/wp\/v2\/types\/post"}],"author":[{"embeddable":true,"href":"https:\/\/www.deberes.net\/tesis\/wp-json\/wp\/v2\/users\/1"}],"replies":[{"embeddable":true,"href":"https:\/\/www.deberes.net\/tesis\/wp-json\/wp\/v2\/comments?post=75421"}],"version-history":[{"count":0,"href":"https:\/\/www.deberes.net\/tesis\/wp-json\/wp\/v2\/posts\/75421\/revisions"}],"wp:attachment":[{"href":"https:\/\/www.deberes.net\/tesis\/wp-json\/wp\/v2\/media?parent=75421"}],"wp:term":[{"taxonomy":"category","embeddable":true,"href":"https:\/\/www.deberes.net\/tesis\/wp-json\/wp\/v2\/categories?post=75421"},{"taxonomy":"post_tag","embeddable":true,"href":"https:\/\/www.deberes.net\/tesis\/wp-json\/wp\/v2\/tags?post=75421"}],"curies":[{"name":"wp","href":"https:\/\/api.w.org\/{rel}","templated":true}]}}