{"id":75492,"date":"2005-07-07T00:00:00","date_gmt":"2005-07-07T00:00:00","guid":{"rendered":"https:\/\/www.deberes.net\/tesis\/sin-categoria\/la-formacio-en-tecnologies-de-la-informacio-i-la-comunicacio-del-professorat-de-matema-tiques\/"},"modified":"2005-07-07T00:00:00","modified_gmt":"2005-07-07T00:00:00","slug":"la-formacio-en-tecnologies-de-la-informacio-i-la-comunicacio-del-professorat-de-matema-tiques","status":"publish","type":"post","link":"https:\/\/www.deberes.net\/tesis\/formacion-y-empleo-de-profesores\/la-formacio-en-tecnologies-de-la-informacio-i-la-comunicacio-del-professorat-de-matema-tiques\/","title":{"rendered":"La formaci\u00f3 en tecnologies de la informaci\u00f3 i la comunicaci\u00f3 del professorat de matem\u00c1\u00a0tiques"},"content":{"rendered":"<h2>Tesis doctoral de <strong>  Santandreu Pascual Mar\u00eda  Merc\u00e9 <\/strong><\/h2>\n<p>La realizaci\u00f3n de la tesis doctoral sobre la formaci\u00f3n en tecnolog\u00edas de la informaci\u00f3n y la comunicaci\u00f3n del profesorado de matem\u00e1ticas, contextualizada en los centros p\u00fablicos de secundaria de las comarcas de la provincia de tarragona, ten\u00eda como principales objetivos investigar cu\u00e1les eran los conocimientos, uso y necesidades formativas, del colectivo consultado, respecto a los recursos tecnol\u00f3gicos, con la finalidad de poder extraer elementos importantes que pudieran servir de gu\u00eda para su formaci\u00f3n futura.  teniendo como marco de referencia este problema de estudio, se escogi\u00f3 realizar una investigaci\u00f3n descriptiva por ser la opci\u00f3n m\u00e1s adecuada -dada la finalidad exploratoria del estudio- para examinar, describir, contrastar e interpretar los aspectos y visiones del profesorado sobre su formaci\u00f3n en los recursos tecnol\u00f3gicos. Abordamos el desarrollo de la investigaci\u00f3n mediante el m\u00e9todo de encuesta, apoyando su ejecuci\u00f3n en el uso del cuestionario como instrumento de recogida de datos. La poblaci\u00f3n objeto de estudio la formaban los 254 profesores de matem\u00e1ticas de los centros p\u00fablicos de secundaria de la provincia de tarragona. La participaci\u00f3n del profesorado se ha cifrado en un 85%.  la tesis est\u00e1 estructurada en nueve cap\u00edtulos organizados en dos bloques. el primero (cap\u00edtulos 1, 2, 3 y 4) corresponden al marco te\u00f3rico, y en el se realiza la investigaci\u00f3n bibliogr\u00e1fica sobre la que basamos el estudio emp\u00edrico correspondiente al segundo bloque (cap\u00edtulos 5, 6, 7, 8, y  9). en el primer bloque o marco te\u00f3rico dedicamos: el cap.1 a la incidencia en la educaci\u00f3n de la evoluci\u00f3n de la sociedad de la informaci\u00f3n y el conocimiento, propiciada por los avances tecnol\u00f3gicos producidos, sobre todo en lo que se refiere al impacto de estos cambios en la educaci\u00f3n matem\u00e1tica y la formaci\u00f3n de los ciudadanos, especialmente de aquellos que han de formarlos: el profesorado; en el cap.2 nos acercamos a la<\/p>\n<p>&nbsp;<\/p>\n<h3>Datos acad\u00e9micos de la tesis doctoral \u00ab<strong>La formaci\u00f3 en tecnologies de la informaci\u00f3 i la comunicaci\u00f3 del professorat de matem\u00c1\u00a0tiques<\/strong>\u00ab<\/h3>\n<ul>\n<li><strong>T\u00edtulo de la tesis:<\/strong>\u00a0 La formaci\u00f3 en tecnologies de la informaci\u00f3 i la comunicaci\u00f3 del professorat de matem\u00c1\u00a0tiques <\/li>\n<li><strong>Autor:<\/strong>\u00a0  Santandreu Pascual Mar\u00eda  Merc\u00e9 <\/li>\n<li><strong>Universidad:<\/strong>\u00a0 Rovira i virgili<\/li>\n<li><strong>Fecha de lectura de la tesis:<\/strong>\u00a0 07\/07\/2005<\/li>\n<\/ul>\n<p>&nbsp;<\/p>\n<h3>Direcci\u00f3n y tribunal<\/h3>\n<ul>\n<li><strong>Director de la tesis<\/strong>\n<ul>\n<li>Merc\u00e9 Gisbert Cervera<\/li>\n<\/ul>\n<\/li>\n<li><strong>Tribunal<\/strong>\n<ul>\n<li>Presidente del tribunal: julio Cabero almenara <\/li>\n<li>Ana Garcia valcarcel mu\u00f1oz repiso (vocal)<\/li>\n<li>ram\u00f3n P\u00e9rez p\u00e9rez (vocal)<\/li>\n<li>Jes\u00fas Salinas iba\u00f1ez (vocal)<\/li>\n<\/ul>\n<\/li>\n<\/ul>\n<p>&nbsp;<\/p>\n","protected":false},"excerpt":{"rendered":"<p>Tesis doctoral de Santandreu Pascual Mar\u00eda Merc\u00e9 La realizaci\u00f3n de la tesis doctoral sobre la formaci\u00f3n en tecnolog\u00edas de la [&hellip;]<\/p>\n","protected":false},"author":1,"featured_media":0,"comment_status":"open","ping_status":"open","sticky":false,"template":"","format":"standard","meta":{"site-sidebar-layout":"default","site-content-layout":"","ast-site-content-layout":"","site-content-style":"default","site-sidebar-style":"default","ast-global-header-display":"","ast-banner-title-visibility":"","ast-main-header-display":"","ast-hfb-above-header-display":"","ast-hfb-below-header-display":"","ast-hfb-mobile-header-display":"","site-post-title":"","ast-breadcrumbs-content":"","ast-featured-img":"","footer-sml-layout":"","theme-transparent-header-meta":"","adv-header-id-meta":"","stick-header-meta":"","header-above-stick-meta":"","header-main-stick-meta":"","header-below-stick-meta":"","astra-migrate-meta-layouts":"default","ast-page-background-enabled":"default","ast-page-background-meta":{"desktop":{"background-color":"var(--ast-global-color-4)","background-image":"","background-repeat":"repeat","background-position":"center center","background-size":"auto","background-attachment":"scroll","background-type":"","background-media":"","overlay-type":"","overlay-color":"","overlay-gradient":""},"tablet":{"background-color":"","background-image":"","background-repeat":"repeat","background-position":"center center","background-size":"auto","background-attachment":"scroll","background-type":"","background-media":"","overlay-type":"","overlay-color":"","overlay-gradient":""},"mobile":{"background-color":"","background-image":"","background-repeat":"repeat","background-position":"center center","background-size":"auto","background-attachment":"scroll","background-type":"","background-media":"","overlay-type":"","overlay-color":"","overlay-gradient":""}},"ast-content-background-meta":{"desktop":{"background-color":"var(--ast-global-color-5)","background-image":"","background-repeat":"repeat","background-position":"center center","background-size":"auto","background-attachment":"scroll","background-type":"","background-media":"","overlay-type":"","overlay-color":"","overlay-gradient":""},"tablet":{"background-color":"var(--ast-global-color-5)","background-image":"","background-repeat":"repeat","background-position":"center center","background-size":"auto","background-attachment":"scroll","background-type":"","background-media":"","overlay-type":"","overlay-color":"","overlay-gradient":""},"mobile":{"background-color":"var(--ast-global-color-5)","background-image":"","background-repeat":"repeat","background-position":"center center","background-size":"auto","background-attachment":"scroll","background-type":"","background-media":"","overlay-type":"","overlay-color":"","overlay-gradient":""}},"footnotes":""},"categories":[1140,1141,1288,8934,18759],"tags":[23363,43043,38206,84226,56526,163205],"class_list":["post-75492","post","type-post","status-publish","format-standard","hentry","category-formacion-y-empleo-de-profesores","category-pedagogia","category-preparacion-de-profesores","category-profesion-y-situacion-del-profesorado","category-rovira-i-virgili","tag-ana-garcia-valcarcel-munoz-repiso","tag-jesus-salinas-ibanez","tag-julio-cabero-almenara","tag-merca-gisbert-cervera","tag-ramon-perez-perez","tag-santandreu-pascual-maria-merca"],"_links":{"self":[{"href":"https:\/\/www.deberes.net\/tesis\/wp-json\/wp\/v2\/posts\/75492","targetHints":{"allow":["GET"]}}],"collection":[{"href":"https:\/\/www.deberes.net\/tesis\/wp-json\/wp\/v2\/posts"}],"about":[{"href":"https:\/\/www.deberes.net\/tesis\/wp-json\/wp\/v2\/types\/post"}],"author":[{"embeddable":true,"href":"https:\/\/www.deberes.net\/tesis\/wp-json\/wp\/v2\/users\/1"}],"replies":[{"embeddable":true,"href":"https:\/\/www.deberes.net\/tesis\/wp-json\/wp\/v2\/comments?post=75492"}],"version-history":[{"count":0,"href":"https:\/\/www.deberes.net\/tesis\/wp-json\/wp\/v2\/posts\/75492\/revisions"}],"wp:attachment":[{"href":"https:\/\/www.deberes.net\/tesis\/wp-json\/wp\/v2\/media?parent=75492"}],"wp:term":[{"taxonomy":"category","embeddable":true,"href":"https:\/\/www.deberes.net\/tesis\/wp-json\/wp\/v2\/categories?post=75492"},{"taxonomy":"post_tag","embeddable":true,"href":"https:\/\/www.deberes.net\/tesis\/wp-json\/wp\/v2\/tags?post=75492"}],"curies":[{"name":"wp","href":"https:\/\/api.w.org\/{rel}","templated":true}]}}