{"id":75538,"date":"2005-08-07T00:00:00","date_gmt":"2005-08-07T00:00:00","guid":{"rendered":"https:\/\/www.deberes.net\/tesis\/sin-categoria\/ana-lisi-del-discurs-perioda%c2%adstic-de-marta%c2%ad-doma%c2%adnguez-i-barbera\/"},"modified":"2005-08-07T00:00:00","modified_gmt":"2005-08-07T00:00:00","slug":"ana-lisi-del-discurs-perioda%c2%adstic-de-marta%c2%ad-doma%c2%adnguez-i-barbera","status":"publish","type":"post","link":"https:\/\/www.deberes.net\/tesis\/historia\/ana-lisi-del-discurs-perioda%c2%adstic-de-marta%c2%ad-doma%c2%adnguez-i-barbera\/","title":{"rendered":"An\u00c1\u00a0lisi del discurs period\u00edstic de mart\u00ed dom\u00ednguez i barber\u00c1\u00a0"},"content":{"rendered":"<h2>Tesis doctoral de <strong> Nel.lo Pellisser Rossell <\/strong><\/h2>\n<p>An\u00e1lisis de la obra period\u00edstica de mart\u00ed dom\u00ednguez i barber\u00ed\u00a0 (1908-1994) mediante la metodolog\u00eda del an\u00e1lisis del discurso. El programa de investigaci\u00f3n se desarrolla en tres ejes. En primer lugar se lleva a cabo el an\u00e1lisis textual del corpus seleccionado, formado por un millar de art\u00edculos, deteni\u00e9ndose en los aspectos ret\u00f3ricos y estil\u00edsticos, en la selecci\u00f3n tem\u00e1tica, la intertextualidad, la recepci\u00f3n y la censura. El segundo eje est\u00e1 centrado en las modalidades discursivas del periodismo, \u00e9s decir, los g\u00e9neros. En este punto se repasan las principales tipolog\u00edas clasificatorias y las modalidades discursivas utilizadas por m. Dom\u00ednguez. Por \u00faltimo, el tercer eje se centra en la evoluci\u00f3n y en las transformaciones operadas durant el medio siglo que abarca  la producci\u00f3n period\u00edstica del autor estudiado. este an\u00e1lisis no pierde de vista la trama intertextual que se establecen entre las diversas manifestaciones discursivas de las que es autor m. Dom\u00ednguez (novela, teatro , poesia, ensayo hist\u00f3rico, etc). Por el per\u00edodo hist\u00f3rico que abarca, la tesi contiene, adem\u00e1s, una aproximaci\u00f3n a la historia del periodismo Valenciano de postguerra, etapa en la que el autor estudiado goz\u00f3 de una mayor proyecci\u00f3n profesional.<\/p>\n<p>&nbsp;<\/p>\n<h3>Datos acad\u00e9micos de la tesis doctoral \u00ab<strong>An\u00c1\u00a0lisi del discurs period\u00edstic de mart\u00ed dom\u00ednguez i barber\u00c1\u00a0<\/strong>\u00ab<\/h3>\n<ul>\n<li><strong>T\u00edtulo de la tesis:<\/strong>\u00a0 An\u00c1\u00a0lisi del discurs period\u00edstic de mart\u00ed dom\u00ednguez i barber\u00c1\u00a0 <\/li>\n<li><strong>Autor:<\/strong>\u00a0 Nel.lo Pellisser Rossell <\/li>\n<li><strong>Universidad:<\/strong>\u00a0 Universitat de val\u00e9ncia (estudi general)<\/li>\n<li><strong>Fecha de lectura de la tesis:<\/strong>\u00a0 08\/07\/2005<\/li>\n<\/ul>\n<p>&nbsp;<\/p>\n<h3>Direcci\u00f3n y tribunal<\/h3>\n<ul>\n<li><strong>Director de la tesis<\/strong>\n<ul>\n<li>Vicent Manuel Salvador Liern<\/li>\n<\/ul>\n<\/li>\n<li><strong>Tribunal<\/strong>\n<ul>\n<li>Presidente del tribunal: sebastia Serrano farrera <\/li>\n<li>enric Balaguer pascual (vocal)<\/li>\n<li>Jes\u00fas timoteo \u00e1lvarez fernandez (vocal)<\/li>\n<li>Jos\u00e9 Mar\u00eda Bernardo paniagua (vocal)<\/li>\n<\/ul>\n<\/li>\n<\/ul>\n<p>&nbsp;<\/p>\n","protected":false},"excerpt":{"rendered":"<p>Tesis doctoral de Nel.lo Pellisser Rossell An\u00e1lisis de la obra period\u00edstica de mart\u00ed dom\u00ednguez i barber\u00ed\u00a0 (1908-1994) mediante la metodolog\u00eda [&hellip;]<\/p>\n","protected":false},"author":1,"featured_media":0,"comment_status":"open","ping_status":"open","sticky":false,"template":"","format":"standard","meta":{"site-sidebar-layout":"default","site-content-layout":"","ast-site-content-layout":"","site-content-style":"default","site-sidebar-style":"default","ast-global-header-display":"","ast-banner-title-visibility":"","ast-main-header-display":"","ast-hfb-above-header-display":"","ast-hfb-below-header-display":"","ast-hfb-mobile-header-display":"","site-post-title":"","ast-breadcrumbs-content":"","ast-featured-img":"","footer-sml-layout":"","theme-transparent-header-meta":"","adv-header-id-meta":"","stick-header-meta":"","header-above-stick-meta":"","header-main-stick-meta":"","header-below-stick-meta":"","astra-migrate-meta-layouts":"default","ast-page-background-enabled":"default","ast-page-background-meta":{"desktop":{"background-color":"var(--ast-global-color-4)","background-image":"","background-repeat":"repeat","background-position":"center center","background-size":"auto","background-attachment":"scroll","background-type":"","background-media":"","overlay-type":"","overlay-color":"","overlay-gradient":""},"tablet":{"background-color":"","background-image":"","background-repeat":"repeat","background-position":"center center","background-size":"auto","background-attachment":"scroll","background-type":"","background-media":"","overlay-type":"","overlay-color":"","overlay-gradient":""},"mobile":{"background-color":"","background-image":"","background-repeat":"repeat","background-position":"center center","background-size":"auto","background-attachment":"scroll","background-type":"","background-media":"","overlay-type":"","overlay-color":"","overlay-gradient":""}},"ast-content-background-meta":{"desktop":{"background-color":"var(--ast-global-color-5)","background-image":"","background-repeat":"repeat","background-position":"center center","background-size":"auto","background-attachment":"scroll","background-type":"","background-media":"","overlay-type":"","overlay-color":"","overlay-gradient":""},"tablet":{"background-color":"var(--ast-global-color-5)","background-image":"","background-repeat":"repeat","background-position":"center center","background-size":"auto","background-attachment":"scroll","background-type":"","background-media":"","overlay-type":"","overlay-color":"","overlay-gradient":""},"mobile":{"background-color":"var(--ast-global-color-5)","background-image":"","background-repeat":"repeat","background-position":"center center","background-size":"auto","background-attachment":"scroll","background-type":"","background-media":"","overlay-type":"","overlay-color":"","overlay-gradient":""}},"footnotes":""},"categories":[148,147,2965,104,5812,222,628],"tags":[33273,5814,83635,140803,19172,11472],"class_list":["post-75538","post","type-post","status-publish","format-standard","hentry","category-analisis-literario","category-ciencias-de-las-artes-y-las-letras","category-estilo-y-estetica-literarios","category-historia","category-historia-del-periodismo","category-historias-especializadas","category-teoria-analisis-y-critica-literarios","tag-enric-balaguer-pascual","tag-jesus-timoteo-alvarez-fernandez","tag-jose-maria-bernardo-paniagua","tag-nel-lo-pellisser-rossell","tag-sebastia-serrano-farrera","tag-vicent-manuel-salvador-liern"],"_links":{"self":[{"href":"https:\/\/www.deberes.net\/tesis\/wp-json\/wp\/v2\/posts\/75538","targetHints":{"allow":["GET"]}}],"collection":[{"href":"https:\/\/www.deberes.net\/tesis\/wp-json\/wp\/v2\/posts"}],"about":[{"href":"https:\/\/www.deberes.net\/tesis\/wp-json\/wp\/v2\/types\/post"}],"author":[{"embeddable":true,"href":"https:\/\/www.deberes.net\/tesis\/wp-json\/wp\/v2\/users\/1"}],"replies":[{"embeddable":true,"href":"https:\/\/www.deberes.net\/tesis\/wp-json\/wp\/v2\/comments?post=75538"}],"version-history":[{"count":0,"href":"https:\/\/www.deberes.net\/tesis\/wp-json\/wp\/v2\/posts\/75538\/revisions"}],"wp:attachment":[{"href":"https:\/\/www.deberes.net\/tesis\/wp-json\/wp\/v2\/media?parent=75538"}],"wp:term":[{"taxonomy":"category","embeddable":true,"href":"https:\/\/www.deberes.net\/tesis\/wp-json\/wp\/v2\/categories?post=75538"},{"taxonomy":"post_tag","embeddable":true,"href":"https:\/\/www.deberes.net\/tesis\/wp-json\/wp\/v2\/tags?post=75538"}],"curies":[{"name":"wp","href":"https:\/\/api.w.org\/{rel}","templated":true}]}}