{"id":75565,"date":"2005-08-07T00:00:00","date_gmt":"2005-08-07T00:00:00","guid":{"rendered":"https:\/\/www.deberes.net\/tesis\/sin-categoria\/la-corte-en-madrid-transformaciones-institucionales-1606-1643\/"},"modified":"2005-08-07T00:00:00","modified_gmt":"2005-08-07T00:00:00","slug":"la-corte-en-madrid-transformaciones-institucionales-1606-1643","status":"publish","type":"post","link":"https:\/\/www.deberes.net\/tesis\/historia\/la-corte-en-madrid-transformaciones-institucionales-1606-1643\/","title":{"rendered":"La corte en Madrid , transformaciones institucionales 1606-1643"},"content":{"rendered":"<h2>Tesis doctoral de <strong> Jes\u00fas Mar\u00eda Navalpotro S\u00e1nchez Peinado <\/strong><\/h2>\n<p>Esta tesis estudia los medios institucionales que desarrolla la  administraci\u00f3n central de la monarqu\u00eda cat\u00f3lica para atender a la corte desde su establecimiento definitivo en Madrid en 1606.  para ello se analizan los planteamientos te\u00f3ricos sobre lo que debia ser la sede de la corte , as\u00ed como las doctrinas jur\u00eddicas y pol\u00edticas que fundamentan el concepto de \u00abpolicia\u00bb y su expansi\u00f3n , dentro de un marcado proceso intervencionista de la corona sobre la vida social , proceso que puede ser caracterizado en t\u00e9rminos de univocidad en el \u00e1mbito jur\u00eddico y pol\u00edtico, en una tendencia que tambi\u00e9n se experimenta en la econom\u00eda, la cultura y las relaciones sociales.  los \u00f3rganos institucionales centrales que se estudian en particular , como instrumentos jur\u00eddicos, institucionales, son la junta de limpieza , ornato y policia , la junta de aposento, la sala de alcaldes de casa y corte, la junta de obras y bosques y los proyectos institucionales sobre la configuraci\u00f3n eclesi\u00e1stica de la corte: tanto los intentos de establecer una catedra episcopal, asi como el desarrollo de la inquisici\u00f3n en la corte.<\/p>\n<p>&nbsp;<\/p>\n<h3>Datos acad\u00e9micos de la tesis doctoral \u00ab<strong>La corte en Madrid , transformaciones institucionales 1606-1643<\/strong>\u00ab<\/h3>\n<ul>\n<li><strong>T\u00edtulo de la tesis:<\/strong>\u00a0 La corte en Madrid , transformaciones institucionales 1606-1643 <\/li>\n<li><strong>Autor:<\/strong>\u00a0 Jes\u00fas Mar\u00eda Navalpotro S\u00e1nchez Peinado <\/li>\n<li><strong>Universidad:<\/strong>\u00a0 Rey juan carlos<\/li>\n<li><strong>Fecha de lectura de la tesis:<\/strong>\u00a0 08\/07\/2005<\/li>\n<\/ul>\n<p>&nbsp;<\/p>\n<h3>Direcci\u00f3n y tribunal<\/h3>\n<ul>\n<li><strong>Director de la tesis<\/strong>\n<ul>\n<li>Fernando Suarez Bilbao<\/li>\n<\/ul>\n<\/li>\n<li><strong>Tribunal<\/strong>\n<ul>\n<li>Presidente del tribunal: Jos\u00e9 Antonio Escudero lopez <\/li>\n<li>Javier Alvarado planas (vocal)<\/li>\n<li>bruno Aguilera barchet (vocal)<\/li>\n<li> Baltar rodriguez Juan  Francisco (vocal)<\/li>\n<\/ul>\n<\/li>\n<\/ul>\n<p>&nbsp;<\/p>\n","protected":false},"excerpt":{"rendered":"<p>Tesis doctoral de Jes\u00fas Mar\u00eda Navalpotro S\u00e1nchez Peinado Esta tesis estudia los medios institucionales que desarrolla la administraci\u00f3n central de [&hellip;]<\/p>\n","protected":false},"author":1,"featured_media":0,"comment_status":"open","ping_status":"open","sticky":false,"template":"","format":"standard","meta":{"site-sidebar-layout":"default","site-content-layout":"","ast-site-content-layout":"","site-content-style":"default","site-sidebar-style":"default","ast-global-header-display":"","ast-banner-title-visibility":"","ast-main-header-display":"","ast-hfb-above-header-display":"","ast-hfb-below-header-display":"","ast-hfb-mobile-header-display":"","site-post-title":"","ast-breadcrumbs-content":"","ast-featured-img":"","footer-sml-layout":"","theme-transparent-header-meta":"","adv-header-id-meta":"","stick-header-meta":"","header-above-stick-meta":"","header-main-stick-meta":"","header-below-stick-meta":"","astra-migrate-meta-layouts":"default","ast-page-background-enabled":"default","ast-page-background-meta":{"desktop":{"background-color":"var(--ast-global-color-4)","background-image":"","background-repeat":"repeat","background-position":"center center","background-size":"auto","background-attachment":"scroll","background-type":"","background-media":"","overlay-type":"","overlay-color":"","overlay-gradient":""},"tablet":{"background-color":"","background-image":"","background-repeat":"repeat","background-position":"center center","background-size":"auto","background-attachment":"scroll","background-type":"","background-media":"","overlay-type":"","overlay-color":"","overlay-gradient":""},"mobile":{"background-color":"","background-image":"","background-repeat":"repeat","background-position":"center center","background-size":"auto","background-attachment":"scroll","background-type":"","background-media":"","overlay-type":"","overlay-color":"","overlay-gradient":""}},"ast-content-background-meta":{"desktop":{"background-color":"var(--ast-global-color-5)","background-image":"","background-repeat":"repeat","background-position":"center center","background-size":"auto","background-attachment":"scroll","background-type":"","background-media":"","overlay-type":"","overlay-color":"","overlay-gradient":""},"tablet":{"background-color":"var(--ast-global-color-5)","background-image":"","background-repeat":"repeat","background-position":"center center","background-size":"auto","background-attachment":"scroll","background-type":"","background-media":"","overlay-type":"","overlay-color":"","overlay-gradient":""},"mobile":{"background-color":"var(--ast-global-color-5)","background-image":"","background-repeat":"repeat","background-position":"center center","background-size":"auto","background-attachment":"scroll","background-type":"","background-media":"","overlay-type":"","overlay-color":"","overlay-gradient":""}},"footnotes":""},"categories":[104,758,222,36610],"tags":[18463,5967,54709,54710,163324,18464],"class_list":["post-75565","post","type-post","status-publish","format-standard","hentry","category-historia","category-historia-del-derecho-y-de-las-instituciones-juridicas","category-historias-especializadas","category-rey-juan-carlos","tag-baltar-rodriguez-juan-francisco","tag-bruno-aguilera-barchet","tag-fernando-suarez-bilbao","tag-javier-alvarado-planas","tag-jesus-maria-navalpotro-sanchez-peinado","tag-jose-antonio-escudero-lopez"],"_links":{"self":[{"href":"https:\/\/www.deberes.net\/tesis\/wp-json\/wp\/v2\/posts\/75565","targetHints":{"allow":["GET"]}}],"collection":[{"href":"https:\/\/www.deberes.net\/tesis\/wp-json\/wp\/v2\/posts"}],"about":[{"href":"https:\/\/www.deberes.net\/tesis\/wp-json\/wp\/v2\/types\/post"}],"author":[{"embeddable":true,"href":"https:\/\/www.deberes.net\/tesis\/wp-json\/wp\/v2\/users\/1"}],"replies":[{"embeddable":true,"href":"https:\/\/www.deberes.net\/tesis\/wp-json\/wp\/v2\/comments?post=75565"}],"version-history":[{"count":0,"href":"https:\/\/www.deberes.net\/tesis\/wp-json\/wp\/v2\/posts\/75565\/revisions"}],"wp:attachment":[{"href":"https:\/\/www.deberes.net\/tesis\/wp-json\/wp\/v2\/media?parent=75565"}],"wp:term":[{"taxonomy":"category","embeddable":true,"href":"https:\/\/www.deberes.net\/tesis\/wp-json\/wp\/v2\/categories?post=75565"},{"taxonomy":"post_tag","embeddable":true,"href":"https:\/\/www.deberes.net\/tesis\/wp-json\/wp\/v2\/tags?post=75565"}],"curies":[{"name":"wp","href":"https:\/\/api.w.org\/{rel}","templated":true}]}}