{"id":75627,"date":"2005-12-07T00:00:00","date_gmt":"2005-12-07T00:00:00","guid":{"rendered":"https:\/\/www.deberes.net\/tesis\/sin-categoria\/materiales-zeolita-carbon-materiales-nanoestructurados-y-coloides-sa%c2%adntesis-y-aplicaciones\/"},"modified":"2005-12-07T00:00:00","modified_gmt":"2005-12-07T00:00:00","slug":"materiales-zeolita-carbon-materiales-nanoestructurados-y-coloides-sa%c2%adntesis-y-aplicaciones","status":"publish","type":"post","link":"https:\/\/www.deberes.net\/tesis\/quimica\/materiales-zeolita-carbon-materiales-nanoestructurados-y-coloides-sa%c2%adntesis-y-aplicaciones\/","title":{"rendered":"Materiales zeolita\/carb\u00f3n , materiales nanoestructurados y coloides: s\u00edntesis y aplicaciones."},"content":{"rendered":"<h2>Tesis doctoral de <strong> \u00e1ngel Berenguer Murcia <\/strong><\/h2>\n<p>Esta tesis doctoral analiza la preparaci\u00f3n y estudio de membranas de zeolita del tipo mfi (silicalita-1)sobre materiales carbonosos, as\u00ed como el estudio sobre la nueva posibilidad de preparar reactores de membrana combinando las t\u00e9cnicas de dep\u00f3sito electrofor\u00e9tico y el dep\u00f3sito por salto de potencial. algunos de los materiales preparados en este estudio se han caracterizado empleando un sistema de permeaci\u00f3n basado en una c\u00e9lula wicke-kallenbach. en esta tesis tambi\u00e9n se recoge un estudio exhaustivo y detallado acerca de la caracterizaci\u00f3n y preparaci\u00f3n del material nanoestructurado mcm-41 para profundizar en su compresi\u00f3n.  finalmente , se han preparado nanopart\u00edculas bimet\u00e1licas empleando el m\u00e9todo por reducci\u00f3n con disolvente para obtener coloides de part\u00edculas bimet\u00e1licas de tama\u00f1o nanom\u00e9trico (2 mm) con una distribuci\u00f3n de tama\u00f1os de part\u00edcula muy estrecha. Estas nanopart\u00edculas han demostrado ser muy activas y selectivas en distintas reacciones de un gran inter\u00e9s en qu\u00edmica industrial y medioambiental.<\/p>\n<p>&nbsp;<\/p>\n<h3>Datos acad\u00e9micos de la tesis doctoral \u00ab<strong>Materiales zeolita\/carb\u00f3n , materiales nanoestructurados y coloides: s\u00edntesis y aplicaciones.<\/strong>\u00ab<\/h3>\n<ul>\n<li><strong>T\u00edtulo de la tesis:<\/strong>\u00a0 Materiales zeolita\/carb\u00f3n , materiales nanoestructurados y coloides: s\u00edntesis y aplicaciones. <\/li>\n<li><strong>Autor:<\/strong>\u00a0 \u00e1ngel Berenguer Murcia <\/li>\n<li><strong>Universidad:<\/strong>\u00a0 Alicante<\/li>\n<li><strong>Fecha de lectura de la tesis:<\/strong>\u00a0 12\/07\/2005<\/li>\n<\/ul>\n<p>&nbsp;<\/p>\n<h3>Direcci\u00f3n y tribunal<\/h3>\n<ul>\n<li><strong>Director de la tesis<\/strong>\n<ul>\n<li>Angel Linares Solano<\/li>\n<\/ul>\n<\/li>\n<li><strong>Tribunal<\/strong>\n<ul>\n<li>Presidente del tribunal: daniel Beltran porter <\/li>\n<li>xavier Querol carceller (vocal)<\/li>\n<li>cornelius Jansen jacobus (vocal)<\/li>\n<li>Miguel Men\u00e9ndez sastre (vocal)<\/li>\n<\/ul>\n<\/li>\n<\/ul>\n<p>&nbsp;<\/p>\n","protected":false},"excerpt":{"rendered":"<p>Tesis doctoral de \u00e1ngel Berenguer Murcia Esta tesis doctoral analiza la preparaci\u00f3n y estudio de membranas de zeolita del tipo [&hellip;]<\/p>\n","protected":false},"author":1,"featured_media":0,"comment_status":"open","ping_status":"open","sticky":false,"template":"","format":"standard","meta":{"site-sidebar-layout":"default","site-content-layout":"","ast-site-content-layout":"","site-content-style":"default","site-sidebar-style":"default","ast-global-header-display":"","ast-banner-title-visibility":"","ast-main-header-display":"","ast-hfb-above-header-display":"","ast-hfb-below-header-display":"","ast-hfb-mobile-header-display":"","site-post-title":"","ast-breadcrumbs-content":"","ast-featured-img":"","footer-sml-layout":"","theme-transparent-header-meta":"","adv-header-id-meta":"","stick-header-meta":"","header-above-stick-meta":"","header-main-stick-meta":"","header-below-stick-meta":"","astra-migrate-meta-layouts":"default","ast-page-background-enabled":"default","ast-page-background-meta":{"desktop":{"background-color":"var(--ast-global-color-4)","background-image":"","background-repeat":"repeat","background-position":"center center","background-size":"auto","background-attachment":"scroll","background-type":"","background-media":"","overlay-type":"","overlay-color":"","overlay-gradient":""},"tablet":{"background-color":"","background-image":"","background-repeat":"repeat","background-position":"center center","background-size":"auto","background-attachment":"scroll","background-type":"","background-media":"","overlay-type":"","overlay-color":"","overlay-gradient":""},"mobile":{"background-color":"","background-image":"","background-repeat":"repeat","background-position":"center center","background-size":"auto","background-attachment":"scroll","background-type":"","background-media":"","overlay-type":"","overlay-color":"","overlay-gradient":""}},"ast-content-background-meta":{"desktop":{"background-color":"var(--ast-global-color-5)","background-image":"","background-repeat":"repeat","background-position":"center center","background-size":"auto","background-attachment":"scroll","background-type":"","background-media":"","overlay-type":"","overlay-color":"","overlay-gradient":""},"tablet":{"background-color":"var(--ast-global-color-5)","background-image":"","background-repeat":"repeat","background-position":"center center","background-size":"auto","background-attachment":"scroll","background-type":"","background-media":"","overlay-type":"","overlay-color":"","overlay-gradient":""},"mobile":{"background-color":"var(--ast-global-color-5)","background-image":"","background-repeat":"repeat","background-position":"center center","background-size":"auto","background-attachment":"scroll","background-type":"","background-media":"","overlay-type":"","overlay-color":"","overlay-gradient":""}},"footnotes":""},"categories":[19166,4280,17,20],"tags":[163430,19270,163431,11602,28721,32674],"class_list":["post-75627","post","type-post","status-publish","format-standard","hentry","category-alicante","category-carbono","category-quimica","category-quimica-inorganica","tag-angel-berenguer-murcia","tag-angel-linares-solano","tag-cornelius-jansen-jacobus","tag-daniel-beltran-porter","tag-miguel-menendez-sastre","tag-xavier-querol-carceller"],"_links":{"self":[{"href":"https:\/\/www.deberes.net\/tesis\/wp-json\/wp\/v2\/posts\/75627","targetHints":{"allow":["GET"]}}],"collection":[{"href":"https:\/\/www.deberes.net\/tesis\/wp-json\/wp\/v2\/posts"}],"about":[{"href":"https:\/\/www.deberes.net\/tesis\/wp-json\/wp\/v2\/types\/post"}],"author":[{"embeddable":true,"href":"https:\/\/www.deberes.net\/tesis\/wp-json\/wp\/v2\/users\/1"}],"replies":[{"embeddable":true,"href":"https:\/\/www.deberes.net\/tesis\/wp-json\/wp\/v2\/comments?post=75627"}],"version-history":[{"count":0,"href":"https:\/\/www.deberes.net\/tesis\/wp-json\/wp\/v2\/posts\/75627\/revisions"}],"wp:attachment":[{"href":"https:\/\/www.deberes.net\/tesis\/wp-json\/wp\/v2\/media?parent=75627"}],"wp:term":[{"taxonomy":"category","embeddable":true,"href":"https:\/\/www.deberes.net\/tesis\/wp-json\/wp\/v2\/categories?post=75627"},{"taxonomy":"post_tag","embeddable":true,"href":"https:\/\/www.deberes.net\/tesis\/wp-json\/wp\/v2\/tags?post=75627"}],"curies":[{"name":"wp","href":"https:\/\/api.w.org\/{rel}","templated":true}]}}