{"id":75655,"date":"2005-12-07T00:00:00","date_gmt":"2005-12-07T00:00:00","guid":{"rendered":"https:\/\/www.deberes.net\/tesis\/sin-categoria\/obesidad-ejercicio-fa%c2%adsico-y-crecimiento-en-la-poblacion-infantil-de-gran-canaria-estudio-longitudinal\/"},"modified":"2005-12-07T00:00:00","modified_gmt":"2005-12-07T00:00:00","slug":"obesidad-ejercicio-fa%c2%adsico-y-crecimiento-en-la-poblacion-infantil-de-gran-canaria-estudio-longitudinal","status":"publish","type":"post","link":"https:\/\/www.deberes.net\/tesis\/ciencias-medicas\/obesidad-ejercicio-fa%c2%adsico-y-crecimiento-en-la-poblacion-infantil-de-gran-canaria-estudio-longitudinal\/","title":{"rendered":"Obesidad, ejercicio f\u00edsico y crecimiento en la poblaci\u00f3n infantil de gran canaria: estudio longitudinal"},"content":{"rendered":"<h2>Tesis doctoral de <strong> Ignacio Ara Royo <\/strong><\/h2>\n<p>Hasta que los avances en gen\u00e9tica permitan detectar y manipular los genes implicados en el alarmante aumento de la preValencia de obesidad en ni\u00f1os y j\u00f3venes, la \u00fanica soluci\u00f3n realista al problema de la obesidad infantil es la prevenci\u00f3n. Intentos por mejorar a un solo nivel o en un solo escenario el problema ser\u00e1n probablemente insuficientes. La soluci\u00f3n pasa por actuar principalmente sobre dos aspectos fundamentales en el balance energ\u00e9tico: la ingesta y el gasto energ\u00e9tico. Por tanto, uno de los principales objetivos es tratar de modificar las conductas de los ni\u00f1os, reduciendo el n\u00famero de horas dedicadas a actividades sedentarias y aumentar los niveles de actividad f\u00edsica. Los datos presentados en estos trabajos pretenden colaborar en la determinaci\u00f3n de cuales son aquellas intervenciones m\u00e1s eficaces para promover un descenso de la preValencia de obesidad en ni\u00f1os. Los resultados incluidos en esta tesis demuestran que a\u00f1adir 3 horas a la semana de pr\u00e1ctica deportiva a aquellas horas que en la actualidad son obligatorias para ni\u00f1os prep\u00faberes en la escuela, permite atenuar la acumulaci\u00f3n de masa grasa durante el crecimiento, al tiempo que incrementa la ganancia de masa muscular y mejora la condici\u00f3n f\u00edsica de los ni\u00f1os. Adem\u00e1s, hemos constatado que en adultos j\u00f3venes el entrenamiento de fuerza de seis semanas de duraci\u00f3n tiene un efecto positivo sobre la composici\u00f3n corporal, disminuyendo ligeramente la masa grasa. A pesar de este descenso de la masa grasa, este tipo de entrenamiento no influye significativamente en la concentraci\u00f3n s\u00e9rica basal de leptina, su receptor soluble o la fracci\u00f3n biodisponible de leptina. nuestros datos tambi\u00e9n sugieren que el entrenamiento de fuerza per se, es decir, aparte de sus efectos sobre la masa grasa, no influye en los niveles basales de leptina, su receptor soluble o la fracci\u00f3n biodisponible de la hormona.<\/p>\n<p>&nbsp;<\/p>\n<h3>Datos acad\u00e9micos de la tesis doctoral \u00ab<strong>Obesidad, ejercicio f\u00edsico y crecimiento en la poblaci\u00f3n infantil de gran canaria: estudio longitudinal<\/strong>\u00ab<\/h3>\n<ul>\n<li><strong>T\u00edtulo de la tesis:<\/strong>\u00a0 Obesidad, ejercicio f\u00edsico y crecimiento en la poblaci\u00f3n infantil de gran canaria: estudio longitudinal <\/li>\n<li><strong>Autor:<\/strong>\u00a0 Ignacio Ara Royo <\/li>\n<li><strong>Universidad:<\/strong>\u00a0 Palmas de gran canaria<\/li>\n<li><strong>Fecha de lectura de la tesis:<\/strong>\u00a0 12\/07\/2005<\/li>\n<\/ul>\n<p>&nbsp;<\/p>\n<h3>Direcci\u00f3n y tribunal<\/h3>\n<ul>\n<li><strong>Director de la tesis<\/strong>\n<ul>\n<li> L\u00f3pez Calbet Jos\u00e9 Antonio<\/li>\n<\/ul>\n<\/li>\n<li><strong>Tribunal<\/strong>\n<ul>\n<li>Presidente del tribunal: alejandro Luc\u00eda mulas <\/li>\n<li>jorn Helge wulf (vocal)<\/li>\n<li>Jos\u00e9 Regidor Garc\u00eda (vocal)<\/li>\n<li> Gonz\u00e1lez badillo Juan  Jos\u00e9 (vocal)<\/li>\n<\/ul>\n<\/li>\n<\/ul>\n<p>&nbsp;<\/p>\n","protected":false},"excerpt":{"rendered":"<p>Tesis doctoral de Ignacio Ara Royo Hasta que los avances en gen\u00e9tica permitan detectar y manipular los genes implicados en [&hellip;]<\/p>\n","protected":false},"author":1,"featured_media":0,"comment_status":"open","ping_status":"open","sticky":false,"template":"","format":"standard","meta":{"site-sidebar-layout":"default","site-content-layout":"","ast-site-content-layout":"","site-content-style":"default","site-sidebar-style":"default","ast-global-header-display":"","ast-banner-title-visibility":"","ast-main-header-display":"","ast-hfb-above-header-display":"","ast-hfb-below-header-display":"","ast-hfb-mobile-header-display":"","site-post-title":"","ast-breadcrumbs-content":"","ast-featured-img":"","footer-sml-layout":"","theme-transparent-header-meta":"","adv-header-id-meta":"","stick-header-meta":"","header-above-stick-meta":"","header-main-stick-meta":"","header-below-stick-meta":"","astra-migrate-meta-layouts":"default","ast-page-background-enabled":"default","ast-page-background-meta":{"desktop":{"background-color":"var(--ast-global-color-4)","background-image":"","background-repeat":"repeat","background-position":"center center","background-size":"auto","background-attachment":"scroll","background-type":"","background-media":"","overlay-type":"","overlay-color":"","overlay-gradient":""},"tablet":{"background-color":"","background-image":"","background-repeat":"repeat","background-position":"center center","background-size":"auto","background-attachment":"scroll","background-type":"","background-media":"","overlay-type":"","overlay-color":"","overlay-gradient":""},"mobile":{"background-color":"","background-image":"","background-repeat":"repeat","background-position":"center center","background-size":"auto","background-attachment":"scroll","background-type":"","background-media":"","overlay-type":"","overlay-color":"","overlay-gradient":""}},"ast-content-background-meta":{"desktop":{"background-color":"var(--ast-global-color-5)","background-image":"","background-repeat":"repeat","background-position":"center center","background-size":"auto","background-attachment":"scroll","background-type":"","background-media":"","overlay-type":"","overlay-color":"","overlay-gradient":""},"tablet":{"background-color":"var(--ast-global-color-5)","background-image":"","background-repeat":"repeat","background-position":"center center","background-size":"auto","background-attachment":"scroll","background-type":"","background-media":"","overlay-type":"","overlay-color":"","overlay-gradient":""},"mobile":{"background-color":"var(--ast-global-color-5)","background-image":"","background-repeat":"repeat","background-position":"center center","background-size":"auto","background-attachment":"scroll","background-type":"","background-media":"","overlay-type":"","overlay-color":"","overlay-gradient":""}},"footnotes":""},"categories":[9,1686,16629],"tags":[23771,63867,163481,163482,10224,33516],"class_list":["post-75655","post","type-post","status-publish","format-standard","hentry","category-ciencias-medicas","category-medicina-preventiva","category-palmas-de-gran-canaria","tag-alejandro-lucia-mulas","tag-gonzalez-badillo-juan-jose","tag-ignacio-ara-royo","tag-jorn-helge-wulf","tag-jose-regidor-garcia","tag-lopez-calbet-jose-antonio"],"_links":{"self":[{"href":"https:\/\/www.deberes.net\/tesis\/wp-json\/wp\/v2\/posts\/75655","targetHints":{"allow":["GET"]}}],"collection":[{"href":"https:\/\/www.deberes.net\/tesis\/wp-json\/wp\/v2\/posts"}],"about":[{"href":"https:\/\/www.deberes.net\/tesis\/wp-json\/wp\/v2\/types\/post"}],"author":[{"embeddable":true,"href":"https:\/\/www.deberes.net\/tesis\/wp-json\/wp\/v2\/users\/1"}],"replies":[{"embeddable":true,"href":"https:\/\/www.deberes.net\/tesis\/wp-json\/wp\/v2\/comments?post=75655"}],"version-history":[{"count":0,"href":"https:\/\/www.deberes.net\/tesis\/wp-json\/wp\/v2\/posts\/75655\/revisions"}],"wp:attachment":[{"href":"https:\/\/www.deberes.net\/tesis\/wp-json\/wp\/v2\/media?parent=75655"}],"wp:term":[{"taxonomy":"category","embeddable":true,"href":"https:\/\/www.deberes.net\/tesis\/wp-json\/wp\/v2\/categories?post=75655"},{"taxonomy":"post_tag","embeddable":true,"href":"https:\/\/www.deberes.net\/tesis\/wp-json\/wp\/v2\/tags?post=75655"}],"curies":[{"name":"wp","href":"https:\/\/api.w.org\/{rel}","templated":true}]}}