{"id":75713,"date":"2018-03-09T23:20:58","date_gmt":"2018-03-09T23:20:58","guid":{"rendered":"https:\/\/www.deberes.net\/tesis\/sin-categoria\/seleccion-y-manejo-de-especies-cruciferas-para-su-uso-como-cubiertas-vegetales-en-olivar\/"},"modified":"2018-03-09T23:20:58","modified_gmt":"2018-03-09T23:20:58","slug":"seleccion-y-manejo-de-especies-cruciferas-para-su-uso-como-cubiertas-vegetales-en-olivar","status":"publish","type":"post","link":"https:\/\/www.deberes.net\/tesis\/ciencias-agrarias\/seleccion-y-manejo-de-especies-cruciferas-para-su-uso-como-cubiertas-vegetales-en-olivar\/","title":{"rendered":"Selecci\u00f3n y manejo de especies cruciferas para su uso como cubiertas vegetales en olivar"},"content":{"rendered":"<h2>Tesis doctoral de <strong> Mar\u00eda  Cristina Alcantara Bra\u00f1a <\/strong><\/h2>\n<p>Espa\u00f1a es el principal pa\u00eds productor de aceite de oliva, situ\u00e1ndose el 75% de la producci\u00f3n en andaluc\u00eda, siendo el olivar un elemento configurador de esta regi\u00f3n por su importante papel en la creaci\u00f3n de empleo y su influencia en el modo de vida de gran parte de la poblaci\u00f3n. El uso de cubiertas vegetales como t\u00e9cnica de manejo de suelo y olivar ha sido aumentando, obteni\u00e9ndose muy buenos resultados con cubiertas de cebada o de gram\u00edneas espont\u00e1neas. sin embargo, la utilizaci\u00f3n reiterada de la misma especie ha dado lugar a compactaci\u00f3n de suelos e inversiones de flora, poniendo de manifiesto la necesidad de rotar cubiertas. Las especies cruc\u00edferas presentan numerosas ventajas que las hacen muy adecuadas: crecimiento invernal r\u00e1pido, buena producci\u00f3n de biomasa, potente sistema radical que facilita la descompactaci\u00f3n del suelo y un enorme potencial para controlar verticillium dalhie, malas hierbas y nematodos gracias a su contenido en glucosinolatos.  por ello se han evaluado un total de 11 especies en 26 olivares, estudiando su emergencia, cobertura y biomasa as\u00ed como factores agron\u00f3micos o ed\u00e1ficos que pudieran limitar su emergencia y\/o desarrollo. Tambi\u00e9n con la idea de reducir al m\u00e1ximo el empleo de herbicidas, se ha estudiado la adaptaci\u00f3n de estas especies a un manejo mediante siega mec\u00e1nica, as\u00ed como el contenido de agua en el suelo frente a un sistema de no laboreo suelo desnudo. Dado que la flora del olivar es tan diversa, se ha estudiado la capacidad de los restos de las cubiertas de cruc\u00edferas de controlar malas hierbas de ciclo primavera verano, y por \u00faltimo se ha evaluado la capacidad competitivas de las cruc\u00edferas frente a especies gram\u00edneas, lo que nos ha permitido estudiar la adecuaci\u00f3n de la rotaci\u00f3n de unas especies con otras.  sinapsis alba ha destacado por su magn\u00edfico comportamiento en las condiciones del cultivo, con buena emergencia, excelente cobertura y alta producci\u00f3n de biomasa<\/p>\n<p>&nbsp;<\/p>\n<h3>Datos acad\u00e9micos de la tesis doctoral \u00ab<strong>Selecci\u00f3n y manejo de especies cruciferas para su uso como cubiertas vegetales en olivar<\/strong>\u00ab<\/h3>\n<ul>\n<li><strong>T\u00edtulo de la tesis:<\/strong>\u00a0 Selecci\u00f3n y manejo de especies cruciferas para su uso como cubiertas vegetales en olivar <\/li>\n<li><strong>Autor:<\/strong>\u00a0 Mar\u00eda  Cristina Alcantara Bra\u00f1a <\/li>\n<li><strong>Universidad:<\/strong>\u00a0 C\u00f3rdoba<\/li>\n<li><strong>Fecha de lectura de la tesis:<\/strong>\u00a0 14\/07\/2005<\/li>\n<\/ul>\n<p>&nbsp;<\/p>\n<h3>Direcci\u00f3n y tribunal<\/h3>\n<ul>\n<li><strong>Director de la tesis<\/strong>\n<ul>\n<li>Antonio  Jos\u00e9 Pujadas  Salv\u00e1<\/li>\n<\/ul>\n<\/li>\n<li><strong>Tribunal<\/strong>\n<ul>\n<li>Presidente del tribunal: Luis L\u00f3pez bellido <\/li>\n<li>Carlos Zaragoza larios (vocal)<\/li>\n<li>enriqueta Martin-consuegra fern\u00e1ndez (vocal)<\/li>\n<li>Jos\u00e9 Bejarano alcazar (vocal)<\/li>\n<\/ul>\n<\/li>\n<\/ul>\n<p>&nbsp;<\/p>\n","protected":false},"excerpt":{"rendered":"<p>Tesis doctoral de Mar\u00eda Cristina Alcantara Bra\u00f1a Espa\u00f1a es el principal pa\u00eds productor de aceite de oliva, situ\u00e1ndose el 75% [&hellip;]<\/p>\n","protected":false},"author":1,"featured_media":0,"comment_status":"open","ping_status":"open","sticky":false,"template":"","format":"standard","meta":{"site-sidebar-layout":"default","site-content-layout":"","ast-site-content-layout":"","site-content-style":"default","site-sidebar-style":"default","ast-global-header-display":"","ast-banner-title-visibility":"","ast-main-header-display":"","ast-hfb-above-header-display":"","ast-hfb-below-header-display":"","ast-hfb-mobile-header-display":"","site-post-title":"","ast-breadcrumbs-content":"","ast-featured-img":"","footer-sml-layout":"","theme-transparent-header-meta":"","adv-header-id-meta":"","stick-header-meta":"","header-above-stick-meta":"","header-main-stick-meta":"","header-below-stick-meta":"","astra-migrate-meta-layouts":"default","ast-page-background-enabled":"default","ast-page-background-meta":{"desktop":{"background-color":"var(--ast-global-color-4)","background-image":"","background-repeat":"repeat","background-position":"center center","background-size":"auto","background-attachment":"scroll","background-type":"","background-media":"","overlay-type":"","overlay-color":"","overlay-gradient":""},"tablet":{"background-color":"","background-image":"","background-repeat":"repeat","background-position":"center center","background-size":"auto","background-attachment":"scroll","background-type":"","background-media":"","overlay-type":"","overlay-color":"","overlay-gradient":""},"mobile":{"background-color":"","background-image":"","background-repeat":"repeat","background-position":"center center","background-size":"auto","background-attachment":"scroll","background-type":"","background-media":"","overlay-type":"","overlay-color":"","overlay-gradient":""}},"ast-content-background-meta":{"desktop":{"background-color":"var(--ast-global-color-5)","background-image":"","background-repeat":"repeat","background-position":"center center","background-size":"auto","background-attachment":"scroll","background-type":"","background-media":"","overlay-type":"","overlay-color":"","overlay-gradient":""},"tablet":{"background-color":"var(--ast-global-color-5)","background-image":"","background-repeat":"repeat","background-position":"center center","background-size":"auto","background-attachment":"scroll","background-type":"","background-media":"","overlay-type":"","overlay-color":"","overlay-gradient":""},"mobile":{"background-color":"var(--ast-global-color-5)","background-image":"","background-repeat":"repeat","background-position":"center center","background-size":"auto","background-attachment":"scroll","background-type":"","background-media":"","overlay-type":"","overlay-color":"","overlay-gradient":""}},"footnotes":""},"categories":[509,494,973,11747],"tags":[99256,28841,163586,101226,1997,163585],"class_list":["post-75713","post","type-post","status-publish","format-standard","hentry","category-agronomia","category-ciencias-agrarias","category-cordoba","category-proteccion-de-cultivos","tag-antonio-jose-pujadas-salva","tag-carlos-zaragoza-larios","tag-enriqueta-martin-consuegra-fernandez","tag-jose-bejarano-alcazar","tag-luis-lopez-bellido","tag-maria-cristina-alcantara-brana"],"_links":{"self":[{"href":"https:\/\/www.deberes.net\/tesis\/wp-json\/wp\/v2\/posts\/75713","targetHints":{"allow":["GET"]}}],"collection":[{"href":"https:\/\/www.deberes.net\/tesis\/wp-json\/wp\/v2\/posts"}],"about":[{"href":"https:\/\/www.deberes.net\/tesis\/wp-json\/wp\/v2\/types\/post"}],"author":[{"embeddable":true,"href":"https:\/\/www.deberes.net\/tesis\/wp-json\/wp\/v2\/users\/1"}],"replies":[{"embeddable":true,"href":"https:\/\/www.deberes.net\/tesis\/wp-json\/wp\/v2\/comments?post=75713"}],"version-history":[{"count":0,"href":"https:\/\/www.deberes.net\/tesis\/wp-json\/wp\/v2\/posts\/75713\/revisions"}],"wp:attachment":[{"href":"https:\/\/www.deberes.net\/tesis\/wp-json\/wp\/v2\/media?parent=75713"}],"wp:term":[{"taxonomy":"category","embeddable":true,"href":"https:\/\/www.deberes.net\/tesis\/wp-json\/wp\/v2\/categories?post=75713"},{"taxonomy":"post_tag","embeddable":true,"href":"https:\/\/www.deberes.net\/tesis\/wp-json\/wp\/v2\/tags?post=75713"}],"curies":[{"name":"wp","href":"https:\/\/api.w.org\/{rel}","templated":true}]}}