{"id":75732,"date":"2018-03-09T23:21:02","date_gmt":"2018-03-09T23:21:02","guid":{"rendered":"https:\/\/www.deberes.net\/tesis\/sin-categoria\/programa-de-mediacion-para-la-mejora-de-la-convivencia-en-los-centros-docentes\/"},"modified":"2018-03-09T23:21:02","modified_gmt":"2018-03-09T23:21:02","slug":"programa-de-mediacion-para-la-mejora-de-la-convivencia-en-los-centros-docentes","status":"publish","type":"post","link":"https:\/\/www.deberes.net\/tesis\/psicologia\/programa-de-mediacion-para-la-mejora-de-la-convivencia-en-los-centros-docentes\/","title":{"rendered":"Programa de mediacion para la mejora de la convivencia en los centros docentes"},"content":{"rendered":"<h2>Tesis doctoral de <strong> David Alvarez Garcia <\/strong><\/h2>\n<p>El primer objetivo de esta investigaci\u00f3n fue dise\u00f1ar y contrastar un instrumento para evaluar el nivel de la violencia escolar percibido por el alumnado: el cuestionario de violencia escolar (c.V.E.). Aplicado a 1637 estudiantes de e.S.O. Y bachillerato, ofrece una estructura de cinco factores de primer orden y uno de segundo orden y unos altos \u00edndices de fiabilidad. El segundo objetivo fue evaluar, por medio del c.V.E., El nivel de violencia en siete centros de e.S.O. (1742 estudiantes) as\u00ed como la influencia sobre \u00e9l de las variables de g\u00e9nero, repetici\u00f3n y ciclo educativo. Los datos confirman la influencia de estas variables y se\u00f1alan como m\u00e1s frecuentes la violencia verbal por parte del alumnado y, por parte del profesorado, el no tratar por igual a todos los estudiantes y castigar injustamente. El tercer objetivo fue dise\u00f1ar y contrastar un programa de intervenci\u00f3n para la reducci\u00f3n de la violencia escolar, basado enla formaci\u00f3n en mediaci\u00f3n. Los resusltados, obtenidos con 380 estudiantes de un centro de e.S.O., Muestran su efecto positivo en primer ciclo de secundaria y en bachillerato, sobre la violencia por parte del alumnado.<\/p>\n<p>&nbsp;<\/p>\n<h3>Datos acad\u00e9micos de la tesis doctoral \u00ab<strong>Programa de mediacion para la mejora de la convivencia en los centros docentes<\/strong>\u00ab<\/h3>\n<ul>\n<li><strong>T\u00edtulo de la tesis:<\/strong>\u00a0 Programa de mediacion para la mejora de la convivencia en los centros docentes <\/li>\n<li><strong>Autor:<\/strong>\u00a0 David Alvarez Garcia <\/li>\n<li><strong>Universidad:<\/strong>\u00a0 Oviedo<\/li>\n<li><strong>Fecha de lectura de la tesis:<\/strong>\u00a0 14\/07\/2005<\/li>\n<\/ul>\n<p>&nbsp;<\/p>\n<h3>Direcci\u00f3n y tribunal<\/h3>\n<ul>\n<li><strong>Director de la tesis<\/strong>\n<ul>\n<li>Luis Alvarez Perez<\/li>\n<\/ul>\n<\/li>\n<li><strong>Tribunal<\/strong>\n<ul>\n<li>Presidente del tribunal: julio Antonio Gonzalez garcia <\/li>\n<li>Antonio Valle arias (vocal)<\/li>\n<li> Moreno medina Mar\u00eda del valle (vocal)<\/li>\n<li>Miguel \u00e1ngel Carbonero mart\u00edn (vocal)<\/li>\n<\/ul>\n<\/li>\n<\/ul>\n<p>&nbsp;<\/p>\n","protected":false},"excerpt":{"rendered":"<p>Tesis doctoral de David Alvarez Garcia El primer objetivo de esta investigaci\u00f3n fue dise\u00f1ar y contrastar un instrumento para evaluar [&hellip;]<\/p>\n","protected":false},"author":1,"featured_media":0,"comment_status":"open","ping_status":"open","sticky":false,"template":"","format":"standard","meta":{"site-sidebar-layout":"default","site-content-layout":"","ast-site-content-layout":"","site-content-style":"default","site-sidebar-style":"default","ast-global-header-display":"","ast-banner-title-visibility":"","ast-main-header-display":"","ast-hfb-above-header-display":"","ast-hfb-below-header-display":"","ast-hfb-mobile-header-display":"","site-post-title":"","ast-breadcrumbs-content":"","ast-featured-img":"","footer-sml-layout":"","theme-transparent-header-meta":"","adv-header-id-meta":"","stick-header-meta":"","header-above-stick-meta":"","header-main-stick-meta":"","header-below-stick-meta":"","astra-migrate-meta-layouts":"default","ast-page-background-enabled":"default","ast-page-background-meta":{"desktop":{"background-color":"var(--ast-global-color-4)","background-image":"","background-repeat":"repeat","background-position":"center center","background-size":"auto","background-attachment":"scroll","background-type":"","background-media":"","overlay-type":"","overlay-color":"","overlay-gradient":""},"tablet":{"background-color":"","background-image":"","background-repeat":"repeat","background-position":"center center","background-size":"auto","background-attachment":"scroll","background-type":"","background-media":"","overlay-type":"","overlay-color":"","overlay-gradient":""},"mobile":{"background-color":"","background-image":"","background-repeat":"repeat","background-position":"center center","background-size":"auto","background-attachment":"scroll","background-type":"","background-media":"","overlay-type":"","overlay-color":"","overlay-gradient":""}},"ast-content-background-meta":{"desktop":{"background-color":"var(--ast-global-color-5)","background-image":"","background-repeat":"repeat","background-position":"center center","background-size":"auto","background-attachment":"scroll","background-type":"","background-media":"","overlay-type":"","overlay-color":"","overlay-gradient":""},"tablet":{"background-color":"var(--ast-global-color-5)","background-image":"","background-repeat":"repeat","background-position":"center center","background-size":"auto","background-attachment":"scroll","background-type":"","background-media":"","overlay-type":"","overlay-color":"","overlay-gradient":""},"mobile":{"background-color":"var(--ast-global-color-5)","background-image":"","background-repeat":"repeat","background-position":"center center","background-size":"auto","background-attachment":"scroll","background-type":"","background-media":"","overlay-type":"","overlay-color":"","overlay-gradient":""}},"footnotes":""},"categories":[8846,324,970,460,2758],"tags":[89823,76350,21544,8881,9470,76366],"class_list":["post-75732","post","type-post","status-publish","format-standard","hentry","category-oviedo","category-psicologia","category-psicologia-del-nino-y-del-adolescente","category-psicologia-escolar","category-psicologia-evolutiva","tag-antonio-valle-arias","tag-david-alvarez-garcia","tag-julio-antonio-gonzalez-garcia","tag-luis-alvarez-perez","tag-miguel-angel-carbonero-martin","tag-moreno-medina-maria-del-valle"],"_links":{"self":[{"href":"https:\/\/www.deberes.net\/tesis\/wp-json\/wp\/v2\/posts\/75732","targetHints":{"allow":["GET"]}}],"collection":[{"href":"https:\/\/www.deberes.net\/tesis\/wp-json\/wp\/v2\/posts"}],"about":[{"href":"https:\/\/www.deberes.net\/tesis\/wp-json\/wp\/v2\/types\/post"}],"author":[{"embeddable":true,"href":"https:\/\/www.deberes.net\/tesis\/wp-json\/wp\/v2\/users\/1"}],"replies":[{"embeddable":true,"href":"https:\/\/www.deberes.net\/tesis\/wp-json\/wp\/v2\/comments?post=75732"}],"version-history":[{"count":0,"href":"https:\/\/www.deberes.net\/tesis\/wp-json\/wp\/v2\/posts\/75732\/revisions"}],"wp:attachment":[{"href":"https:\/\/www.deberes.net\/tesis\/wp-json\/wp\/v2\/media?parent=75732"}],"wp:term":[{"taxonomy":"category","embeddable":true,"href":"https:\/\/www.deberes.net\/tesis\/wp-json\/wp\/v2\/categories?post=75732"},{"taxonomy":"post_tag","embeddable":true,"href":"https:\/\/www.deberes.net\/tesis\/wp-json\/wp\/v2\/tags?post=75732"}],"curies":[{"name":"wp","href":"https:\/\/api.w.org\/{rel}","templated":true}]}}