{"id":75842,"date":"2018-03-09T23:21:10","date_gmt":"2018-03-09T23:21:10","guid":{"rendered":"https:\/\/www.deberes.net\/tesis\/sin-categoria\/caracterizacion-molecular-de-la-glia-envolvente-olfatoria-y-de-su-efecto-promotor-de-la-regeneracion-nerviosa\/"},"modified":"2018-03-09T23:21:10","modified_gmt":"2018-03-09T23:21:10","slug":"caracterizacion-molecular-de-la-glia-envolvente-olfatoria-y-de-su-efecto-promotor-de-la-regeneracion-nerviosa","status":"publish","type":"post","link":"https:\/\/www.deberes.net\/tesis\/quimica\/caracterizacion-molecular-de-la-glia-envolvente-olfatoria-y-de-su-efecto-promotor-de-la-regeneracion-nerviosa\/","title":{"rendered":"Caracterizacion molecular de la glia envolvente olfatoria y de su efecto promotor de la regeneracion nerviosa"},"content":{"rendered":"<h2>Tesis doctoral de <strong> Erika Pastrana Izquierdo <\/strong><\/h2>\n<p>La gl\u00eda envolvente olfatoria es el tipo glial que se encuentra en el sistema olfatorio de los mam\u00edferos recubriendo los axones de las neuronas receptoras olfatorias. Este tipo celular se caracteriza por ser capaz de estimular el crecimiento de axones en el sistema nervioso central de mam\u00edferos adultos que han sufrido una lesi\u00f3n. Sin embargo, los mecanismos moleculares implicados en mediar este efecto por las c\u00e9lulas de gl\u00eda envolvente se desconocen. este trabajo de tesis doctoral pretende contestar a esta pregunta mediante el an\u00e1lisis molecular de tres poblaciones de gl\u00eda envolvente que difieren en su grado de mantenimiento en cultivo. La poblaci\u00f3n oec lp, obtenida mediante el cultivo prolongado de c\u00e9lulas de gl\u00eda envolvente de origen primario en un medio espec\u00edfico fue comparada a las poblaciones oec ep, derivada de cultivos primarios y a la l\u00ednea inmotalizada de gl\u00eda envolvente teg3. Estas tres poblaciones celulares presentan diferencias en su capacidad de estimular la regeneraci\u00f3n de axones adultos del sistema nervioso central de mam\u00edferos. Realizamos estudios de regeneraci\u00f3n axonal en co-cultvo con el fin de comparar la capacidad funcional de estas tres poblaciones y pudimos comprobar que las poblaciones oec ep y teg3 promueven la regeneraci\u00f3n axonal de neuronas tanto j\u00f3venes como adultas de la retina de ratas.  Por el contrario, la poblaci\u00f3n oec lp, si bien es un sustrato favorable para estimular la regeneraci\u00f3n de axones de retina j\u00f3venes, es incapaz de promover el crecimiento de axones de neuronas de retina de adultos. Estas diferencias funcionales entre las tres poblaciones de gl\u00eda envolvente nos sirvieron para estudiar las bases moleculares que subyacen a la estimulaci\u00f3n de la regeneraci\u00f3n nerviosa por este tipo celular. Comparamos los perfiles de expresi\u00f3n g\u00e9nica en las tres poblaciones mediante an\u00e1lisis de gen\u00f3mica funcional con micromatrices de dna y seleccionamos aquellos genes cuya expresi\u00f3n pudie<\/p>\n<p>&nbsp;<\/p>\n<h3>Datos acad\u00e9micos de la tesis doctoral \u00ab<strong>Caracterizacion molecular de la glia envolvente olfatoria y de su efecto promotor de la regeneracion nerviosa<\/strong>\u00ab<\/h3>\n<ul>\n<li><strong>T\u00edtulo de la tesis:<\/strong>\u00a0 Caracterizacion molecular de la glia envolvente olfatoria y de su efecto promotor de la regeneracion nerviosa <\/li>\n<li><strong>Autor:<\/strong>\u00a0 Erika Pastrana Izquierdo <\/li>\n<li><strong>Universidad:<\/strong>\u00a0 Aut\u00f3noma de Madrid<\/li>\n<li><strong>Fecha de lectura de la tesis:<\/strong>\u00a0 18\/07\/2005<\/li>\n<\/ul>\n<p>&nbsp;<\/p>\n<h3>Direcci\u00f3n y tribunal<\/h3>\n<ul>\n<li><strong>Director de la tesis<\/strong>\n<ul>\n<li>nido D\u00edaz<\/li>\n<\/ul>\n<\/li>\n<li><strong>Tribunal<\/strong>\n<ul>\n<li>Presidente del tribunal: Jes\u00fas Avila de grado <\/li>\n<li>Jos\u00e9 Abad rodriguez (vocal)<\/li>\n<li>Miguel Medina padilla (vocal)<\/li>\n<li>paola Bovolenta nicolao (vocal)<\/li>\n<\/ul>\n<\/li>\n<\/ul>\n<p>&nbsp;<\/p>\n","protected":false},"excerpt":{"rendered":"<p>Tesis doctoral de Erika Pastrana Izquierdo La gl\u00eda envolvente olfatoria es el tipo glial que se encuentra en el sistema [&hellip;]<\/p>\n","protected":false},"author":1,"featured_media":0,"comment_status":"open","ping_status":"open","sticky":false,"template":"","format":"standard","meta":{"site-sidebar-layout":"default","site-content-layout":"","ast-site-content-layout":"","site-content-style":"default","site-sidebar-style":"default","ast-global-header-display":"","ast-banner-title-visibility":"","ast-main-header-display":"","ast-hfb-above-header-display":"","ast-hfb-below-header-display":"","ast-hfb-mobile-header-display":"","site-post-title":"","ast-breadcrumbs-content":"","ast-featured-img":"","footer-sml-layout":"","theme-transparent-header-meta":"","adv-header-id-meta":"","stick-header-meta":"","header-above-stick-meta":"","header-main-stick-meta":"","header-below-stick-meta":"","astra-migrate-meta-layouts":"default","ast-page-background-enabled":"default","ast-page-background-meta":{"desktop":{"background-color":"var(--ast-global-color-4)","background-image":"","background-repeat":"repeat","background-position":"center center","background-size":"auto","background-attachment":"scroll","background-type":"","background-media":"","overlay-type":"","overlay-color":"","overlay-gradient":""},"tablet":{"background-color":"","background-image":"","background-repeat":"repeat","background-position":"center center","background-size":"auto","background-attachment":"scroll","background-type":"","background-media":"","overlay-type":"","overlay-color":"","overlay-gradient":""},"mobile":{"background-color":"","background-image":"","background-repeat":"repeat","background-position":"center center","background-size":"auto","background-attachment":"scroll","background-type":"","background-media":"","overlay-type":"","overlay-color":"","overlay-gradient":""}},"ast-content-background-meta":{"desktop":{"background-color":"var(--ast-global-color-5)","background-image":"","background-repeat":"repeat","background-position":"center center","background-size":"auto","background-attachment":"scroll","background-type":"","background-media":"","overlay-type":"","overlay-color":"","overlay-gradient":""},"tablet":{"background-color":"var(--ast-global-color-5)","background-image":"","background-repeat":"repeat","background-position":"center center","background-size":"auto","background-attachment":"scroll","background-type":"","background-media":"","overlay-type":"","overlay-color":"","overlay-gradient":""},"mobile":{"background-color":"var(--ast-global-color-5)","background-image":"","background-repeat":"repeat","background-position":"center center","background-size":"auto","background-attachment":"scroll","background-type":"","background-media":"","overlay-type":"","overlay-color":"","overlay-gradient":""}},"footnotes":""},"categories":[160,115,17],"tags":[163806,3041,29531,130036,119658,29565],"class_list":["post-75842","post","type-post","status-publish","format-standard","hentry","category-bioquimica","category-bioquimica-molecular","category-quimica","tag-erika-pastrana-izquierdo","tag-jesus-avila-de-grado","tag-jose-abad-rodriguez","tag-miguel-medina-padilla","tag-nido-diaz","tag-paola-bovolenta-nicolao"],"_links":{"self":[{"href":"https:\/\/www.deberes.net\/tesis\/wp-json\/wp\/v2\/posts\/75842","targetHints":{"allow":["GET"]}}],"collection":[{"href":"https:\/\/www.deberes.net\/tesis\/wp-json\/wp\/v2\/posts"}],"about":[{"href":"https:\/\/www.deberes.net\/tesis\/wp-json\/wp\/v2\/types\/post"}],"author":[{"embeddable":true,"href":"https:\/\/www.deberes.net\/tesis\/wp-json\/wp\/v2\/users\/1"}],"replies":[{"embeddable":true,"href":"https:\/\/www.deberes.net\/tesis\/wp-json\/wp\/v2\/comments?post=75842"}],"version-history":[{"count":0,"href":"https:\/\/www.deberes.net\/tesis\/wp-json\/wp\/v2\/posts\/75842\/revisions"}],"wp:attachment":[{"href":"https:\/\/www.deberes.net\/tesis\/wp-json\/wp\/v2\/media?parent=75842"}],"wp:term":[{"taxonomy":"category","embeddable":true,"href":"https:\/\/www.deberes.net\/tesis\/wp-json\/wp\/v2\/categories?post=75842"},{"taxonomy":"post_tag","embeddable":true,"href":"https:\/\/www.deberes.net\/tesis\/wp-json\/wp\/v2\/tags?post=75842"}],"curies":[{"name":"wp","href":"https:\/\/api.w.org\/{rel}","templated":true}]}}