{"id":75849,"date":"2018-03-09T23:21:10","date_gmt":"2018-03-09T23:21:10","guid":{"rendered":"https:\/\/www.deberes.net\/tesis\/sin-categoria\/estudio-tecnico-y-conservativo-del-retablo-barroco-valenciano-aplicado-al-desarrollo-de-nuevos-metodos-de-desinsectacion-de-la-madera-radiacion-con-microondas\/"},"modified":"2018-03-09T23:21:10","modified_gmt":"2018-03-09T23:21:10","slug":"estudio-tecnico-y-conservativo-del-retablo-barroco-valenciano-aplicado-al-desarrollo-de-nuevos-metodos-de-desinsectacion-de-la-madera-radiacion-con-microondas","status":"publish","type":"post","link":"https:\/\/www.deberes.net\/tesis\/ciencias-de-las-artes-y-las-letras\/estudio-tecnico-y-conservativo-del-retablo-barroco-valenciano-aplicado-al-desarrollo-de-nuevos-metodos-de-desinsectacion-de-la-madera-radiacion-con-microondas\/","title":{"rendered":"Estudio t\u00e9cnico y conservativo del retablo barroco Valenciano aplicado al desarrollo de nuevos m\u00e9todos de desinsectaci\u00f3n de la madera: radiaci\u00f3n con microondas"},"content":{"rendered":"<h2>Tesis doctoral de <strong> Eva P\u00e9rez Mar\u00edn <\/strong><\/h2>\n<p>Esta investigaci\u00f3n ha profundizado en el conocimiento de las principales caracter\u00edsticas t\u00e9cnicas de los retablos barrocos Valencianos y sus causas de alteraci\u00f3n, valorando los posibles sistemas de desinsectaci\u00f3n de la madera, susceptibles de ser aplicados en tratamientos de obras de gran formato, como los retablos. Como sistema alternativo a las impregnaciones t\u00f3xicas, se ha experimentado la adaptaci\u00f3n del tratamiento con microondas sobre elementos de madera, analizando su posible utilizaci\u00f3n sobre los retablos barrocos l\u00edgneos.<\/p>\n<p>&nbsp;<\/p>\n<h3>Datos acad\u00e9micos de la tesis doctoral \u00ab<strong>Estudio t\u00e9cnico y conservativo del retablo barroco Valenciano aplicado al desarrollo de nuevos m\u00e9todos de desinsectaci\u00f3n de la madera: radiaci\u00f3n con microondas<\/strong>\u00ab<\/h3>\n<ul>\n<li><strong>T\u00edtulo de la tesis:<\/strong>\u00a0 Estudio t\u00e9cnico y conservativo del retablo barroco Valenciano aplicado al desarrollo de nuevos m\u00e9todos de desinsectaci\u00f3n de la madera: radiaci\u00f3n con microondas <\/li>\n<li><strong>Autor:<\/strong>\u00a0 Eva P\u00e9rez Mar\u00edn <\/li>\n<li><strong>Universidad:<\/strong>\u00a0 Polit\u00e9cnica de Valencia<\/li>\n<li><strong>Fecha de lectura de la tesis:<\/strong>\u00a0 18\/07\/2005<\/li>\n<\/ul>\n<p>&nbsp;<\/p>\n<h3>Direcci\u00f3n y tribunal<\/h3>\n<ul>\n<li><strong>Director de la tesis<\/strong>\n<ul>\n<li> Vivancos Ram\u00f3n Mar\u00eda Victoria<\/li>\n<\/ul>\n<\/li>\n<li><strong>Tribunal<\/strong>\n<ul>\n<li>Presidente del tribunal: gian luigi Colalucci <\/li>\n<li>lu\u00eds Nu\u00f1o fern\u00e1ndez (vocal)<\/li>\n<li>Mar\u00eda pilar Roig picazo (vocal)<\/li>\n<li>Fernando Bolivar galiano (vocal)<\/li>\n<\/ul>\n<\/li>\n<\/ul>\n<p>&nbsp;<\/p>\n","protected":false},"excerpt":{"rendered":"<p>Tesis doctoral de Eva P\u00e9rez Mar\u00edn Esta investigaci\u00f3n ha profundizado en el conocimiento de las principales caracter\u00edsticas t\u00e9cnicas de los [&hellip;]<\/p>\n","protected":false},"author":1,"featured_media":0,"comment_status":"open","ping_status":"open","sticky":false,"template":"","format":"standard","meta":{"site-sidebar-layout":"default","site-content-layout":"","ast-site-content-layout":"","site-content-style":"default","site-sidebar-style":"default","ast-global-header-display":"","ast-banner-title-visibility":"","ast-main-header-display":"","ast-hfb-above-header-display":"","ast-hfb-below-header-display":"","ast-hfb-mobile-header-display":"","site-post-title":"","ast-breadcrumbs-content":"","ast-featured-img":"","footer-sml-layout":"","theme-transparent-header-meta":"","adv-header-id-meta":"","stick-header-meta":"","header-above-stick-meta":"","header-main-stick-meta":"","header-below-stick-meta":"","astra-migrate-meta-layouts":"default","ast-page-background-enabled":"default","ast-page-background-meta":{"desktop":{"background-color":"var(--ast-global-color-4)","background-image":"","background-repeat":"repeat","background-position":"center center","background-size":"auto","background-attachment":"scroll","background-type":"","background-media":"","overlay-type":"","overlay-color":"","overlay-gradient":""},"tablet":{"background-color":"","background-image":"","background-repeat":"repeat","background-position":"center center","background-size":"auto","background-attachment":"scroll","background-type":"","background-media":"","overlay-type":"","overlay-color":"","overlay-gradient":""},"mobile":{"background-color":"","background-image":"","background-repeat":"repeat","background-position":"center center","background-size":"auto","background-attachment":"scroll","background-type":"","background-media":"","overlay-type":"","overlay-color":"","overlay-gradient":""}},"ast-content-background-meta":{"desktop":{"background-color":"var(--ast-global-color-5)","background-image":"","background-repeat":"repeat","background-position":"center center","background-size":"auto","background-attachment":"scroll","background-type":"","background-media":"","overlay-type":"","overlay-color":"","overlay-gradient":""},"tablet":{"background-color":"var(--ast-global-color-5)","background-image":"","background-repeat":"repeat","background-position":"center center","background-size":"auto","background-attachment":"scroll","background-type":"","background-media":"","overlay-type":"","overlay-color":"","overlay-gradient":""},"mobile":{"background-color":"var(--ast-global-color-5)","background-image":"","background-repeat":"repeat","background-position":"center center","background-size":"auto","background-attachment":"scroll","background-type":"","background-media":"","overlay-type":"","overlay-color":"","overlay-gradient":""}},"footnotes":""},"categories":[147,16820],"tags":[163818,21770,129125,136290,16866,138355],"class_list":["post-75849","post","type-post","status-publish","format-standard","hentry","category-ciencias-de-las-artes-y-las-letras","category-politecnica-de-valencia","tag-eva-perez-marin","tag-fernando-bolivar-galiano","tag-gian-luigi-colalucci","tag-luis-nuno-fernandez","tag-maria-pilar-roig-picazo","tag-vivancos-ramon-maria-victoria"],"_links":{"self":[{"href":"https:\/\/www.deberes.net\/tesis\/wp-json\/wp\/v2\/posts\/75849","targetHints":{"allow":["GET"]}}],"collection":[{"href":"https:\/\/www.deberes.net\/tesis\/wp-json\/wp\/v2\/posts"}],"about":[{"href":"https:\/\/www.deberes.net\/tesis\/wp-json\/wp\/v2\/types\/post"}],"author":[{"embeddable":true,"href":"https:\/\/www.deberes.net\/tesis\/wp-json\/wp\/v2\/users\/1"}],"replies":[{"embeddable":true,"href":"https:\/\/www.deberes.net\/tesis\/wp-json\/wp\/v2\/comments?post=75849"}],"version-history":[{"count":0,"href":"https:\/\/www.deberes.net\/tesis\/wp-json\/wp\/v2\/posts\/75849\/revisions"}],"wp:attachment":[{"href":"https:\/\/www.deberes.net\/tesis\/wp-json\/wp\/v2\/media?parent=75849"}],"wp:term":[{"taxonomy":"category","embeddable":true,"href":"https:\/\/www.deberes.net\/tesis\/wp-json\/wp\/v2\/categories?post=75849"},{"taxonomy":"post_tag","embeddable":true,"href":"https:\/\/www.deberes.net\/tesis\/wp-json\/wp\/v2\/tags?post=75849"}],"curies":[{"name":"wp","href":"https:\/\/api.w.org\/{rel}","templated":true}]}}