{"id":75898,"date":"2018-03-09T23:21:15","date_gmt":"2018-03-09T23:21:15","guid":{"rendered":"https:\/\/www.deberes.net\/tesis\/sin-categoria\/internal-ir-laser-deflection-measurements-of-temperature-and-free-carrier-concentration-in-power-devices\/"},"modified":"2018-03-09T23:21:15","modified_gmt":"2018-03-09T23:21:15","slug":"internal-ir-laser-deflection-measurements-of-temperature-and-free-carrier-concentration-in-power-devices","status":"publish","type":"post","link":"https:\/\/www.deberes.net\/tesis\/fisica\/internal-ir-laser-deflection-measurements-of-temperature-and-free-carrier-concentration-in-power-devices\/","title":{"rendered":"Internal ir-laser deflection measurements of temperature and free-carrier concentration in power devices"},"content":{"rendered":"<h2>Tesis doctoral de <strong> Xavier Perpi\u00f1\u00e1 Giribet <\/strong><\/h2>\n<p>&nbsp;<\/p>\n<h3>Datos acad\u00e9micos de la tesis doctoral \u00ab<strong>Internal ir-laser deflection measurements of temperature and free-carrier concentration in power devices<\/strong>\u00ab<\/h3>\n<ul>\n<li><strong>T\u00edtulo de la tesis:<\/strong>\u00a0 Internal ir-laser deflection measurements of temperature and free-carrier concentration in power devices <\/li>\n<li><strong>Autor:<\/strong>\u00a0 Xavier Perpi\u00f1\u00e1 Giribet <\/li>\n<li><strong>Universidad:<\/strong>\u00a0 Aut\u00f3noma de barcelona<\/li>\n<li><strong>Fecha de lectura de la tesis:<\/strong>\u00a0 20\/07\/2005<\/li>\n<\/ul>\n<p>&nbsp;<\/p>\n<h3>Direcci\u00f3n y tribunal<\/h3>\n<ul>\n<li><strong>Director de la tesis<\/strong>\n<ul>\n<li> Jord\u00e1 Sanuy Francesc Xavier<\/li>\n<\/ul>\n<\/li>\n<li><strong>Tribunal<\/strong>\n<ul>\n<li>Presidente del tribunal: jose Millan gomez <\/li>\n<li> Altet i sanahujes josep (vocal)<\/li>\n<li>jan Vobeck\u00ed\u00bd (vocal)<\/li>\n<li>michel Mermet-guyennet (vocal)<\/li>\n<\/ul>\n<\/li>\n<\/ul>\n<p>&nbsp;<\/p>\n","protected":false},"excerpt":{"rendered":"<p>Tesis doctoral de Xavier Perpi\u00f1\u00e1 Giribet &nbsp; Datos acad\u00e9micos de la tesis doctoral \u00abInternal ir-laser deflection measurements of temperature and [&hellip;]<\/p>\n","protected":false},"author":1,"featured_media":0,"comment_status":"open","ping_status":"open","sticky":false,"template":"","format":"standard","meta":{"site-sidebar-layout":"default","site-content-layout":"","ast-site-content-layout":"","site-content-style":"default","site-sidebar-style":"default","ast-global-header-display":"","ast-banner-title-visibility":"","ast-main-header-display":"","ast-hfb-above-header-display":"","ast-hfb-below-header-display":"","ast-hfb-mobile-header-display":"","site-post-title":"","ast-breadcrumbs-content":"","ast-featured-img":"","footer-sml-layout":"","theme-transparent-header-meta":"","adv-header-id-meta":"","stick-header-meta":"","header-above-stick-meta":"","header-main-stick-meta":"","header-below-stick-meta":"","astra-migrate-meta-layouts":"default","ast-page-background-enabled":"default","ast-page-background-meta":{"desktop":{"background-color":"var(--ast-global-color-4)","background-image":"","background-repeat":"repeat","background-position":"center center","background-size":"auto","background-attachment":"scroll","background-type":"","background-media":"","overlay-type":"","overlay-color":"","overlay-gradient":""},"tablet":{"background-color":"","background-image":"","background-repeat":"repeat","background-position":"center center","background-size":"auto","background-attachment":"scroll","background-type":"","background-media":"","overlay-type":"","overlay-color":"","overlay-gradient":""},"mobile":{"background-color":"","background-image":"","background-repeat":"repeat","background-position":"center center","background-size":"auto","background-attachment":"scroll","background-type":"","background-media":"","overlay-type":"","overlay-color":"","overlay-gradient":""}},"ast-content-background-meta":{"desktop":{"background-color":"var(--ast-global-color-5)","background-image":"","background-repeat":"repeat","background-position":"center center","background-size":"auto","background-attachment":"scroll","background-type":"","background-media":"","overlay-type":"","overlay-color":"","overlay-gradient":""},"tablet":{"background-color":"var(--ast-global-color-5)","background-image":"","background-repeat":"repeat","background-position":"center center","background-size":"auto","background-attachment":"scroll","background-type":"","background-media":"","overlay-type":"","overlay-color":"","overlay-gradient":""},"mobile":{"background-color":"var(--ast-global-color-5)","background-image":"","background-repeat":"repeat","background-position":"center center","background-size":"auto","background-attachment":"scroll","background-type":"","background-media":"","overlay-type":"","overlay-color":"","overlay-gradient":""}},"footnotes":""},"categories":[332,3705,2675,199,55369,3706],"tags":[163909,163910,163908,8995,163911,163907],"class_list":["post-75898","post","type-post","status-publish","format-standard","hentry","category-ciencias-tecnologicas","category-dispositivos-semiconductores","category-electronica","category-fisica","category-microelectronica","category-tecnologia-electronica","tag-altet-i-sanahujes-josep","tag-jan-vobecki","tag-jorda-sanuy-francesc-xavier","tag-jose-millan-gomez","tag-michel-mermet-guyennet","tag-xavier-perpina-giribet"],"_links":{"self":[{"href":"https:\/\/www.deberes.net\/tesis\/wp-json\/wp\/v2\/posts\/75898","targetHints":{"allow":["GET"]}}],"collection":[{"href":"https:\/\/www.deberes.net\/tesis\/wp-json\/wp\/v2\/posts"}],"about":[{"href":"https:\/\/www.deberes.net\/tesis\/wp-json\/wp\/v2\/types\/post"}],"author":[{"embeddable":true,"href":"https:\/\/www.deberes.net\/tesis\/wp-json\/wp\/v2\/users\/1"}],"replies":[{"embeddable":true,"href":"https:\/\/www.deberes.net\/tesis\/wp-json\/wp\/v2\/comments?post=75898"}],"version-history":[{"count":0,"href":"https:\/\/www.deberes.net\/tesis\/wp-json\/wp\/v2\/posts\/75898\/revisions"}],"wp:attachment":[{"href":"https:\/\/www.deberes.net\/tesis\/wp-json\/wp\/v2\/media?parent=75898"}],"wp:term":[{"taxonomy":"category","embeddable":true,"href":"https:\/\/www.deberes.net\/tesis\/wp-json\/wp\/v2\/categories?post=75898"},{"taxonomy":"post_tag","embeddable":true,"href":"https:\/\/www.deberes.net\/tesis\/wp-json\/wp\/v2\/tags?post=75898"}],"curies":[{"name":"wp","href":"https:\/\/api.w.org\/{rel}","templated":true}]}}