{"id":75925,"date":"2018-03-09T23:21:15","date_gmt":"2018-03-09T23:21:15","guid":{"rendered":"https:\/\/www.deberes.net\/tesis\/sin-categoria\/la-arquitectura-en-belem-1930-1970-una-modernizacion-dispersa-con-lenguajes-cambientes\/"},"modified":"2018-03-09T23:21:15","modified_gmt":"2018-03-09T23:21:15","slug":"la-arquitectura-en-belem-1930-1970-una-modernizacion-dispersa-con-lenguajes-cambientes","status":"publish","type":"post","link":"https:\/\/www.deberes.net\/tesis\/historia\/la-arquitectura-en-belem-1930-1970-una-modernizacion-dispersa-con-lenguajes-cambientes\/","title":{"rendered":"La arquitectura en belem: 1930\/1970: una modernizaci\u00f3n dispersa con lenguajes cambientes."},"content":{"rendered":"<h2>Tesis doctoral de <strong> Celma De Nazare Chaves De Souza <\/strong><\/h2>\n<p>Esta tesis trata de la arquitectura que se desarrolla en la ciudad de bel\u00e9n entre las d\u00e9cadas de 1930 y 1970. Se refiere asimismo a la situaci\u00f3n cultural, pol\u00edtica y social que configuraba el ambiente de la ciudad en el momento inicial y posterior a los cambios que propiciaron la paulatina sustituci\u00f3n de una arquitectura de car\u00e1cter eclecticista par aun arquitectura de car\u00e1cter moderno. A partir de la introducci\u00f3n de un nuevo lenguaje arquitect\u00f3nico, se subraya en esta tesis, la labor predominante de los ingenieros, proyectistas y constructores, y la ausencia de una ense\u00f1anza de arquitectura, razones por la cuales la arquitectura que se desarrolla en el per\u00edodo, adquiere un rasgo esencialmente disperso y fragmentado, lo que iba a perdurar durante toda el per\u00edodo estudiado. La tesis objetiva, por un lado, comprender el fen\u00f3meno como consecuencia principalmente de la inexistencia de una escuela de arquitectura y de una situaci\u00f3n socioecon\u00f3mica desestructurada. \u00e9sta situaci\u00f3n se manifestaba desde la quiebra de la llamada \u00abeconom\u00eda del caucho\u00bb alrededor del a\u00f1o 1912. Por otro lado, esta arquitectura comprende dos aspectos. Primero, fue parte del ideal de un grupo profesional y minoritariamente pol\u00edtico, que anhelaba modernizarse a trav\u00e9s de una arquitectura que hac\u00eda uso de las formas modernas, que en aquel momento ya se hab\u00edan consolidado y estaban en cuestionamiento en otras partes del pa\u00eds y del extranjero. segundo, en esa arquitectura, los referentes modernos y las pautas de una arquitectura del \u00abmovimiento moderno\u00bb, se expresan en las distintas construcciones estudiadas en esta tesis y constituyen  un episodio hist\u00f3rico que jam\u00e1s se consolidar\u00eda en al ciudad.<\/p>\n<p>&nbsp;<\/p>\n<h3>Datos acad\u00e9micos de la tesis doctoral \u00ab<strong>La arquitectura en belem: 1930\/1970: una modernizaci\u00f3n dispersa con lenguajes cambientes.<\/strong>\u00ab<\/h3>\n<ul>\n<li><strong>T\u00edtulo de la tesis:<\/strong>\u00a0 La arquitectura en belem: 1930\/1970: una modernizaci\u00f3n dispersa con lenguajes cambientes. <\/li>\n<li><strong>Autor:<\/strong>\u00a0 Celma De Nazare Chaves De Souza <\/li>\n<li><strong>Universidad:<\/strong>\u00a0 Polit\u00e9cnica de catalunya<\/li>\n<li><strong>Fecha de lectura de la tesis:<\/strong>\u00a0 21\/07\/2005<\/li>\n<\/ul>\n<p>&nbsp;<\/p>\n<h3>Direcci\u00f3n y tribunal<\/h3>\n<ul>\n<li><strong>Director de la tesis<\/strong>\n<ul>\n<li> Rovira Gimeno Josep M.<\/li>\n<\/ul>\n<\/li>\n<li><strong>Tribunal<\/strong>\n<ul>\n<li>Presidente del tribunal:  Alvarez prozovorovich Fernando v. <\/li>\n<li>victor Perez escolano (vocal)<\/li>\n<li>Mar\u00eda Rubert de ventos (vocal)<\/li>\n<li>Juan Calatrava (vocal)<\/li>\n<\/ul>\n<\/li>\n<\/ul>\n<p>&nbsp;<\/p>\n","protected":false},"excerpt":{"rendered":"<p>Tesis doctoral de Celma De Nazare Chaves De Souza Esta tesis trata de la arquitectura que se desarrolla en la [&hellip;]<\/p>\n","protected":false},"author":1,"featured_media":0,"comment_status":"open","ping_status":"open","sticky":false,"template":"","format":"standard","meta":{"site-sidebar-layout":"default","site-content-layout":"","ast-site-content-layout":"","site-content-style":"default","site-sidebar-style":"default","ast-global-header-display":"","ast-banner-title-visibility":"","ast-main-header-display":"","ast-hfb-above-header-display":"","ast-hfb-below-header-display":"","ast-hfb-mobile-header-display":"","site-post-title":"","ast-breadcrumbs-content":"","ast-featured-img":"","footer-sml-layout":"","theme-transparent-header-meta":"","adv-header-id-meta":"","stick-header-meta":"","header-above-stick-meta":"","header-main-stick-meta":"","header-below-stick-meta":"","astra-migrate-meta-layouts":"default","ast-page-background-enabled":"default","ast-page-background-meta":{"desktop":{"background-color":"var(--ast-global-color-4)","background-image":"","background-repeat":"repeat","background-position":"center center","background-size":"auto","background-attachment":"scroll","background-type":"","background-media":"","overlay-type":"","overlay-color":"","overlay-gradient":""},"tablet":{"background-color":"","background-image":"","background-repeat":"repeat","background-position":"center center","background-size":"auto","background-attachment":"scroll","background-type":"","background-media":"","overlay-type":"","overlay-color":"","overlay-gradient":""},"mobile":{"background-color":"","background-image":"","background-repeat":"repeat","background-position":"center center","background-size":"auto","background-attachment":"scroll","background-type":"","background-media":"","overlay-type":"","overlay-color":"","overlay-gradient":""}},"ast-content-background-meta":{"desktop":{"background-color":"var(--ast-global-color-5)","background-image":"","background-repeat":"repeat","background-position":"center center","background-size":"auto","background-attachment":"scroll","background-type":"","background-media":"","overlay-type":"","overlay-color":"","overlay-gradient":""},"tablet":{"background-color":"var(--ast-global-color-5)","background-image":"","background-repeat":"repeat","background-position":"center center","background-size":"auto","background-attachment":"scroll","background-type":"","background-media":"","overlay-type":"","overlay-color":"","overlay-gradient":""},"mobile":{"background-color":"var(--ast-global-color-5)","background-image":"","background-repeat":"repeat","background-position":"center center","background-size":"auto","background-attachment":"scroll","background-type":"","background-media":"","overlay-type":"","overlay-color":"","overlay-gradient":""}},"footnotes":""},"categories":[104,1745,222,15596],"tags":[163951,163950,47648,61110,30418,11230],"class_list":["post-75925","post","type-post","status-publish","format-standard","hentry","category-historia","category-historia-de-la-arquitectura","category-historias-especializadas","category-politecnica-de-catalunya","tag-alvarez-prozovorovich-fernando-v","tag-celma-de-nazare-chaves-de-souza","tag-juan-calatrava","tag-maria-rubert-de-ventos","tag-rovira-gimeno-josep-m","tag-victor-perez-escolano"],"_links":{"self":[{"href":"https:\/\/www.deberes.net\/tesis\/wp-json\/wp\/v2\/posts\/75925","targetHints":{"allow":["GET"]}}],"collection":[{"href":"https:\/\/www.deberes.net\/tesis\/wp-json\/wp\/v2\/posts"}],"about":[{"href":"https:\/\/www.deberes.net\/tesis\/wp-json\/wp\/v2\/types\/post"}],"author":[{"embeddable":true,"href":"https:\/\/www.deberes.net\/tesis\/wp-json\/wp\/v2\/users\/1"}],"replies":[{"embeddable":true,"href":"https:\/\/www.deberes.net\/tesis\/wp-json\/wp\/v2\/comments?post=75925"}],"version-history":[{"count":0,"href":"https:\/\/www.deberes.net\/tesis\/wp-json\/wp\/v2\/posts\/75925\/revisions"}],"wp:attachment":[{"href":"https:\/\/www.deberes.net\/tesis\/wp-json\/wp\/v2\/media?parent=75925"}],"wp:term":[{"taxonomy":"category","embeddable":true,"href":"https:\/\/www.deberes.net\/tesis\/wp-json\/wp\/v2\/categories?post=75925"},{"taxonomy":"post_tag","embeddable":true,"href":"https:\/\/www.deberes.net\/tesis\/wp-json\/wp\/v2\/tags?post=75925"}],"curies":[{"name":"wp","href":"https:\/\/api.w.org\/{rel}","templated":true}]}}