{"id":75962,"date":"2018-03-09T23:21:19","date_gmt":"2018-03-09T23:21:19","guid":{"rendered":"https:\/\/www.deberes.net\/tesis\/sin-categoria\/las-pola%c2%adticas-educativas-en-colombia-en-la-era-neoliberal\/"},"modified":"2018-03-09T23:21:19","modified_gmt":"2018-03-09T23:21:19","slug":"las-pola%c2%adticas-educativas-en-colombia-en-la-era-neoliberal","status":"publish","type":"post","link":"https:\/\/www.deberes.net\/tesis\/pedagogia\/las-pola%c2%adticas-educativas-en-colombia-en-la-era-neoliberal\/","title":{"rendered":"Las pol\u00edticas educativas en colombia en la era neoliberal"},"content":{"rendered":"<h2>Tesis doctoral de <strong> Rafael Diaz Borbon <\/strong><\/h2>\n<p>Esta investigaci\u00f3n titulada \u00ablas pol\u00edticas educativas en colombia en la era neoliberal\u00bb ha sido el resultado del programa  de doctorado \u00aban\u00e1lisis de la formaci\u00f3n e investigaci\u00f3n educativa en el \u00e1mbito formal y no formal\u00bb, en la facultad de filosof\u00eda y ciencias de la educaci\u00f3n de la universidad de Valencia, espa\u00f1a. Una respuesta cr\u00edtica a una d\u00e9cada de reformas y crisis, donde el sistema escolar ha estado bajo sucesivos \u00abreajustes program\u00e1ticos\u00bb y, sin embargo, la educaci\u00f3n y el pa\u00eds no han logrado alcanzar las promesas neoliberales. Por el contrario, la permanencia de esta concepci\u00f3n ha demostrado su incapacidad para ofrecer algo mejor, diferente del \u00e9xito mercantil. justamente, en medio de la confusi\u00f3n y ambig\u00ed\u00bcedad ideol\u00f3gicas intencionalmente dirigidas por la instauraci\u00f3n hegem\u00f3nica del mercado como principio ordenador de la vida individual  y colectiva. Intestigaci\u00f3n cualitativa, la rige \u00abel pensamiento o reflexi\u00f3n cualitativa\u00bb y no pretende control de \u00abvariables como se hace en un laboratorio\u00bb. El sujeto-investigador con su capacidad de reflexi\u00f3n apunta a captar las cualidades del mundo de las pol\u00edticas educativas, describirlas, analizarlas, valorarlas y expresarlas en una manera organizada a trav\u00e9s del lenguaje; en este caso, el ensayo. La denotaci\u00f3n y connotaci\u00f3n despliegan la interpretaci\u00f3n y valoraci\u00f3n cr\u00edtica de las pol\u00edticas educativas en la era neoliberal.<\/p>\n<p>&nbsp;<\/p>\n<h3>Datos acad\u00e9micos de la tesis doctoral \u00ab<strong>Las pol\u00edticas educativas en colombia en la era neoliberal<\/strong>\u00ab<\/h3>\n<ul>\n<li><strong>T\u00edtulo de la tesis:<\/strong>\u00a0 Las pol\u00edticas educativas en colombia en la era neoliberal <\/li>\n<li><strong>Autor:<\/strong>\u00a0 Rafael Diaz Borbon <\/li>\n<li><strong>Universidad:<\/strong>\u00a0 Universitat de val\u00e9ncia (estudi general)<\/li>\n<li><strong>Fecha de lectura de la tesis:<\/strong>\u00a0 22\/07\/2005<\/li>\n<\/ul>\n<p>&nbsp;<\/p>\n<h3>Direcci\u00f3n y tribunal<\/h3>\n<ul>\n<li><strong>Director de la tesis<\/strong>\n<ul>\n<li>Luis Miguel L\u00e1zaro Lorente<\/li>\n<\/ul>\n<\/li>\n<li><strong>Tribunal<\/strong>\n<ul>\n<li>Presidente del tribunal: alejandro Mayordomo p\u00e9rez <\/li>\n<li>violeta Alvarez fernandez (vocal)<\/li>\n<li>Jos\u00e9 Mar\u00eda Hernandez diaz (vocal)<\/li>\n<li>amalia Ayala de la pe\u00f1a (vocal)<\/li>\n<\/ul>\n<\/li>\n<\/ul>\n<p>&nbsp;<\/p>\n","protected":false},"excerpt":{"rendered":"<p>Tesis doctoral de Rafael Diaz Borbon Esta investigaci\u00f3n titulada \u00ablas pol\u00edticas educativas en colombia en la era neoliberal\u00bb ha sido [&hellip;]<\/p>\n","protected":false},"author":1,"featured_media":0,"comment_status":"open","ping_status":"open","sticky":false,"template":"","format":"standard","meta":{"site-sidebar-layout":"default","site-content-layout":"","ast-site-content-layout":"","site-content-style":"default","site-sidebar-style":"default","ast-global-header-display":"","ast-banner-title-visibility":"","ast-main-header-display":"","ast-hfb-above-header-display":"","ast-hfb-below-header-display":"","ast-hfb-mobile-header-display":"","site-post-title":"","ast-breadcrumbs-content":"","ast-featured-img":"","footer-sml-layout":"","theme-transparent-header-meta":"","adv-header-id-meta":"","stick-header-meta":"","header-above-stick-meta":"","header-main-stick-meta":"","header-below-stick-meta":"","astra-migrate-meta-layouts":"default","ast-page-background-enabled":"default","ast-page-background-meta":{"desktop":{"background-color":"var(--ast-global-color-4)","background-image":"","background-repeat":"repeat","background-position":"center center","background-size":"auto","background-attachment":"scroll","background-type":"","background-media":"","overlay-type":"","overlay-color":"","overlay-gradient":""},"tablet":{"background-color":"","background-image":"","background-repeat":"repeat","background-position":"center center","background-size":"auto","background-attachment":"scroll","background-type":"","background-media":"","overlay-type":"","overlay-color":"","overlay-gradient":""},"mobile":{"background-color":"","background-image":"","background-repeat":"repeat","background-position":"center center","background-size":"auto","background-attachment":"scroll","background-type":"","background-media":"","overlay-type":"","overlay-color":"","overlay-gradient":""}},"ast-content-background-meta":{"desktop":{"background-color":"var(--ast-global-color-5)","background-image":"","background-repeat":"repeat","background-position":"center center","background-size":"auto","background-attachment":"scroll","background-type":"","background-media":"","overlay-type":"","overlay-color":"","overlay-gradient":""},"tablet":{"background-color":"var(--ast-global-color-5)","background-image":"","background-repeat":"repeat","background-position":"center center","background-size":"auto","background-attachment":"scroll","background-type":"","background-media":"","overlay-type":"","overlay-color":"","overlay-gradient":""},"mobile":{"background-color":"var(--ast-global-color-5)","background-image":"","background-repeat":"repeat","background-position":"center center","background-size":"auto","background-attachment":"scroll","background-type":"","background-media":"","overlay-type":"","overlay-color":"","overlay-gradient":""}},"footnotes":""},"categories":[1184,1141,1341],"tags":[11369,102997,9516,8260,164016,164017],"class_list":["post-75962","post","type-post","status-publish","format-standard","hentry","category-organizacion-y-planificacion-de-la-educacion","category-pedagogia","category-teoria-y-metodos-educativos","tag-alejandro-mayordomo-perez","tag-amalia-ayala-de-la-pena","tag-jose-maria-hernandez-diaz","tag-luis-miguel-lazaro-lorente","tag-rafael-diaz-borbon","tag-violeta-alvarez-fernandez"],"_links":{"self":[{"href":"https:\/\/www.deberes.net\/tesis\/wp-json\/wp\/v2\/posts\/75962","targetHints":{"allow":["GET"]}}],"collection":[{"href":"https:\/\/www.deberes.net\/tesis\/wp-json\/wp\/v2\/posts"}],"about":[{"href":"https:\/\/www.deberes.net\/tesis\/wp-json\/wp\/v2\/types\/post"}],"author":[{"embeddable":true,"href":"https:\/\/www.deberes.net\/tesis\/wp-json\/wp\/v2\/users\/1"}],"replies":[{"embeddable":true,"href":"https:\/\/www.deberes.net\/tesis\/wp-json\/wp\/v2\/comments?post=75962"}],"version-history":[{"count":0,"href":"https:\/\/www.deberes.net\/tesis\/wp-json\/wp\/v2\/posts\/75962\/revisions"}],"wp:attachment":[{"href":"https:\/\/www.deberes.net\/tesis\/wp-json\/wp\/v2\/media?parent=75962"}],"wp:term":[{"taxonomy":"category","embeddable":true,"href":"https:\/\/www.deberes.net\/tesis\/wp-json\/wp\/v2\/categories?post=75962"},{"taxonomy":"post_tag","embeddable":true,"href":"https:\/\/www.deberes.net\/tesis\/wp-json\/wp\/v2\/tags?post=75962"}],"curies":[{"name":"wp","href":"https:\/\/api.w.org\/{rel}","templated":true}]}}