{"id":75975,"date":"2018-03-09T23:21:19","date_gmt":"2018-03-09T23:21:19","guid":{"rendered":"https:\/\/www.deberes.net\/tesis\/sin-categoria\/historia-cla%c2%adnica-electronica-federada-basada-en-la-norma-europea-cen-tc251-en13606\/"},"modified":"2018-03-09T23:21:19","modified_gmt":"2018-03-09T23:21:19","slug":"historia-cla%c2%adnica-electronica-federada-basada-en-la-norma-europea-cen-tc251-en13606","status":"publish","type":"post","link":"https:\/\/www.deberes.net\/tesis\/matematicas\/historia-cla%c2%adnica-electronica-federada-basada-en-la-norma-europea-cen-tc251-en13606\/","title":{"rendered":"Historia cl\u00ednica electr\u00f3nica federada basada en la norma europea cen\/tc251 en13606"},"content":{"rendered":"<h2>Tesis doctoral de <strong> Jos\u00e9 Alberto Maldonado Segura <\/strong><\/h2>\n<p>Cada d\u00eda m\u00e1s la atenci\u00f3n sanitaria de un paciente es la responsabilidad compartida de un grupo de profesionales pertenecientes a diversa disciplinas o instituciones. Como consecuencia de ello, es vital que las instituciones sanitarias puedan compartir informaci\u00f3n sanitaria sobre las pacientes, de una manera sencilla, segura y conservando el significado original de los datos. El reto se encuentra en facilitar a cualquier profesional sanitario involucrado en la atenci\u00f3n sanitaria de un paciente la informaci\u00f3n cl\u00ednica que necesita para realizar su trabajo, esto es, su historia cl\u00ednica electr\u00f3nica.  en esta tesis se tratan diversos aspectos relacionados con la integraci\u00f3n de informaci\u00f3n cl\u00ednica distribuidad. El objetivo es proporcionar una vista global e integrada de la informaci\u00f3n cl\u00ednica distribuidad en m\u00faltiples sistemas de informaci\u00f3n heterog\u00e9neos y aut\u00f3nomos. La soluci\u00f3n propuesta considera los \u00faltimos desarrollos en el \u00e1mbito de las historias cl\u00ednicas electr\u00f3nicas, en concreto la aproximaci\u00f3n basada en el modelo dual de arquitectura de informaci\u00f3n para la comunicaci\u00f3n de la historia cl\u00ednica electr\u00f3nica y la norma pren13606 del comit\u00e9 europeo de normalizaci\u00f3n (cen).  las contribuciones m\u00e1s destacables de esta tesis son:  &#8211; uso del modelo dual de arquitectura de la informaci\u00f3n para la comunicaci\u00f3n de la historia cl\u00ednica  electr\u00f3nica propuesto en la norma europea en13606 del cen en un sistema de historia cl\u00ednica electr\u00f3nica federada, donde el esquema federado gestionado por el sistema est\u00e1 formado conjunto de conceptos cl\u00ednicos formalizados como arquetipos.  -propuesta de un modelo de datos basado en \u00e1rboles etiquetados para la representaci\u00f3n de la informaci\u00f3n cl\u00ednica compatible con en13606.  -propuesta de un mecanismo basado en tipos sobre el modelo de datos anterior como formalismo de la secci\u00f3n de definici\u00f3n de datos de los arquetipos.  -desarrollo de un m\u00e9todo para la publicaci\u00f3n de i<\/p>\n<p>&nbsp;<\/p>\n<h3>Datos acad\u00e9micos de la tesis doctoral \u00ab<strong>Historia cl\u00ednica electr\u00f3nica federada basada en la norma europea cen\/tc251 en13606<\/strong>\u00ab<\/h3>\n<ul>\n<li><strong>T\u00edtulo de la tesis:<\/strong>\u00a0 Historia cl\u00ednica electr\u00f3nica federada basada en la norma europea cen\/tc251 en13606 <\/li>\n<li><strong>Autor:<\/strong>\u00a0 Jos\u00e9 Alberto Maldonado Segura <\/li>\n<li><strong>Universidad:<\/strong>\u00a0 Polit\u00e9cnica de Valencia<\/li>\n<li><strong>Fecha de lectura de la tesis:<\/strong>\u00a0 22\/07\/2005<\/li>\n<\/ul>\n<p>&nbsp;<\/p>\n<h3>Direcci\u00f3n y tribunal<\/h3>\n<ul>\n<li><strong>Director de la tesis<\/strong>\n<ul>\n<li>Monserrat Robles Viejo<\/li>\n<\/ul>\n<\/li>\n<li><strong>Tribunal<\/strong>\n<ul>\n<li>Presidente del tribunal: vicente Hernandez garcia <\/li>\n<li>laura Mar\u00eda Roa romero (vocal)<\/li>\n<li>victor Maojo Garc\u00eda (vocal)<\/li>\n<li>jesualdo tomas Fern\u00e1ndez breis (vocal)<\/li>\n<\/ul>\n<\/li>\n<\/ul>\n<p>&nbsp;<\/p>\n","protected":false},"excerpt":{"rendered":"<p>Tesis doctoral de Jos\u00e9 Alberto Maldonado Segura Cada d\u00eda m\u00e1s la atenci\u00f3n sanitaria de un paciente es la responsabilidad compartida [&hellip;]<\/p>\n","protected":false},"author":1,"featured_media":0,"comment_status":"open","ping_status":"open","sticky":false,"template":"","format":"standard","meta":{"site-sidebar-layout":"default","site-content-layout":"","ast-site-content-layout":"","site-content-style":"default","site-sidebar-style":"default","ast-global-header-display":"","ast-banner-title-visibility":"","ast-main-header-display":"","ast-hfb-above-header-display":"","ast-hfb-below-header-display":"","ast-hfb-mobile-header-display":"","site-post-title":"","ast-breadcrumbs-content":"","ast-featured-img":"","footer-sml-layout":"","theme-transparent-header-meta":"","adv-header-id-meta":"","stick-header-meta":"","header-above-stick-meta":"","header-main-stick-meta":"","header-below-stick-meta":"","astra-migrate-meta-layouts":"default","ast-page-background-enabled":"default","ast-page-background-meta":{"desktop":{"background-color":"var(--ast-global-color-4)","background-image":"","background-repeat":"repeat","background-position":"center center","background-size":"auto","background-attachment":"scroll","background-type":"","background-media":"","overlay-type":"","overlay-color":"","overlay-gradient":""},"tablet":{"background-color":"","background-image":"","background-repeat":"repeat","background-position":"center center","background-size":"auto","background-attachment":"scroll","background-type":"","background-media":"","overlay-type":"","overlay-color":"","overlay-gradient":""},"mobile":{"background-color":"","background-image":"","background-repeat":"repeat","background-position":"center center","background-size":"auto","background-attachment":"scroll","background-type":"","background-media":"","overlay-type":"","overlay-color":"","overlay-gradient":""}},"ast-content-background-meta":{"desktop":{"background-color":"var(--ast-global-color-5)","background-image":"","background-repeat":"repeat","background-position":"center center","background-size":"auto","background-attachment":"scroll","background-type":"","background-media":"","overlay-type":"","overlay-color":"","overlay-gradient":""},"tablet":{"background-color":"var(--ast-global-color-5)","background-image":"","background-repeat":"repeat","background-position":"center center","background-size":"auto","background-attachment":"scroll","background-type":"","background-media":"","overlay-type":"","overlay-color":"","overlay-gradient":""},"mobile":{"background-color":"var(--ast-global-color-5)","background-image":"","background-repeat":"repeat","background-position":"center center","background-size":"auto","background-attachment":"scroll","background-type":"","background-media":"","overlay-type":"","overlay-color":"","overlay-gradient":""}},"footnotes":""},"categories":[1890,332,4149,26545,13880,126,16820,2535],"tags":[69328,164043,15969,116733,16882,16106],"class_list":["post-75975","post","type-post","status-publish","format-standard","hentry","category-ciencia-de-los-ordenadores","category-ciencias-tecnologicas","category-diseno-y-componentes-de-sistemas-de-informacion","category-dispositivos-de-almacenamiento","category-informatica","category-matematicas","category-politecnica-de-valencia","category-tecnologia-de-los-ordenadores","tag-jesualdo-tomas-fernandez-breis","tag-jose-alberto-maldonado-segura","tag-laura-maria-roa-romero","tag-monserrat-robles-viejo","tag-vicente-hernandez-garcia","tag-victor-maojo-garcia"],"_links":{"self":[{"href":"https:\/\/www.deberes.net\/tesis\/wp-json\/wp\/v2\/posts\/75975","targetHints":{"allow":["GET"]}}],"collection":[{"href":"https:\/\/www.deberes.net\/tesis\/wp-json\/wp\/v2\/posts"}],"about":[{"href":"https:\/\/www.deberes.net\/tesis\/wp-json\/wp\/v2\/types\/post"}],"author":[{"embeddable":true,"href":"https:\/\/www.deberes.net\/tesis\/wp-json\/wp\/v2\/users\/1"}],"replies":[{"embeddable":true,"href":"https:\/\/www.deberes.net\/tesis\/wp-json\/wp\/v2\/comments?post=75975"}],"version-history":[{"count":0,"href":"https:\/\/www.deberes.net\/tesis\/wp-json\/wp\/v2\/posts\/75975\/revisions"}],"wp:attachment":[{"href":"https:\/\/www.deberes.net\/tesis\/wp-json\/wp\/v2\/media?parent=75975"}],"wp:term":[{"taxonomy":"category","embeddable":true,"href":"https:\/\/www.deberes.net\/tesis\/wp-json\/wp\/v2\/categories?post=75975"},{"taxonomy":"post_tag","embeddable":true,"href":"https:\/\/www.deberes.net\/tesis\/wp-json\/wp\/v2\/tags?post=75975"}],"curies":[{"name":"wp","href":"https:\/\/api.w.org\/{rel}","templated":true}]}}