{"id":75996,"date":"2018-03-09T23:21:19","date_gmt":"2018-03-09T23:21:19","guid":{"rendered":"https:\/\/www.deberes.net\/tesis\/sin-categoria\/evaluacion-de-la-eficacia-de-un-programa-de-prevencion-del-consumo-de-tabaco-entre-adolescentes\/"},"modified":"2018-03-09T23:21:19","modified_gmt":"2018-03-09T23:21:19","slug":"evaluacion-de-la-eficacia-de-un-programa-de-prevencion-del-consumo-de-tabaco-entre-adolescentes","status":"publish","type":"post","link":"https:\/\/www.deberes.net\/tesis\/psicologia\/evaluacion-de-la-eficacia-de-un-programa-de-prevencion-del-consumo-de-tabaco-entre-adolescentes\/","title":{"rendered":"Evaluaci\u00f3n de la eficacia de un programa de prevenci\u00f3n del consumo de tabaco entre adolescentes."},"content":{"rendered":"<h2>Tesis doctoral de <strong> Mar\u00eda Luna Adame <\/strong><\/h2>\n<p>El estudio llevado a cabo en esta tesis ha consistido en el dise\u00f1o, aplicaci\u00f3n y puesta en marcha de un programa de prevenci\u00f3n del consumo de tabaco basado en el enfoque de habilidades para la vida, evitando los problemas metodol\u00f3gicos en que hab\u00edan incurrido los programas anteriores. La muestra han sido 410 adolescentes de la ciudad de granada. Las principales conclusiones que se pueden extraer del mismo son: que el programa no ha tenido efecto ni preventivo, ni contrapreventivo, no ha conseguido reducir el consumo de tabaco entre los adolescentes que lo recibieron.  Solamente ha fortalecido la decisi\u00f3n de no fumar  de las chicas no fumadoras. Este es el resultado m\u00e1s com\u00fan de los programas de prevenci\u00f3n del consumo de tabaco que se est\u00e1n llevando acabo. Por otra parte, el programa ha sido muy bien valorado y aceptado por los adolescentes.<\/p>\n<p>&nbsp;<\/p>\n<h3>Datos acad\u00e9micos de la tesis doctoral \u00ab<strong>Evaluaci\u00f3n de la eficacia de un programa de prevenci\u00f3n del consumo de tabaco entre adolescentes.<\/strong>\u00ab<\/h3>\n<ul>\n<li><strong>T\u00edtulo de la tesis:<\/strong>\u00a0 Evaluaci\u00f3n de la eficacia de un programa de prevenci\u00f3n del consumo de tabaco entre adolescentes. <\/li>\n<li><strong>Autor:<\/strong>\u00a0 Mar\u00eda Luna Adame <\/li>\n<li><strong>Universidad:<\/strong>\u00a0 Granada<\/li>\n<li><strong>Fecha de lectura de la tesis:<\/strong>\u00a0 25\/07\/2005<\/li>\n<\/ul>\n<p>&nbsp;<\/p>\n<h3>Direcci\u00f3n y tribunal<\/h3>\n<ul>\n<li><strong>Director de la tesis<\/strong>\n<ul>\n<li>Fernando Justicia Justicia<\/li>\n<\/ul>\n<\/li>\n<li><strong>Tribunal<\/strong>\n<ul>\n<li>Presidente del tribunal:  De la fuente arias Jes\u00fas <\/li>\n<li> Pascual orts Luis Miguel (vocal)<\/li>\n<li>dolores Justicia d\u00edaz (vocal)<\/li>\n<li> Liebana checa Jos\u00e9 Antonio (vocal)<\/li>\n<\/ul>\n<\/li>\n<\/ul>\n<p>&nbsp;<\/p>\n","protected":false},"excerpt":{"rendered":"<p>Tesis doctoral de Mar\u00eda Luna Adame El estudio llevado a cabo en esta tesis ha consistido en el dise\u00f1o, aplicaci\u00f3n [&hellip;]<\/p>\n","protected":false},"author":1,"featured_media":0,"comment_status":"open","ping_status":"open","sticky":false,"template":"","format":"standard","meta":{"site-sidebar-layout":"default","site-content-layout":"","ast-site-content-layout":"","site-content-style":"default","site-sidebar-style":"default","ast-global-header-display":"","ast-banner-title-visibility":"","ast-main-header-display":"","ast-hfb-above-header-display":"","ast-hfb-below-header-display":"","ast-hfb-mobile-header-display":"","site-post-title":"","ast-breadcrumbs-content":"","ast-featured-img":"","footer-sml-layout":"","theme-transparent-header-meta":"","adv-header-id-meta":"","stick-header-meta":"","header-above-stick-meta":"","header-main-stick-meta":"","header-below-stick-meta":"","astra-migrate-meta-layouts":"default","ast-page-background-enabled":"default","ast-page-background-meta":{"desktop":{"background-color":"var(--ast-global-color-4)","background-image":"","background-repeat":"repeat","background-position":"center center","background-size":"auto","background-attachment":"scroll","background-type":"","background-media":"","overlay-type":"","overlay-color":"","overlay-gradient":""},"tablet":{"background-color":"","background-image":"","background-repeat":"repeat","background-position":"center center","background-size":"auto","background-attachment":"scroll","background-type":"","background-media":"","overlay-type":"","overlay-color":"","overlay-gradient":""},"mobile":{"background-color":"","background-image":"","background-repeat":"repeat","background-position":"center center","background-size":"auto","background-attachment":"scroll","background-type":"","background-media":"","overlay-type":"","overlay-color":"","overlay-gradient":""}},"ast-content-background-meta":{"desktop":{"background-color":"var(--ast-global-color-5)","background-image":"","background-repeat":"repeat","background-position":"center center","background-size":"auto","background-attachment":"scroll","background-type":"","background-media":"","overlay-type":"","overlay-color":"","overlay-gradient":""},"tablet":{"background-color":"var(--ast-global-color-5)","background-image":"","background-repeat":"repeat","background-position":"center center","background-size":"auto","background-attachment":"scroll","background-type":"","background-media":"","overlay-type":"","overlay-color":"","overlay-gradient":""},"mobile":{"background-color":"var(--ast-global-color-5)","background-image":"","background-repeat":"repeat","background-position":"center center","background-size":"auto","background-attachment":"scroll","background-type":"","background-media":"","overlay-type":"","overlay-color":"","overlay-gradient":""}},"footnotes":""},"categories":[324,970,2758],"tags":[52876,164082,4266,72424,164081,27404],"class_list":["post-75996","post","type-post","status-publish","format-standard","hentry","category-psicologia","category-psicologia-del-nino-y-del-adolescente","category-psicologia-evolutiva","tag-de-la-fuente-arias-jesus","tag-dolores-justicia-diaz","tag-fernando-justicia-justicia","tag-liebana-checa-jose-antonio","tag-maria-luna-adame","tag-pascual-orts-luis-miguel"],"_links":{"self":[{"href":"https:\/\/www.deberes.net\/tesis\/wp-json\/wp\/v2\/posts\/75996","targetHints":{"allow":["GET"]}}],"collection":[{"href":"https:\/\/www.deberes.net\/tesis\/wp-json\/wp\/v2\/posts"}],"about":[{"href":"https:\/\/www.deberes.net\/tesis\/wp-json\/wp\/v2\/types\/post"}],"author":[{"embeddable":true,"href":"https:\/\/www.deberes.net\/tesis\/wp-json\/wp\/v2\/users\/1"}],"replies":[{"embeddable":true,"href":"https:\/\/www.deberes.net\/tesis\/wp-json\/wp\/v2\/comments?post=75996"}],"version-history":[{"count":0,"href":"https:\/\/www.deberes.net\/tesis\/wp-json\/wp\/v2\/posts\/75996\/revisions"}],"wp:attachment":[{"href":"https:\/\/www.deberes.net\/tesis\/wp-json\/wp\/v2\/media?parent=75996"}],"wp:term":[{"taxonomy":"category","embeddable":true,"href":"https:\/\/www.deberes.net\/tesis\/wp-json\/wp\/v2\/categories?post=75996"},{"taxonomy":"post_tag","embeddable":true,"href":"https:\/\/www.deberes.net\/tesis\/wp-json\/wp\/v2\/tags?post=75996"}],"curies":[{"name":"wp","href":"https:\/\/api.w.org\/{rel}","templated":true}]}}