{"id":76037,"date":"2018-03-09T23:21:23","date_gmt":"2018-03-09T23:21:23","guid":{"rendered":"https:\/\/www.deberes.net\/tesis\/sin-categoria\/el-cambio-agrario-en-la-globalizacion-regionalizacion-de-los-municipios-bonaerenses\/"},"modified":"2018-03-09T23:21:23","modified_gmt":"2018-03-09T23:21:23","slug":"el-cambio-agrario-en-la-globalizacion-regionalizacion-de-los-municipios-bonaerenses","status":"publish","type":"post","link":"https:\/\/www.deberes.net\/tesis\/ciencias-economicas\/el-cambio-agrario-en-la-globalizacion-regionalizacion-de-los-municipios-bonaerenses\/","title":{"rendered":"El cambio agrario en la globalizaci\u00f3n. regionalizaci\u00f3n de los municipios bonaerenses"},"content":{"rendered":"<h2>Tesis doctoral de <strong>  Costas  Ana Mar\u00eda  Teresa <\/strong><\/h2>\n<p>Muchos estudiosos de la realidad agropecuaria han abordado el controvertido tema de la globalizaci\u00f3n. Hoy ellos coinciden en afirmar que el negocio de los productores en la argentina ha recibido la influencia de la desregulaci\u00f3n y la apertura de mercados. Sin embargo, en el pa\u00eds existe poca investigaci\u00f3n emp\u00edrica sobre el tema. Este trabajo ha estudiado, como caso particular, la zona de producci\u00f3n agropecuaria de la provincia de buenos aires, desde el inicio de la desregulaci\u00f3n econ\u00f3mica hasta una situaci\u00f3n en la que el proceso de globalizaci\u00f3n se encontr\u00f3 mucho m\u00e1s consolidado. La metodolog\u00eda de an\u00e1lisis multivariado permiti\u00f3 la regionalizaci\u00f3n de los municipios seg\u00fan los cambios efectuados entre el principio (1988) y final (2002 del per\u00edodo intercensal. Se definieron las particularidades de los diversos paisajes agr\u00edcolas que se han ido conformando en el territorio a trav\u00e9s de la obtenci\u00f3n de dos tipolog\u00edas que permiten la comparaci\u00f3n entre las regiones. La primera caracteriz\u00f3 tres grupos que han aumentado el uso del suelo, diferenci\u00e1ndose por la: (1) \u00abintensificaci\u00f3n del cultivo de cereales\u00bb, (2) \u00abpermanencia del cultivo forrajero\u00bb y (3) \u00abintensificaci\u00f3n del cultivo de soja\u00bb. La segunda se bas\u00f3 en las variaciones socio-empresariales. Se refiri\u00f3 a la forma jur\u00eddica de la organizaci\u00f3n, forma de gesti\u00f3n, concentraci\u00f3n de la tierra, forma de tenencia de la tierra, estabilidad laboral y migraci\u00f3n. tambi\u00e9n se generaron tres tipos que se clasificaron en: (1) \u00abexpansi\u00f3n territorial con permanencia de propietarios\u00bb, (2) \u00abexpansi\u00f3n territorial de arrendatarios\u00bby (3) \u00abexpansi\u00f3n territorial y tenencia precaria\u00bb. Ambas tipolog\u00edas resultaron independientes, posiblemente porque la primera se refiere a la asignaci\u00f3n del uso del recurso suelo, susceptible de variaci\u00f3n en el corto plazo, mientras que la segunda destaca cambios m\u00e1s estables en las empresas regionales y su modo de reunir los recursos productivos. lu<\/p>\n<p>&nbsp;<\/p>\n<h3>Datos acad\u00e9micos de la tesis doctoral \u00ab<strong>El cambio agrario en la globalizaci\u00f3n. regionalizaci\u00f3n de los municipios bonaerenses<\/strong>\u00ab<\/h3>\n<ul>\n<li><strong>T\u00edtulo de la tesis:<\/strong>\u00a0 El cambio agrario en la globalizaci\u00f3n. regionalizaci\u00f3n de los municipios bonaerenses <\/li>\n<li><strong>Autor:<\/strong>\u00a0  Costas  Ana Mar\u00eda  Teresa <\/li>\n<li><strong>Universidad:<\/strong>\u00a0 Polit\u00e9cnica de Valencia<\/li>\n<li><strong>Fecha de lectura de la tesis:<\/strong>\u00a0 27\/07\/2005<\/li>\n<\/ul>\n<p>&nbsp;<\/p>\n<h3>Direcci\u00f3n y tribunal<\/h3>\n<ul>\n<li><strong>Director de la tesis<\/strong>\n<ul>\n<li>Pere Escorsa Castells<\/li>\n<\/ul>\n<\/li>\n<li><strong>Tribunal<\/strong>\n<ul>\n<li>Presidente del tribunal:  Dalmau porta Juan  ignacio <\/li>\n<li>enrique Claver cortes (vocal)<\/li>\n<li>jaume Valls passola (vocal)<\/li>\n<li>diego Quer ramon (vocal)<\/li>\n<\/ul>\n<\/li>\n<\/ul>\n<p>&nbsp;<\/p>\n","protected":false},"excerpt":{"rendered":"<p>Tesis doctoral de Costas Ana Mar\u00eda Teresa Muchos estudiosos de la realidad agropecuaria han abordado el controvertido tema de la [&hellip;]<\/p>\n","protected":false},"author":1,"featured_media":0,"comment_status":"open","ping_status":"open","sticky":false,"template":"","format":"standard","meta":{"site-sidebar-layout":"default","site-content-layout":"","ast-site-content-layout":"","site-content-style":"default","site-sidebar-style":"default","ast-global-header-display":"","ast-banner-title-visibility":"","ast-main-header-display":"","ast-hfb-above-header-display":"","ast-hfb-below-header-display":"","ast-hfb-mobile-header-display":"","site-post-title":"","ast-breadcrumbs-content":"","ast-featured-img":"","footer-sml-layout":"","theme-transparent-header-meta":"","adv-header-id-meta":"","stick-header-meta":"","header-above-stick-meta":"","header-main-stick-meta":"","header-below-stick-meta":"","astra-migrate-meta-layouts":"default","ast-page-background-enabled":"default","ast-page-background-meta":{"desktop":{"background-color":"var(--ast-global-color-4)","background-image":"","background-repeat":"repeat","background-position":"center center","background-size":"auto","background-attachment":"scroll","background-type":"","background-media":"","overlay-type":"","overlay-color":"","overlay-gradient":""},"tablet":{"background-color":"","background-image":"","background-repeat":"repeat","background-position":"center center","background-size":"auto","background-attachment":"scroll","background-type":"","background-media":"","overlay-type":"","overlay-color":"","overlay-gradient":""},"mobile":{"background-color":"","background-image":"","background-repeat":"repeat","background-position":"center center","background-size":"auto","background-attachment":"scroll","background-type":"","background-media":"","overlay-type":"","overlay-color":"","overlay-gradient":""}},"ast-content-background-meta":{"desktop":{"background-color":"var(--ast-global-color-5)","background-image":"","background-repeat":"repeat","background-position":"center center","background-size":"auto","background-attachment":"scroll","background-type":"","background-media":"","overlay-type":"","overlay-color":"","overlay-gradient":""},"tablet":{"background-color":"var(--ast-global-color-5)","background-image":"","background-repeat":"repeat","background-position":"center center","background-size":"auto","background-attachment":"scroll","background-type":"","background-media":"","overlay-type":"","overlay-color":"","overlay-gradient":""},"mobile":{"background-color":"var(--ast-global-color-5)","background-image":"","background-repeat":"repeat","background-position":"center center","background-size":"auto","background-attachment":"scroll","background-type":"","background-media":"","overlay-type":"","overlay-color":"","overlay-gradient":""}},"footnotes":""},"categories":[509,494,82,1066,1353,1399,3090,11298,16582,6525,1302,16820],"tags":[164167,31254,160667,7573,40469,9174],"class_list":["post-76037","post","type-post","status-publish","format-standard","hentry","category-agronomia","category-ciencias-agrarias","category-ciencias-economicas","category-demografia","category-demografia-geografica","category-geografia","category-geografia-regional","category-geografia-rural","category-gestion-de-la-produccion-vegetal","category-organizacion-de-la-produccion","category-organizacion-y-gestion-de-empresas","category-politecnica-de-valencia","tag-costas-ana-maria-teresa","tag-dalmau-porta-juan-ignacio","tag-diego-quer-ramon","tag-enrique-claver-cortes","tag-jaume-valls-passola","tag-pere-escorsa-castells"],"_links":{"self":[{"href":"https:\/\/www.deberes.net\/tesis\/wp-json\/wp\/v2\/posts\/76037","targetHints":{"allow":["GET"]}}],"collection":[{"href":"https:\/\/www.deberes.net\/tesis\/wp-json\/wp\/v2\/posts"}],"about":[{"href":"https:\/\/www.deberes.net\/tesis\/wp-json\/wp\/v2\/types\/post"}],"author":[{"embeddable":true,"href":"https:\/\/www.deberes.net\/tesis\/wp-json\/wp\/v2\/users\/1"}],"replies":[{"embeddable":true,"href":"https:\/\/www.deberes.net\/tesis\/wp-json\/wp\/v2\/comments?post=76037"}],"version-history":[{"count":0,"href":"https:\/\/www.deberes.net\/tesis\/wp-json\/wp\/v2\/posts\/76037\/revisions"}],"wp:attachment":[{"href":"https:\/\/www.deberes.net\/tesis\/wp-json\/wp\/v2\/media?parent=76037"}],"wp:term":[{"taxonomy":"category","embeddable":true,"href":"https:\/\/www.deberes.net\/tesis\/wp-json\/wp\/v2\/categories?post=76037"},{"taxonomy":"post_tag","embeddable":true,"href":"https:\/\/www.deberes.net\/tesis\/wp-json\/wp\/v2\/tags?post=76037"}],"curies":[{"name":"wp","href":"https:\/\/api.w.org\/{rel}","templated":true}]}}