{"id":76069,"date":"2018-03-09T23:21:23","date_gmt":"2018-03-09T23:21:23","guid":{"rendered":"https:\/\/www.deberes.net\/tesis\/sin-categoria\/graficos-animados-realidad-virtual-y-captacion-espacio-temporal\/"},"modified":"2018-03-09T23:21:23","modified_gmt":"2018-03-09T23:21:23","slug":"graficos-animados-realidad-virtual-y-captacion-espacio-temporal","status":"publish","type":"post","link":"https:\/\/www.deberes.net\/tesis\/psicologia\/graficos-animados-realidad-virtual-y-captacion-espacio-temporal\/","title":{"rendered":"Gr\u00e1ficos animados, realidad virtual y captaci\u00f3n espacio-temporal"},"content":{"rendered":"<h2>Tesis doctoral de <strong> Ana Gonz\u00e1lez Uriel <\/strong><\/h2>\n<p>El objetivo de la tesis es estudiar si existe relaci\u00f3n entre la captaci\u00f3n espacio-temporal y la pr\u00e1ctica, cada vez m\u00e1s extendida, de los juegos con gr\u00e1ficos animados y realidad virtual.  lacuesti\u00f3n se relaciona con la percepci\u00f3n del espacio y del movimiento en la \u00abera de las pantallas\u00bb, que concierne a temas de arquitectura, del lenguaje audiovisual o de psicolog\u00eda.  se ha realizado una investigaci\u00f3n emp\u00edrica con m\u00e9todo correlacional, utilizando una muestra de quinientos sujetos de ambos sexos, entre 10 y 18 a\u00f1os de edad, alumnos de educaci\u00f3n primaria y secundaria de centros escolares de la comunidad de Madrid.  ha quedado verificada la hip\u00f3tesis de que no hay relaci\u00f3n entre la velocidad de reacci\u00f3n y la capacidad para procesar relaciones espacio-temporales. la pr\u00e1ctica de la rapidez de reacci\u00f3n en los ejercicios y juegos con movimiento virtual es independiente de la velocidad de anticipaci\u00f3n (usada como medida de la captaci\u00f3n de la relaci\u00f3n espacio-temporal). Haciendo un estudio detenido para ver la posible incidencia en la hip\u00f3tesis de otras variables controladas, no se ha encontrado dicha incidencia (a = 0,01) en funci\u00f3n de: a) g\u00e9nero; b) edad; c) tipo de centro al que asisten a clase; d) rendimiento acad\u00e9mico; ni e) tendencia al adelanto o retraso en la velocidad de anticipaci\u00f3n. por otra parte, se ha encontrado que existe correlaci\u00f3n entre la velocidad de anticipaci\u00f3n y el tiempo dedicado al estudio.  los resultados que se han obtenido apoyan las razones encontradas en otras investigaciones para considerar la velocidad de anticipaci\u00f3n como un tipo de atenci\u00f3n interna (\u00abprocesual\u00bb) o de inteligencia cin\u00e9tica.  (tres palabras clave: anticipaci\u00f3n; reacci\u00f3n; videojuegos)<\/p>\n<p>&nbsp;<\/p>\n<h3>Datos acad\u00e9micos de la tesis doctoral \u00ab<strong>Gr\u00e1ficos animados, realidad virtual y captaci\u00f3n espacio-temporal<\/strong>\u00ab<\/h3>\n<ul>\n<li><strong>T\u00edtulo de la tesis:<\/strong>\u00a0 Gr\u00e1ficos animados, realidad virtual y captaci\u00f3n espacio-temporal <\/li>\n<li><strong>Autor:<\/strong>\u00a0 Ana Gonz\u00e1lez Uriel <\/li>\n<li><strong>Universidad:<\/strong>\u00a0 Valladolid<\/li>\n<li><strong>Fecha de lectura de la tesis:<\/strong>\u00a0 29\/07\/2005<\/li>\n<\/ul>\n<p>&nbsp;<\/p>\n<h3>Direcci\u00f3n y tribunal<\/h3>\n<ul>\n<li><strong>Director de la tesis<\/strong>\n<ul>\n<li>Santiago Aranda Arenas<\/li>\n<\/ul>\n<\/li>\n<li><strong>Tribunal<\/strong>\n<ul>\n<li>Presidente del tribunal: Jos\u00e9 Mar\u00eda Roman sanchez <\/li>\n<li>Mar\u00eda del mar Garc\u00eda se\u00f1or\u00e1n (vocal)<\/li>\n<li>rufino Gonz\u00e1lez blanco (vocal)<\/li>\n<li>esmeralda Rubio asensio (vocal)<\/li>\n<\/ul>\n<\/li>\n<\/ul>\n<p>&nbsp;<\/p>\n","protected":false},"excerpt":{"rendered":"<p>Tesis doctoral de Ana Gonz\u00e1lez Uriel El objetivo de la tesis es estudiar si existe relaci\u00f3n entre la captaci\u00f3n espacio-temporal [&hellip;]<\/p>\n","protected":false},"author":1,"featured_media":0,"comment_status":"open","ping_status":"open","sticky":false,"template":"","format":"standard","meta":{"site-sidebar-layout":"default","site-content-layout":"","ast-site-content-layout":"","site-content-style":"default","site-sidebar-style":"default","ast-global-header-display":"","ast-banner-title-visibility":"","ast-main-header-display":"","ast-hfb-above-header-display":"","ast-hfb-below-header-display":"","ast-hfb-mobile-header-display":"","site-post-title":"","ast-breadcrumbs-content":"","ast-featured-img":"","footer-sml-layout":"","theme-transparent-header-meta":"","adv-header-id-meta":"","stick-header-meta":"","header-above-stick-meta":"","header-main-stick-meta":"","header-below-stick-meta":"","astra-migrate-meta-layouts":"default","ast-page-background-enabled":"default","ast-page-background-meta":{"desktop":{"background-color":"var(--ast-global-color-4)","background-image":"","background-repeat":"repeat","background-position":"center center","background-size":"auto","background-attachment":"scroll","background-type":"","background-media":"","overlay-type":"","overlay-color":"","overlay-gradient":""},"tablet":{"background-color":"","background-image":"","background-repeat":"repeat","background-position":"center center","background-size":"auto","background-attachment":"scroll","background-type":"","background-media":"","overlay-type":"","overlay-color":"","overlay-gradient":""},"mobile":{"background-color":"","background-image":"","background-repeat":"repeat","background-position":"center center","background-size":"auto","background-attachment":"scroll","background-type":"","background-media":"","overlay-type":"","overlay-color":"","overlay-gradient":""}},"ast-content-background-meta":{"desktop":{"background-color":"var(--ast-global-color-5)","background-image":"","background-repeat":"repeat","background-position":"center center","background-size":"auto","background-attachment":"scroll","background-type":"","background-media":"","overlay-type":"","overlay-color":"","overlay-gradient":""},"tablet":{"background-color":"var(--ast-global-color-5)","background-image":"","background-repeat":"repeat","background-position":"center center","background-size":"auto","background-attachment":"scroll","background-type":"","background-media":"","overlay-type":"","overlay-color":"","overlay-gradient":""},"mobile":{"background-color":"var(--ast-global-color-5)","background-image":"","background-repeat":"repeat","background-position":"center center","background-size":"auto","background-attachment":"scroll","background-type":"","background-media":"","overlay-type":"","overlay-color":"","overlay-gradient":""}},"footnotes":""},"categories":[7302,324,5174,12451],"tags":[164222,27938,5139,2759,66553,40276],"class_list":["post-76069","post","type-post","status-publish","format-standard","hentry","category-procesos-cognitivos","category-psicologia","category-psicopedagogia","category-valladolid","tag-ana-gonzalez-uriel","tag-esmeralda-rubio-asensio","tag-jose-maria-roman-sanchez","tag-maria-del-mar-garcia-senoran","tag-rufino-gonzalez-blanco","tag-santiago-aranda-arenas"],"_links":{"self":[{"href":"https:\/\/www.deberes.net\/tesis\/wp-json\/wp\/v2\/posts\/76069","targetHints":{"allow":["GET"]}}],"collection":[{"href":"https:\/\/www.deberes.net\/tesis\/wp-json\/wp\/v2\/posts"}],"about":[{"href":"https:\/\/www.deberes.net\/tesis\/wp-json\/wp\/v2\/types\/post"}],"author":[{"embeddable":true,"href":"https:\/\/www.deberes.net\/tesis\/wp-json\/wp\/v2\/users\/1"}],"replies":[{"embeddable":true,"href":"https:\/\/www.deberes.net\/tesis\/wp-json\/wp\/v2\/comments?post=76069"}],"version-history":[{"count":0,"href":"https:\/\/www.deberes.net\/tesis\/wp-json\/wp\/v2\/posts\/76069\/revisions"}],"wp:attachment":[{"href":"https:\/\/www.deberes.net\/tesis\/wp-json\/wp\/v2\/media?parent=76069"}],"wp:term":[{"taxonomy":"category","embeddable":true,"href":"https:\/\/www.deberes.net\/tesis\/wp-json\/wp\/v2\/categories?post=76069"},{"taxonomy":"post_tag","embeddable":true,"href":"https:\/\/www.deberes.net\/tesis\/wp-json\/wp\/v2\/tags?post=76069"}],"curies":[{"name":"wp","href":"https:\/\/api.w.org\/{rel}","templated":true}]}}