{"id":76074,"date":"2018-03-09T23:21:23","date_gmt":"2018-03-09T23:21:23","guid":{"rendered":"https:\/\/www.deberes.net\/tesis\/sin-categoria\/programa-de-intervencion-para-aumentar-la-vacunacion-antigripal-de-los-profesionales-de-atencion-primaria\/"},"modified":"2018-03-09T23:21:23","modified_gmt":"2018-03-09T23:21:23","slug":"programa-de-intervencion-para-aumentar-la-vacunacion-antigripal-de-los-profesionales-de-atencion-primaria","status":"publish","type":"post","link":"https:\/\/www.deberes.net\/tesis\/ciencias-medicas\/programa-de-intervencion-para-aumentar-la-vacunacion-antigripal-de-los-profesionales-de-atencion-primaria\/","title":{"rendered":"Programa de intervencion para aumentar la vacunacion antigripal de los profesionales de atencion primaria"},"content":{"rendered":"<h2>Tesis doctoral de <strong> Mar\u00eda  Asuncion Pastor Climent <\/strong><\/h2>\n<p>Introduccion: la gripe produce una elevada mortalidad. Se recomienda la vacunaci\u00f3n antigripal del personal (vap) que trabaja en los centros sanitarios para prevenir la transmisi\u00f3n a los pacientes y viceversa. Objetivos: principal: cuantificar la cobertura vacunal de los profesionales de atenci\u00f3n primaria (ap), aumentar la vap a trav\u00e9s de una carta remitida desde la gerencia a todos los profesionales y a trav\u00e9s de una intervenci\u00f3n mixta: charla de educaci\u00f3n sanitaria y ofrecimiento de la vacuna in situ. Objetivos secundarios: conocer la relaci\u00f3n entre la vap y los factores sociodemogr\u00e1ficos (edad, sexo, categor\u00eda profesional y centro de trabajo), conocer si la vap est\u00e1 asociada con trabajar en un centro de salud (cs) durante la campa\u00f1a vacunal y con una menor presentaci\u00f3n de s\u00edntomas gripales, conocer si el personal sanitario recomienda la vacuna a los usuarios, conocer sus creencias respecto a la posibilidad de que la vacuna produzca pseudogripe y la informaci\u00f3n que transmiten a los pacientes, conocimientos sobre posibles efectos adversos de la vacuna, respecto a los beneficios que la vacuna aporta a los mayores de 65 a\u00f1os, y conocer los motivos para rechazar la vacuna. Material y metodos: el trabajo se realiza sobre tres campa\u00f1as de vacunaci\u00f3n antigripal 2001-2002, 2002-2003 y 2003-2004. Para el primer objetivo se dise\u00f1a un estudio observacional descriptivo multic\u00e9ntrico transversal, mediante encuesta an\u00f3mina en mayo 2002. Para el segundo: estudio de intervenci\u00f3n antes-despu\u00e9s, encuesta an\u00f3nima en junio 2003. Para el tercero: estudio de intervenci\u00f3n, encuesta en novienbre 2003. Intervenciones: carta de la gerencia a todos los profesionales (septiembre 2002-2\u00c2\u00ba objetivo) y charla con oferta de la vacuna in situ (noviembre 2003-3\u00c2\u00ba objetivo). Ambito de estudio: ap. Poblaci\u00f3n diana: los profesionales de los siete cs del \u00e1rea 19 (comunidad Valenciana), m\u00e9dicos de familia, mir, pediatras, enfermeros, auxiliares de enf<\/p>\n<p>&nbsp;<\/p>\n<h3>Datos acad\u00e9micos de la tesis doctoral \u00ab<strong>Programa de intervencion para aumentar la vacunacion antigripal de los profesionales de atencion primaria<\/strong>\u00ab<\/h3>\n<ul>\n<li><strong>T\u00edtulo de la tesis:<\/strong>\u00a0 Programa de intervencion para aumentar la vacunacion antigripal de los profesionales de atencion primaria <\/li>\n<li><strong>Autor:<\/strong>\u00a0 Mar\u00eda  Asuncion Pastor Climent <\/li>\n<li><strong>Universidad:<\/strong>\u00a0 Miguel hern\u00e1ndez de elche<\/li>\n<li><strong>Fecha de lectura de la tesis:<\/strong>\u00a0 29\/07\/2005<\/li>\n<\/ul>\n<p>&nbsp;<\/p>\n<h3>Direcci\u00f3n y tribunal<\/h3>\n<ul>\n<li><strong>Director de la tesis<\/strong>\n<ul>\n<li>Vicente Gil Guillen<\/li>\n<\/ul>\n<\/li>\n<li><strong>Tribunal<\/strong>\n<ul>\n<li>Presidente del tribunal: radhames Hernandez mejia <\/li>\n<li>Jos\u00e9 Cano montoro (vocal)<\/li>\n<li>salvador Pita fernandez (vocal)<\/li>\n<li>herman Schwartz chavarri (vocal)<\/li>\n<\/ul>\n<\/li>\n<\/ul>\n<p>&nbsp;<\/p>\n","protected":false},"excerpt":{"rendered":"<p>Tesis doctoral de Mar\u00eda Asuncion Pastor Climent Introduccion: la gripe produce una elevada mortalidad. Se recomienda la vacunaci\u00f3n antigripal del [&hellip;]<\/p>\n","protected":false},"author":1,"featured_media":0,"comment_status":"open","ping_status":"open","sticky":false,"template":"","format":"standard","meta":{"site-sidebar-layout":"default","site-content-layout":"","ast-site-content-layout":"","site-content-style":"default","site-sidebar-style":"default","ast-global-header-display":"","ast-banner-title-visibility":"","ast-main-header-display":"","ast-hfb-above-header-display":"","ast-hfb-below-header-display":"","ast-hfb-mobile-header-display":"","site-post-title":"","ast-breadcrumbs-content":"","ast-featured-img":"","footer-sml-layout":"","theme-transparent-header-meta":"","adv-header-id-meta":"","stick-header-meta":"","header-above-stick-meta":"","header-main-stick-meta":"","header-below-stick-meta":"","astra-migrate-meta-layouts":"default","ast-page-background-enabled":"default","ast-page-background-meta":{"desktop":{"background-color":"var(--ast-global-color-4)","background-image":"","background-repeat":"repeat","background-position":"center center","background-size":"auto","background-attachment":"scroll","background-type":"","background-media":"","overlay-type":"","overlay-color":"","overlay-gradient":""},"tablet":{"background-color":"","background-image":"","background-repeat":"repeat","background-position":"center center","background-size":"auto","background-attachment":"scroll","background-type":"","background-media":"","overlay-type":"","overlay-color":"","overlay-gradient":""},"mobile":{"background-color":"","background-image":"","background-repeat":"repeat","background-position":"center center","background-size":"auto","background-attachment":"scroll","background-type":"","background-media":"","overlay-type":"","overlay-color":"","overlay-gradient":""}},"ast-content-background-meta":{"desktop":{"background-color":"var(--ast-global-color-5)","background-image":"","background-repeat":"repeat","background-position":"center center","background-size":"auto","background-attachment":"scroll","background-type":"","background-media":"","overlay-type":"","overlay-color":"","overlay-gradient":""},"tablet":{"background-color":"var(--ast-global-color-5)","background-image":"","background-repeat":"repeat","background-position":"center center","background-size":"auto","background-attachment":"scroll","background-type":"","background-media":"","overlay-type":"","overlay-color":"","overlay-gradient":""},"mobile":{"background-color":"var(--ast-global-color-5)","background-image":"","background-repeat":"repeat","background-position":"center center","background-size":"auto","background-attachment":"scroll","background-type":"","background-media":"","overlay-type":"","overlay-color":"","overlay-gradient":""}},"footnotes":""},"categories":[9,1086,37169],"tags":[164232,164231,164230,37901,2934,19282],"class_list":["post-76074","post","type-post","status-publish","format-standard","hentry","category-ciencias-medicas","category-epidemiologia","category-miguel-hernandez-de-elche","tag-herman-schwartz-chavarri","tag-jose-cano-montoro","tag-maria-asuncion-pastor-climent","tag-radhames-hernandez-mejia","tag-salvador-pita-fernandez","tag-vicente-gil-guillen"],"_links":{"self":[{"href":"https:\/\/www.deberes.net\/tesis\/wp-json\/wp\/v2\/posts\/76074","targetHints":{"allow":["GET"]}}],"collection":[{"href":"https:\/\/www.deberes.net\/tesis\/wp-json\/wp\/v2\/posts"}],"about":[{"href":"https:\/\/www.deberes.net\/tesis\/wp-json\/wp\/v2\/types\/post"}],"author":[{"embeddable":true,"href":"https:\/\/www.deberes.net\/tesis\/wp-json\/wp\/v2\/users\/1"}],"replies":[{"embeddable":true,"href":"https:\/\/www.deberes.net\/tesis\/wp-json\/wp\/v2\/comments?post=76074"}],"version-history":[{"count":0,"href":"https:\/\/www.deberes.net\/tesis\/wp-json\/wp\/v2\/posts\/76074\/revisions"}],"wp:attachment":[{"href":"https:\/\/www.deberes.net\/tesis\/wp-json\/wp\/v2\/media?parent=76074"}],"wp:term":[{"taxonomy":"category","embeddable":true,"href":"https:\/\/www.deberes.net\/tesis\/wp-json\/wp\/v2\/categories?post=76074"},{"taxonomy":"post_tag","embeddable":true,"href":"https:\/\/www.deberes.net\/tesis\/wp-json\/wp\/v2\/tags?post=76074"}],"curies":[{"name":"wp","href":"https:\/\/api.w.org\/{rel}","templated":true}]}}