{"id":76090,"date":"2005-05-09T00:00:00","date_gmt":"2005-05-09T00:00:00","guid":{"rendered":"https:\/\/www.deberes.net\/tesis\/sin-categoria\/la-obra-pictorica-de-julian-pacheco\/"},"modified":"2005-05-09T00:00:00","modified_gmt":"2005-05-09T00:00:00","slug":"la-obra-pictorica-de-julian-pacheco","status":"publish","type":"post","link":"https:\/\/www.deberes.net\/tesis\/pintura\/la-obra-pictorica-de-julian-pacheco\/","title":{"rendered":"La obra pict\u00f3rica de juli\u00e1n pacheco"},"content":{"rendered":"<h2>Tesis doctoral de <strong>  Caldito Auni\u00f3n Mar\u00eda Soledad <\/strong><\/h2>\n<p>Motivo del estudio     desconocimiento generalizado de esta obra.  estructura     1,- parte biogr\u00e1fica significativa y trayectoria art\u00edstica.     2,- parte an\u00e1lisis pormenorizado de la obra: influencias, estilos, caracter\u00edsticas pl\u00e1sticas y dimensi\u00f3n social de la obra.  conclusiones     resaltar las numerosas cualidades pl\u00e1sticas de su obra, su car\u00e1cter cr\u00edtico social, el reconocimiento de estos en europa y los motivos de tipo pol\u00edtico que motivaron su relegaci\u00f3n en nuestro pa\u00eds hasta el momento actual.<\/p>\n<p>&nbsp;<\/p>\n<h3>Datos acad\u00e9micos de la tesis doctoral \u00ab<strong>La obra pict\u00f3rica de juli\u00e1n pacheco<\/strong>\u00ab<\/h3>\n<ul>\n<li><strong>T\u00edtulo de la tesis:<\/strong>\u00a0 La obra pict\u00f3rica de juli\u00e1n pacheco <\/li>\n<li><strong>Autor:<\/strong>\u00a0  Caldito Auni\u00f3n Mar\u00eda Soledad <\/li>\n<li><strong>Universidad:<\/strong>\u00a0 Sevilla<\/li>\n<li><strong>Fecha de lectura de la tesis:<\/strong>\u00a0 05\/09\/2005<\/li>\n<\/ul>\n<p>&nbsp;<\/p>\n<h3>Direcci\u00f3n y tribunal<\/h3>\n<ul>\n<li><strong>Director de la tesis<\/strong>\n<ul>\n<li>Mercedes Espiau Eizaquirre<\/li>\n<\/ul>\n<\/li>\n<li><strong>Tribunal<\/strong>\n<ul>\n<li>Presidente del tribunal: alberto Ma\u00f1ero guti\u00e9rrez <\/li>\n<li> Monterroso montero Juan  Manuel (vocal)<\/li>\n<li>lu\u00eds Mart\u00ednez montiel (vocal)<\/li>\n<li> G\u00f3mez de segura hern\u00e1ndez Francisco Javier (vocal)<\/li>\n<\/ul>\n<\/li>\n<\/ul>\n<p>&nbsp;<\/p>\n","protected":false},"excerpt":{"rendered":"<p>Tesis doctoral de Caldito Auni\u00f3n Mar\u00eda Soledad Motivo del estudio desconocimiento generalizado de esta obra. estructura 1,- parte biogr\u00e1fica significativa [&hellip;]<\/p>\n","protected":false},"author":1,"featured_media":0,"comment_status":"open","ping_status":"open","sticky":false,"template":"","format":"standard","meta":{"site-sidebar-layout":"default","site-content-layout":"","ast-site-content-layout":"","site-content-style":"default","site-sidebar-style":"default","ast-global-header-display":"","ast-banner-title-visibility":"","ast-main-header-display":"","ast-hfb-above-header-display":"","ast-hfb-below-header-display":"","ast-hfb-mobile-header-display":"","site-post-title":"","ast-breadcrumbs-content":"","ast-featured-img":"","footer-sml-layout":"","theme-transparent-header-meta":"","adv-header-id-meta":"","stick-header-meta":"","header-above-stick-meta":"","header-main-stick-meta":"","header-below-stick-meta":"","astra-migrate-meta-layouts":"default","ast-page-background-enabled":"default","ast-page-background-meta":{"desktop":{"background-color":"var(--ast-global-color-4)","background-image":"","background-repeat":"repeat","background-position":"center center","background-size":"auto","background-attachment":"scroll","background-type":"","background-media":"","overlay-type":"","overlay-color":"","overlay-gradient":""},"tablet":{"background-color":"","background-image":"","background-repeat":"repeat","background-position":"center center","background-size":"auto","background-attachment":"scroll","background-type":"","background-media":"","overlay-type":"","overlay-color":"","overlay-gradient":""},"mobile":{"background-color":"","background-image":"","background-repeat":"repeat","background-position":"center center","background-size":"auto","background-attachment":"scroll","background-type":"","background-media":"","overlay-type":"","overlay-color":"","overlay-gradient":""}},"ast-content-background-meta":{"desktop":{"background-color":"var(--ast-global-color-5)","background-image":"","background-repeat":"repeat","background-position":"center center","background-size":"auto","background-attachment":"scroll","background-type":"","background-media":"","overlay-type":"","overlay-color":"","overlay-gradient":""},"tablet":{"background-color":"var(--ast-global-color-5)","background-image":"","background-repeat":"repeat","background-position":"center center","background-size":"auto","background-attachment":"scroll","background-type":"","background-media":"","overlay-type":"","overlay-color":"","overlay-gradient":""},"mobile":{"background-color":"var(--ast-global-color-5)","background-image":"","background-repeat":"repeat","background-position":"center center","background-size":"auto","background-attachment":"scroll","background-type":"","background-media":"","overlay-type":"","overlay-color":"","overlay-gradient":""}},"footnotes":""},"categories":[3806,10715],"tags":[11166,164260,82717,164262,164261,21455],"class_list":["post-76090","post","type-post","status-publish","format-standard","hentry","category-pintura","category-sevilla","tag-alberto-manero-gutierrez","tag-caldito-aunion-maria-soledad","tag-gomez-de-segura-hernandez-francisco-javier","tag-luis-Martinez-montiel","tag-mercedes-espiau-eizaquirre","tag-monterroso-montero-juan-manuel"],"_links":{"self":[{"href":"https:\/\/www.deberes.net\/tesis\/wp-json\/wp\/v2\/posts\/76090","targetHints":{"allow":["GET"]}}],"collection":[{"href":"https:\/\/www.deberes.net\/tesis\/wp-json\/wp\/v2\/posts"}],"about":[{"href":"https:\/\/www.deberes.net\/tesis\/wp-json\/wp\/v2\/types\/post"}],"author":[{"embeddable":true,"href":"https:\/\/www.deberes.net\/tesis\/wp-json\/wp\/v2\/users\/1"}],"replies":[{"embeddable":true,"href":"https:\/\/www.deberes.net\/tesis\/wp-json\/wp\/v2\/comments?post=76090"}],"version-history":[{"count":0,"href":"https:\/\/www.deberes.net\/tesis\/wp-json\/wp\/v2\/posts\/76090\/revisions"}],"wp:attachment":[{"href":"https:\/\/www.deberes.net\/tesis\/wp-json\/wp\/v2\/media?parent=76090"}],"wp:term":[{"taxonomy":"category","embeddable":true,"href":"https:\/\/www.deberes.net\/tesis\/wp-json\/wp\/v2\/categories?post=76090"},{"taxonomy":"post_tag","embeddable":true,"href":"https:\/\/www.deberes.net\/tesis\/wp-json\/wp\/v2\/tags?post=76090"}],"curies":[{"name":"wp","href":"https:\/\/api.w.org\/{rel}","templated":true}]}}