{"id":76100,"date":"2005-07-09T00:00:00","date_gmt":"2005-07-09T00:00:00","guid":{"rendered":"https:\/\/www.deberes.net\/tesis\/sin-categoria\/estructuralismo-y-subjetividad-en-la-obra-de-paul-ricoeur-aun-dialogo-posible\/"},"modified":"2005-07-09T00:00:00","modified_gmt":"2005-07-09T00:00:00","slug":"estructuralismo-y-subjetividad-en-la-obra-de-paul-ricoeur-aun-dialogo-posible","status":"publish","type":"post","link":"https:\/\/www.deberes.net\/tesis\/filosofia\/estructuralismo-y-subjetividad-en-la-obra-de-paul-ricoeur-aun-dialogo-posible\/","title":{"rendered":"Estructuralismo y subjetividad en la obra de paul ricoeur. \u00c2\u00bfun di\u00e1logo posible?"},"content":{"rendered":"<h2>Tesis doctoral de <strong> Marilene Valerio Diniz <\/strong><\/h2>\n<p>El estructuralismo, por centrarse en el sistema como un conjunto de relaciones en las cuales los elementos adquieren su valor, no considera nada que no forme parte de este juego en el cual el hombre y la historia no tienen lugar. Bajo esta perspectiva, las llamadas filosof\u00edas estructuralistas son acusadas de haber destruido al hombre, la subjetividad, la racionalidad y la historia. Desde ese punto de vista, se considera al hombre como parte del sistema, siendo, pues, cuestionadas su conciencia y autonom\u00eda, ya que, como parte del sistema, a \u00e9l estar\u00eda sojuzgado.  en el \u00e1mbito de estas cuestiones, emerge el problema que motiv\u00f3 esta investigaci\u00f3n, o sea, \u00c2\u00bfc\u00f3mo el fil\u00f3sofo paul ricoeur ha logrado mantener un constante y profundo di\u00e1logo con el estructuralismo, a trav\u00e9s de una interdisciplinaridad con la ciencias que la adoptaron y, al mismo tiempo, construir una teor\u00eda de la subjetividad marcada por la b\u00fasqueda de la conciencia de s\u00ed mismo y por el testigo \u00e9tico y moral? La tesis con la que se ha intentado contestar a esa pregunta es que la hermen\u00e9utica de paul ricoeur presenta muchas afinidades con el estructuralismo, principalmente en la formulaci\u00f3n del concepto de identidad narrativa. Sin embargo, este fil\u00f3sofo utiliza el estructuralismo no como teor\u00eda filos\u00f3fica, sino como un recurso metodol\u00f3gico de aproximaci\u00f3n al fen\u00f3meno de las acciones humanas, con enfoque en la acci\u00f3n discursiva, principalmente, en la obra literaria. As\u00ed, el an\u00e1lisis estructural representa, en la teor\u00eda ricoeuriana, un umbral, un primer paso que posibilita la entrada al discurso filos\u00f3fico-reflexivo, a trav\u00e9s del cual el autor busca los sentidos del \u00abser-en-el-mundo\u00bb y construye el concepto de subjetividad. con el intento de confirmar o no esta tesis, se sigui\u00f3, por el an\u00e1lisis reflexivo, y a trav\u00e9s de una pesquisa bibliogr\u00e1fica cuidadosa y profunda, el itinerario de la llamada \u00abv\u00eda larga\u00bb de la construcci\u00f3n hermen\u00e9utica de la subj<\/p>\n<p>&nbsp;<\/p>\n<h3>Datos acad\u00e9micos de la tesis doctoral \u00ab<strong>Estructuralismo y subjetividad en la obra de paul ricoeur. \u00c2\u00bfun di\u00e1logo posible?<\/strong>\u00ab<\/h3>\n<ul>\n<li><strong>T\u00edtulo de la tesis:<\/strong>\u00a0 Estructuralismo y subjetividad en la obra de paul ricoeur. \u00c2\u00bfun di\u00e1logo posible? <\/li>\n<li><strong>Autor:<\/strong>\u00a0 Marilene Valerio Diniz <\/li>\n<li><strong>Universidad:<\/strong>\u00a0 Complutense de Madrid<\/li>\n<li><strong>Fecha de lectura de la tesis:<\/strong>\u00a0 07\/09\/2005<\/li>\n<\/ul>\n<p>&nbsp;<\/p>\n<h3>Direcci\u00f3n y tribunal<\/h3>\n<ul>\n<li><strong>Director de la tesis<\/strong>\n<ul>\n<li>Ram\u00f3n Rodr\u00edguez Garc\u00eda<\/li>\n<\/ul>\n<\/li>\n<li><strong>Tribunal<\/strong>\n<ul>\n<li>Presidente del tribunal: Juan  manuel Navarro cordon <\/li>\n<li>diego S\u00e1nchez meca (vocal)<\/li>\n<li>Manuel Maceiras fafi\u00e1n (vocal)<\/li>\n<li>marcelino Agis villaverde (vocal)<\/li>\n<\/ul>\n<\/li>\n<\/ul>\n<p>&nbsp;<\/p>\n","protected":false},"excerpt":{"rendered":"<p>Tesis doctoral de Marilene Valerio Diniz El estructuralismo, por centrarse en el sistema como un conjunto de relaciones en las [&hellip;]<\/p>\n","protected":false},"author":1,"featured_media":0,"comment_status":"open","ping_status":"open","sticky":false,"template":"","format":"standard","meta":{"site-sidebar-layout":"default","site-content-layout":"","ast-site-content-layout":"","site-content-style":"default","site-sidebar-style":"default","ast-global-header-display":"","ast-banner-title-visibility":"","ast-main-header-display":"","ast-hfb-above-header-display":"","ast-hfb-below-header-display":"","ast-hfb-mobile-header-display":"","site-post-title":"","ast-breadcrumbs-content":"","ast-featured-img":"","footer-sml-layout":"","theme-transparent-header-meta":"","adv-header-id-meta":"","stick-header-meta":"","header-above-stick-meta":"","header-main-stick-meta":"","header-below-stick-meta":"","astra-migrate-meta-layouts":"default","ast-page-background-enabled":"default","ast-page-background-meta":{"desktop":{"background-color":"var(--ast-global-color-4)","background-image":"","background-repeat":"repeat","background-position":"center center","background-size":"auto","background-attachment":"scroll","background-type":"","background-media":"","overlay-type":"","overlay-color":"","overlay-gradient":""},"tablet":{"background-color":"","background-image":"","background-repeat":"repeat","background-position":"center center","background-size":"auto","background-attachment":"scroll","background-type":"","background-media":"","overlay-type":"","overlay-color":"","overlay-gradient":""},"mobile":{"background-color":"","background-image":"","background-repeat":"repeat","background-position":"center center","background-size":"auto","background-attachment":"scroll","background-type":"","background-media":"","overlay-type":"","overlay-color":"","overlay-gradient":""}},"ast-content-background-meta":{"desktop":{"background-color":"var(--ast-global-color-5)","background-image":"","background-repeat":"repeat","background-position":"center center","background-size":"auto","background-attachment":"scroll","background-type":"","background-media":"","overlay-type":"","overlay-color":"","overlay-gradient":""},"tablet":{"background-color":"var(--ast-global-color-5)","background-image":"","background-repeat":"repeat","background-position":"center center","background-size":"auto","background-attachment":"scroll","background-type":"","background-media":"","overlay-type":"","overlay-color":"","overlay-gradient":""},"mobile":{"background-color":"var(--ast-global-color-5)","background-image":"","background-repeat":"repeat","background-position":"center center","background-size":"auto","background-attachment":"scroll","background-type":"","background-media":"","overlay-type":"","overlay-color":"","overlay-gradient":""}},"footnotes":""},"categories":[960,165],"tags":[17243,5344,5345,62495,164278,6319],"class_list":["post-76100","post","type-post","status-publish","format-standard","hentry","category-antropologia-filosofica","category-filosofia","tag-diego-sanchez-meca","tag-juan-manuel-navarro-cordon","tag-manuel-maceiras-fafian","tag-marcelino-agis-villaverde","tag-marilene-valerio-diniz","tag-ramon-rodriguez-garcia"],"_links":{"self":[{"href":"https:\/\/www.deberes.net\/tesis\/wp-json\/wp\/v2\/posts\/76100","targetHints":{"allow":["GET"]}}],"collection":[{"href":"https:\/\/www.deberes.net\/tesis\/wp-json\/wp\/v2\/posts"}],"about":[{"href":"https:\/\/www.deberes.net\/tesis\/wp-json\/wp\/v2\/types\/post"}],"author":[{"embeddable":true,"href":"https:\/\/www.deberes.net\/tesis\/wp-json\/wp\/v2\/users\/1"}],"replies":[{"embeddable":true,"href":"https:\/\/www.deberes.net\/tesis\/wp-json\/wp\/v2\/comments?post=76100"}],"version-history":[{"count":0,"href":"https:\/\/www.deberes.net\/tesis\/wp-json\/wp\/v2\/posts\/76100\/revisions"}],"wp:attachment":[{"href":"https:\/\/www.deberes.net\/tesis\/wp-json\/wp\/v2\/media?parent=76100"}],"wp:term":[{"taxonomy":"category","embeddable":true,"href":"https:\/\/www.deberes.net\/tesis\/wp-json\/wp\/v2\/categories?post=76100"},{"taxonomy":"post_tag","embeddable":true,"href":"https:\/\/www.deberes.net\/tesis\/wp-json\/wp\/v2\/tags?post=76100"}],"curies":[{"name":"wp","href":"https:\/\/api.w.org\/{rel}","templated":true}]}}