{"id":76103,"date":"2005-07-09T00:00:00","date_gmt":"2005-07-09T00:00:00","guid":{"rendered":"https:\/\/www.deberes.net\/tesis\/sin-categoria\/analisis-y-evaluacion-de-medidas-activas-de-empleo-en-espana\/"},"modified":"2005-07-09T00:00:00","modified_gmt":"2005-07-09T00:00:00","slug":"analisis-y-evaluacion-de-medidas-activas-de-empleo-en-espana","status":"publish","type":"post","link":"https:\/\/www.deberes.net\/tesis\/ciencias-economicas\/analisis-y-evaluacion-de-medidas-activas-de-empleo-en-espana\/","title":{"rendered":"Analisis y evaluacion de medidas activas de empleo en espa\u00f1a"},"content":{"rendered":"<h2>Tesis doctoral de <strong>  Arellano Espinar Francisco Alfonso <\/strong><\/h2>\n<p>Esta tesis analiza diversas medidas activas de empleo llevadas a cabo en espa\u00f1a durante los \u00faltimos a\u00f1os utilizando el an\u00e1lisis de supervivencia y la inferencia causal.  en el cap\u00edtulo i se estudia la relaci\u00f3n entre duraci\u00f3n del desempleo y cursos de formaci\u00f3n para desempleados con dificultades econ\u00f3micas elaborados por el instituto nacional de empleo (inem). Se utilizan estimaciones de kaplan y meier, y m\u00e9todos de duraci\u00f3n en tiempo continuo param\u00e9tricos y semi-param\u00e9tricos para analizar dicha relaci\u00f3n.  el cap\u00edtulo ii analiza los efectos en el desempleo y la calidad de empleo de la reforma del mercado laboral espa\u00f1ol que tuvo lugar en 2001, ampliando los colectivos afectados por la reforma de 1997, para los grupos de edades m\u00e1s importantes, usando m\u00e9todos de diferencias en diferencias para datos no experimentales.  en el cap\u00edtulo iii se analizan los efectos de los servicios de recolocaci\u00f3n individual y colectiva realizados por una de las empresas privadas de recolocaci\u00f3n m\u00e1s importantes del pa\u00eds (creade) entre 1998 y 2003 sobre la duraci\u00f3n en el desempleo a un colectivo de trabajadores en espa\u00f1a.<\/p>\n<p>&nbsp;<\/p>\n<h3>Datos acad\u00e9micos de la tesis doctoral \u00ab<strong>Analisis y evaluacion de medidas activas de empleo en espa\u00f1a<\/strong>\u00ab<\/h3>\n<ul>\n<li><strong>T\u00edtulo de la tesis:<\/strong>\u00a0 Analisis y evaluacion de medidas activas de empleo en espa\u00f1a <\/li>\n<li><strong>Autor:<\/strong>\u00a0  Arellano Espinar Francisco Alfonso <\/li>\n<li><strong>Universidad:<\/strong>\u00a0 Carlos III de Madrid<\/li>\n<li><strong>Fecha de lectura de la tesis:<\/strong>\u00a0 07\/09\/2005<\/li>\n<\/ul>\n<p>&nbsp;<\/p>\n<h3>Direcci\u00f3n y tribunal<\/h3>\n<ul>\n<li><strong>Director de la tesis<\/strong>\n<ul>\n<li>Cesar Alonso Borrego<\/li>\n<\/ul>\n<\/li>\n<li><strong>Tribunal<\/strong>\n<ul>\n<li>Presidente del tribunal: manuel Arellano gonzalez <\/li>\n<li> Felgueroso fernandez Francisco Jos\u00e9 (vocal)<\/li>\n<li>Juan  Francisco Jimeno serrano (vocal)<\/li>\n<li>raquel Carrasco perea (vocal)<\/li>\n<\/ul>\n<\/li>\n<\/ul>\n<p>&nbsp;<\/p>\n","protected":false},"excerpt":{"rendered":"<p>Tesis doctoral de Arellano Espinar Francisco Alfonso Esta tesis analiza diversas medidas activas de empleo llevadas a cabo en espa\u00f1a [&hellip;]<\/p>\n","protected":false},"author":1,"featured_media":0,"comment_status":"open","ping_status":"open","sticky":false,"template":"","format":"standard","meta":{"site-sidebar-layout":"default","site-content-layout":"","ast-site-content-layout":"","site-content-style":"default","site-sidebar-style":"default","ast-global-header-display":"","ast-banner-title-visibility":"","ast-main-header-display":"","ast-hfb-above-header-display":"","ast-hfb-below-header-display":"","ast-hfb-mobile-header-display":"","site-post-title":"","ast-breadcrumbs-content":"","ast-featured-img":"","footer-sml-layout":"","theme-transparent-header-meta":"","adv-header-id-meta":"","stick-header-meta":"","header-above-stick-meta":"","header-main-stick-meta":"","header-below-stick-meta":"","astra-migrate-meta-layouts":"default","ast-page-background-enabled":"default","ast-page-background-meta":{"desktop":{"background-color":"var(--ast-global-color-4)","background-image":"","background-repeat":"repeat","background-position":"center center","background-size":"auto","background-attachment":"scroll","background-type":"","background-media":"","overlay-type":"","overlay-color":"","overlay-gradient":""},"tablet":{"background-color":"","background-image":"","background-repeat":"repeat","background-position":"center center","background-size":"auto","background-attachment":"scroll","background-type":"","background-media":"","overlay-type":"","overlay-color":"","overlay-gradient":""},"mobile":{"background-color":"","background-image":"","background-repeat":"repeat","background-position":"center center","background-size":"auto","background-attachment":"scroll","background-type":"","background-media":"","overlay-type":"","overlay-color":"","overlay-gradient":""}},"ast-content-background-meta":{"desktop":{"background-color":"var(--ast-global-color-5)","background-image":"","background-repeat":"repeat","background-position":"center center","background-size":"auto","background-attachment":"scroll","background-type":"","background-media":"","overlay-type":"","overlay-color":"","overlay-gradient":""},"tablet":{"background-color":"var(--ast-global-color-5)","background-image":"","background-repeat":"repeat","background-position":"center center","background-size":"auto","background-attachment":"scroll","background-type":"","background-media":"","overlay-type":"","overlay-color":"","overlay-gradient":""},"mobile":{"background-color":"var(--ast-global-color-5)","background-image":"","background-repeat":"repeat","background-position":"center center","background-size":"auto","background-attachment":"scroll","background-type":"","background-media":"","overlay-type":"","overlay-color":"","overlay-gradient":""}},"footnotes":""},"categories":[18550,82,963,27519],"tags":[164282,4726,164283,25545,4727,65009],"class_list":["post-76103","post","type-post","status-publish","format-standard","hentry","category-carlos-iii-de-madrid","category-ciencias-economicas","category-economia-sectorial","category-sector-de-servicios-individuales-y-sociales","tag-arellano-espinar-francisco-alfonso","tag-cesar-alonso-borrego","tag-felgueroso-fernandez-francisco-jose","tag-juan-francisco-jimeno-serrano","tag-manuel-arellano-gonzalez","tag-raquel-carrasco-perea"],"_links":{"self":[{"href":"https:\/\/www.deberes.net\/tesis\/wp-json\/wp\/v2\/posts\/76103","targetHints":{"allow":["GET"]}}],"collection":[{"href":"https:\/\/www.deberes.net\/tesis\/wp-json\/wp\/v2\/posts"}],"about":[{"href":"https:\/\/www.deberes.net\/tesis\/wp-json\/wp\/v2\/types\/post"}],"author":[{"embeddable":true,"href":"https:\/\/www.deberes.net\/tesis\/wp-json\/wp\/v2\/users\/1"}],"replies":[{"embeddable":true,"href":"https:\/\/www.deberes.net\/tesis\/wp-json\/wp\/v2\/comments?post=76103"}],"version-history":[{"count":0,"href":"https:\/\/www.deberes.net\/tesis\/wp-json\/wp\/v2\/posts\/76103\/revisions"}],"wp:attachment":[{"href":"https:\/\/www.deberes.net\/tesis\/wp-json\/wp\/v2\/media?parent=76103"}],"wp:term":[{"taxonomy":"category","embeddable":true,"href":"https:\/\/www.deberes.net\/tesis\/wp-json\/wp\/v2\/categories?post=76103"},{"taxonomy":"post_tag","embeddable":true,"href":"https:\/\/www.deberes.net\/tesis\/wp-json\/wp\/v2\/tags?post=76103"}],"curies":[{"name":"wp","href":"https:\/\/api.w.org\/{rel}","templated":true}]}}