{"id":76148,"date":"2005-12-09T00:00:00","date_gmt":"2005-12-09T00:00:00","guid":{"rendered":"https:\/\/www.deberes.net\/tesis\/sin-categoria\/las-contratas-en-el-derecho-del-trabajo-y-de-la-seguridad-social\/"},"modified":"2005-12-09T00:00:00","modified_gmt":"2005-12-09T00:00:00","slug":"las-contratas-en-el-derecho-del-trabajo-y-de-la-seguridad-social","status":"publish","type":"post","link":"https:\/\/www.deberes.net\/tesis\/cadiz\/las-contratas-en-el-derecho-del-trabajo-y-de-la-seguridad-social\/","title":{"rendered":"Las contratas en el derecho del trabajo y de la seguridad social"},"content":{"rendered":"<h2>Tesis doctoral de <strong> Dulce Nombre Soriano Cort\u00e9s <\/strong><\/h2>\n<p>Las contratas de obra o servicio constituyen la princicpal manifestaci\u00f3n de lo que hoy conocemos como descentralizaci\u00f3n productiva, que permite desintegrar verticalmente el proceso de producci\u00f3n sustituyendo la producci\u00f3n interna por relaciones de colaboraci\u00f3n exterior. Sin ser una pr\u00e1ctica novedosa su expansi\u00f3n la configura como uno de los fen\u00f3menos m\u00e1s destacados del actual sistema productivo de la mayor\u00eda de los paises desarrollados, con predominio del sector servicios, alcanzando fases y sectores hasta ahora ajenos al fen\u00f3meno, como son, la comercializacion, asistencia t\u00e9cnica, investigaci\u00f3n, mantenimiento, etc. Desde un punto de vista laboral el fen\u00f3meno nos remite a los problemas de relaciones triangulares en los que aunque formalmente  se mantiene la bilateralidad exigida por el contrato de trabajo, en la pr\u00e1ctica nos encontramos con la concurrencia de varios empresarios a los que el legislador les impone una serie de obligaciones y responsabilidades. El objetivo  marcado con este trabajo ha sido estudiar ampliamente el fen\u00f3meno de las contratas y la problem\u00e1tica que suscitan en el \u00e1mbito de las relaciones laborales. En primer lugar hemos llevado a cabo  una aproximaci\u00f3n conceptual que nos permita identificar los negocios jur\u00eddicos que responden a esta imprecisa noci\u00f3n de contrata, as\u00ed como los sujetos implicados en la misma, y a su vez, delimitar la frontera con otras pr\u00e1cticas que de forma difusa se colocan en la linde de la legalidad. Tambi\u00e9n hemos abordado las cuestiones m\u00e1s relevantes que desde la \u00f3ptica del derecho individual plantean las contratas, como son, entre otras, el recurso al contrato de obra y servicio determinado para cubrir la necesidad temporal de mano de obra derivada de la contrata, o los supuestos de sucesi\u00f3n de contratas.  tambi\u00e9n y desde un plano de derecho colectivo, hemos analizado el importante derecho de informaci\u00f3n de los representantes de los trabajadorees, as\u00ed como la problem\u00e1tica que desde un punto de vista pr\u00e1ctico se plantea en el ejercicio de los derechos de representaci\u00f3n, reuni\u00f3n, negociaci\u00f3n colectiva y conflicto colectivo. Y por \u00faltimo, otro campo obligado de estudio se refiere a las responsabilidades empresariales que se derivan de los supuestos de contratas, separando de un lado las que hemos calificado como \u00bb responsabilidades econ\u00f3micas\u00bb, que engloban las salariales y de seguridad social, y de otra las \u00abresponsabilidades administrativas\u00bb, previstas en el tecto refundido de la ley de infracciones y sanciones en el orden social, por cuanto ambas responden a par\u00e1metros  y fundamentos claramente diferenciados.<\/p>\n<p>&nbsp;<\/p>\n<h3>Datos acad\u00e9micos de la tesis doctoral \u00ab<strong>Las contratas en el derecho del trabajo y de la seguridad social<\/strong>\u00ab<\/h3>\n<ul>\n<li><strong>T\u00edtulo de la tesis:<\/strong>\u00a0 Las contratas en el derecho del trabajo y de la seguridad social <\/li>\n<li><strong>Autor:<\/strong>\u00a0 Dulce Nombre Soriano Cort\u00e9s <\/li>\n<li><strong>Universidad:<\/strong>\u00a0 C\u00e1diz<\/li>\n<li><strong>Fecha de lectura de la tesis:<\/strong>\u00a0 12\/09\/2005<\/li>\n<\/ul>\n<p>&nbsp;<\/p>\n<h3>Direcci\u00f3n y tribunal<\/h3>\n<ul>\n<li><strong>Director de la tesis<\/strong>\n<ul>\n<li>Jes\u00fas Cruz Villal\u00f3n<\/li>\n<\/ul>\n<\/li>\n<li><strong>Tribunal<\/strong>\n<ul>\n<li>Presidente del tribunal: germ\u00e1n jos\u00e9 Barreiro gonz\u00e1lez <\/li>\n<li>Mar\u00eda fernanda Fern\u00e1ndez l\u00f3pez (vocal)<\/li>\n<li>Jos\u00e9 Mar\u00eda Goerlich peset (vocal)<\/li>\n<li>Jos\u00e9 Luis Monereo perez (vocal)<\/li>\n<\/ul>\n<\/li>\n<\/ul>\n<p>&nbsp;<\/p>\n","protected":false},"excerpt":{"rendered":"<p>Tesis doctoral de Dulce Nombre Soriano Cort\u00e9s Las contratas de obra o servicio constituyen la princicpal manifestaci\u00f3n de lo que [&hellip;]<\/p>\n","protected":false},"author":1,"featured_media":0,"comment_status":"open","ping_status":"open","sticky":false,"template":"","format":"standard","meta":{"site-sidebar-layout":"default","site-content-layout":"","ast-site-content-layout":"","site-content-style":"default","site-sidebar-style":"default","ast-global-header-display":"","ast-banner-title-visibility":"","ast-main-header-display":"","ast-hfb-above-header-display":"","ast-hfb-below-header-display":"","ast-hfb-mobile-header-display":"","site-post-title":"","ast-breadcrumbs-content":"","ast-featured-img":"","footer-sml-layout":"","theme-transparent-header-meta":"","adv-header-id-meta":"","stick-header-meta":"","header-above-stick-meta":"","header-main-stick-meta":"","header-below-stick-meta":"","astra-migrate-meta-layouts":"default","ast-page-background-enabled":"default","ast-page-background-meta":{"desktop":{"background-color":"var(--ast-global-color-4)","background-image":"","background-repeat":"repeat","background-position":"center center","background-size":"auto","background-attachment":"scroll","background-type":"","background-media":"","overlay-type":"","overlay-color":"","overlay-gradient":""},"tablet":{"background-color":"","background-image":"","background-repeat":"repeat","background-position":"center center","background-size":"auto","background-attachment":"scroll","background-type":"","background-media":"","overlay-type":"","overlay-color":"","overlay-gradient":""},"mobile":{"background-color":"","background-image":"","background-repeat":"repeat","background-position":"center center","background-size":"auto","background-attachment":"scroll","background-type":"","background-media":"","overlay-type":"","overlay-color":"","overlay-gradient":""}},"ast-content-background-meta":{"desktop":{"background-color":"var(--ast-global-color-5)","background-image":"","background-repeat":"repeat","background-position":"center center","background-size":"auto","background-attachment":"scroll","background-type":"","background-media":"","overlay-type":"","overlay-color":"","overlay-gradient":""},"tablet":{"background-color":"var(--ast-global-color-5)","background-image":"","background-repeat":"repeat","background-position":"center center","background-size":"auto","background-attachment":"scroll","background-type":"","background-media":"","overlay-type":"","overlay-color":"","overlay-gradient":""},"mobile":{"background-color":"var(--ast-global-color-5)","background-image":"","background-repeat":"repeat","background-position":"center center","background-size":"auto","background-attachment":"scroll","background-type":"","background-media":"","overlay-type":"","overlay-color":"","overlay-gradient":""}},"footnotes":""},"categories":[1506,2170],"tags":[164369,31978,26865,28783,148600,164370],"class_list":["post-76148","post","type-post","status-publish","format-standard","hentry","category-cadiz","category-derecho-del-trabajo-y-de-la-seguridad-social","tag-dulce-nombre-soriano-cortes","tag-german-jose-barreiro-gonzalez","tag-jesus-cruz-villalon","tag-jose-luis-monereo-perez","tag-jose-maria-goerlich-peset","tag-maria-fernanda-fernandez-lopez"],"_links":{"self":[{"href":"https:\/\/www.deberes.net\/tesis\/wp-json\/wp\/v2\/posts\/76148","targetHints":{"allow":["GET"]}}],"collection":[{"href":"https:\/\/www.deberes.net\/tesis\/wp-json\/wp\/v2\/posts"}],"about":[{"href":"https:\/\/www.deberes.net\/tesis\/wp-json\/wp\/v2\/types\/post"}],"author":[{"embeddable":true,"href":"https:\/\/www.deberes.net\/tesis\/wp-json\/wp\/v2\/users\/1"}],"replies":[{"embeddable":true,"href":"https:\/\/www.deberes.net\/tesis\/wp-json\/wp\/v2\/comments?post=76148"}],"version-history":[{"count":0,"href":"https:\/\/www.deberes.net\/tesis\/wp-json\/wp\/v2\/posts\/76148\/revisions"}],"wp:attachment":[{"href":"https:\/\/www.deberes.net\/tesis\/wp-json\/wp\/v2\/media?parent=76148"}],"wp:term":[{"taxonomy":"category","embeddable":true,"href":"https:\/\/www.deberes.net\/tesis\/wp-json\/wp\/v2\/categories?post=76148"},{"taxonomy":"post_tag","embeddable":true,"href":"https:\/\/www.deberes.net\/tesis\/wp-json\/wp\/v2\/tags?post=76148"}],"curies":[{"name":"wp","href":"https:\/\/api.w.org\/{rel}","templated":true}]}}