{"id":76150,"date":"2018-03-09T23:21:31","date_gmt":"2018-03-09T23:21:31","guid":{"rendered":"https:\/\/www.deberes.net\/tesis\/sin-categoria\/hermeneutica-de-la-percepcion-de-la-corporalidad-y-de-la-emocion-en-charles-taylor\/"},"modified":"2018-03-09T23:21:31","modified_gmt":"2018-03-09T23:21:31","slug":"hermeneutica-de-la-percepcion-de-la-corporalidad-y-de-la-emocion-en-charles-taylor","status":"publish","type":"post","link":"https:\/\/www.deberes.net\/tesis\/filosofia\/hermeneutica-de-la-percepcion-de-la-corporalidad-y-de-la-emocion-en-charles-taylor\/","title":{"rendered":"Hermen\u00e9utica de la percepci\u00f3n, de la corporalidad y de la emoci\u00f3n en charles taylor"},"content":{"rendered":"<h2>Tesis doctoral de <strong> Javier Atencia Escalante <\/strong><\/h2>\n<p>El objetivo de la tesis es doble: por un lado, tratar de aclarar qu\u00e9 se entiende por naturalismo en la obra de charles taylor, y, por otro, ofrece una defensa de las cr\u00edticas realizadas por taylor contra el naturalismo. tras una exposici\u00f3n del origen de la cosmovisi\u00f3n moderna y, fundamentalmente, del mecanicismo y de la concepci\u00f3n de naturalista del comportamiento y de la mente humana, la tesis se centra su atenci\u00f3n en el modo en que el congnitivismo ha recogido gran parte de los errores impl\u00edcitos en esta cosmovisi\u00f3n moderna, mostrando al mismo tiempo que todo ello deja traslucir un determinado ideal moral que entiende como fijas las costumbres humanas. a continuaci\u00f3n, la tesis se centra en el papel que han jugado las emociones en la cosmovisi\u00f3n moderna y analiza las cr\u00edticas que taylor efect\u00faa desde una antropolog\u00eda de la efectividad al objetivismo naturalista predominante en el estudio de las emociones.  finalmente, se analizan las peculiaridades de las ciencias sociales y humanas frente a las ciencias naturales, seg\u00fan la visi\u00f3n de taylor.<\/p>\n<p>&nbsp;<\/p>\n<h3>Datos acad\u00e9micos de la tesis doctoral \u00ab<strong>Hermen\u00e9utica de la percepci\u00f3n, de la corporalidad y de la emoci\u00f3n en charles taylor<\/strong>\u00ab<\/h3>\n<ul>\n<li><strong>T\u00edtulo de la tesis:<\/strong>\u00a0 Hermen\u00e9utica de la percepci\u00f3n, de la corporalidad y de la emoci\u00f3n en charles taylor <\/li>\n<li><strong>Autor:<\/strong>\u00a0 Javier Atencia Escalante <\/li>\n<li><strong>Universidad:<\/strong>\u00a0 M\u00e1laga<\/li>\n<li><strong>Fecha de lectura de la tesis:<\/strong>\u00a0 13\/09\/2005<\/li>\n<\/ul>\n<p>&nbsp;<\/p>\n<h3>Direcci\u00f3n y tribunal<\/h3>\n<ul>\n<li><strong>Director de la tesis<\/strong>\n<ul>\n<li>Antonio  Javier Dieguez Lucena<\/li>\n<\/ul>\n<\/li>\n<li><strong>Tribunal<\/strong>\n<ul>\n<li>Presidente del tribunal: Jaime Salas ortueta <\/li>\n<li>alfredo Burrieza mu\u00f1iz (vocal)<\/li>\n<li>Antonio Benitez l\u00f3pez (vocal)<\/li>\n<li>marcos Ru\u00edz soler (vocal)<\/li>\n<\/ul>\n<\/li>\n<\/ul>\n<p>&nbsp;<\/p>\n","protected":false},"excerpt":{"rendered":"<p>Tesis doctoral de Javier Atencia Escalante El objetivo de la tesis es doble: por un lado, tratar de aclarar qu\u00e9 [&hellip;]<\/p>\n","protected":false},"author":1,"featured_media":0,"comment_status":"open","ping_status":"open","sticky":false,"template":"","format":"standard","meta":{"site-sidebar-layout":"default","site-content-layout":"","ast-site-content-layout":"","site-content-style":"default","site-sidebar-style":"default","ast-global-header-display":"","ast-banner-title-visibility":"","ast-main-header-display":"","ast-hfb-above-header-display":"","ast-hfb-below-header-display":"","ast-hfb-mobile-header-display":"","site-post-title":"","ast-breadcrumbs-content":"","ast-featured-img":"","footer-sml-layout":"","theme-transparent-header-meta":"","adv-header-id-meta":"","stick-header-meta":"","header-above-stick-meta":"","header-main-stick-meta":"","header-below-stick-meta":"","astra-migrate-meta-layouts":"default","ast-page-background-enabled":"default","ast-page-background-meta":{"desktop":{"background-color":"var(--ast-global-color-4)","background-image":"","background-repeat":"repeat","background-position":"center center","background-size":"auto","background-attachment":"scroll","background-type":"","background-media":"","overlay-type":"","overlay-color":"","overlay-gradient":""},"tablet":{"background-color":"","background-image":"","background-repeat":"repeat","background-position":"center center","background-size":"auto","background-attachment":"scroll","background-type":"","background-media":"","overlay-type":"","overlay-color":"","overlay-gradient":""},"mobile":{"background-color":"","background-image":"","background-repeat":"repeat","background-position":"center center","background-size":"auto","background-attachment":"scroll","background-type":"","background-media":"","overlay-type":"","overlay-color":"","overlay-gradient":""}},"ast-content-background-meta":{"desktop":{"background-color":"var(--ast-global-color-5)","background-image":"","background-repeat":"repeat","background-position":"center center","background-size":"auto","background-attachment":"scroll","background-type":"","background-media":"","overlay-type":"","overlay-color":"","overlay-gradient":""},"tablet":{"background-color":"var(--ast-global-color-5)","background-image":"","background-repeat":"repeat","background-position":"center center","background-size":"auto","background-attachment":"scroll","background-type":"","background-media":"","overlay-type":"","overlay-color":"","overlay-gradient":""},"mobile":{"background-color":"var(--ast-global-color-5)","background-image":"","background-repeat":"repeat","background-position":"center center","background-size":"auto","background-attachment":"scroll","background-type":"","background-media":"","overlay-type":"","overlay-color":"","overlay-gradient":""}},"footnotes":""},"categories":[960,165,7834],"tags":[63387,24328,45822,5254,164373,40399],"class_list":["post-76150","post","type-post","status-publish","format-standard","hentry","category-antropologia-filosofica","category-filosofia","category-malaga","tag-alfredo-burrieza-muniz","tag-antonio-benitez-lopez","tag-antonio-javier-dieguez-lucena","tag-jaime-salas-ortueta","tag-javier-atencia-escalante","tag-marcos-ruiz-soler"],"_links":{"self":[{"href":"https:\/\/www.deberes.net\/tesis\/wp-json\/wp\/v2\/posts\/76150","targetHints":{"allow":["GET"]}}],"collection":[{"href":"https:\/\/www.deberes.net\/tesis\/wp-json\/wp\/v2\/posts"}],"about":[{"href":"https:\/\/www.deberes.net\/tesis\/wp-json\/wp\/v2\/types\/post"}],"author":[{"embeddable":true,"href":"https:\/\/www.deberes.net\/tesis\/wp-json\/wp\/v2\/users\/1"}],"replies":[{"embeddable":true,"href":"https:\/\/www.deberes.net\/tesis\/wp-json\/wp\/v2\/comments?post=76150"}],"version-history":[{"count":0,"href":"https:\/\/www.deberes.net\/tesis\/wp-json\/wp\/v2\/posts\/76150\/revisions"}],"wp:attachment":[{"href":"https:\/\/www.deberes.net\/tesis\/wp-json\/wp\/v2\/media?parent=76150"}],"wp:term":[{"taxonomy":"category","embeddable":true,"href":"https:\/\/www.deberes.net\/tesis\/wp-json\/wp\/v2\/categories?post=76150"},{"taxonomy":"post_tag","embeddable":true,"href":"https:\/\/www.deberes.net\/tesis\/wp-json\/wp\/v2\/tags?post=76150"}],"curies":[{"name":"wp","href":"https:\/\/api.w.org\/{rel}","templated":true}]}}