{"id":76152,"date":"2018-03-09T23:21:31","date_gmt":"2018-03-09T23:21:31","guid":{"rendered":"https:\/\/www.deberes.net\/tesis\/sin-categoria\/actitudes-medioambientales-de-universitarios-chilenos-creacion-y-validacion-de-un-instrumento-de-analisis\/"},"modified":"2018-03-09T23:21:31","modified_gmt":"2018-03-09T23:21:31","slug":"actitudes-medioambientales-de-universitarios-chilenos-creacion-y-validacion-de-un-instrumento-de-analisis","status":"publish","type":"post","link":"https:\/\/www.deberes.net\/tesis\/pedagogia\/actitudes-medioambientales-de-universitarios-chilenos-creacion-y-validacion-de-un-instrumento-de-analisis\/","title":{"rendered":"Actitudes medioambientales de universitarios chilenos. creaci\u00f3n y validaci\u00f3n de un instrumento de an\u00e1lisis"},"content":{"rendered":"<h2>Tesis doctoral de <strong> Verona Barrella Pecori <\/strong><\/h2>\n<p>La tesis doctoral se centra en la elaboraci\u00f3n y medici\u00f3n de la confiabilidad y validez de un instrumento destinado a medir las actitudes de los operadores qu\u00edmicos tomados como muestra frente a la protecci\u00f3n ambiental, requerir\u00e1 del conocimiento previo de las variables e indicadores que participan en este contexto.  para ello, se ha utilizado una metodolog\u00eda mixta, es decir, cuantitativa y cualitativa.  uno de los alcances m\u00e1s significativos que se estima dentro de \u00e9ste trabajo, est\u00e1 vinculado con la necesidad de despertar la conciencia de universitarios chilenos frente al tema, lo cual significa realizar una ardua tarea en educaci\u00f3n ambiental, desde los albores de la vida de los individuos, de manera que el entorno cercano sumado a los esfuerzos que realicen los educadores, requerir\u00e1 para su logro un gran desaf\u00edo por emprender.<\/p>\n<p>&nbsp;<\/p>\n<h3>Datos acad\u00e9micos de la tesis doctoral \u00ab<strong>Actitudes medioambientales de universitarios chilenos. creaci\u00f3n y validaci\u00f3n de un instrumento de an\u00e1lisis<\/strong>\u00ab<\/h3>\n<ul>\n<li><strong>T\u00edtulo de la tesis:<\/strong>\u00a0 Actitudes medioambientales de universitarios chilenos. creaci\u00f3n y validaci\u00f3n de un instrumento de an\u00e1lisis <\/li>\n<li><strong>Autor:<\/strong>\u00a0 Verona Barrella Pecori <\/li>\n<li><strong>Universidad:<\/strong>\u00a0 Sevilla<\/li>\n<li><strong>Fecha de lectura de la tesis:<\/strong>\u00a0 13\/09\/2005<\/li>\n<\/ul>\n<p>&nbsp;<\/p>\n<h3>Direcci\u00f3n y tribunal<\/h3>\n<ul>\n<li><strong>Director de la tesis<\/strong>\n<ul>\n<li>Julio Cabero Almenara<\/li>\n<\/ul>\n<\/li>\n<li><strong>Tribunal<\/strong>\n<ul>\n<li>Presidente del tribunal:  Rubio moral Juan  Luis <\/li>\n<li> G\u00f3mez Garc\u00eda Mar\u00eda nieves (vocal)<\/li>\n<li>Luis N\u00fa\u00f1ez cubero (vocal)<\/li>\n<li>dominga M\u00e1rquez fern\u00e1ndez (vocal)<\/li>\n<\/ul>\n<\/li>\n<\/ul>\n<p>&nbsp;<\/p>\n","protected":false},"excerpt":{"rendered":"<p>Tesis doctoral de Verona Barrella Pecori La tesis doctoral se centra en la elaboraci\u00f3n y medici\u00f3n de la confiabilidad y [&hellip;]<\/p>\n","protected":false},"author":1,"featured_media":0,"comment_status":"open","ping_status":"open","sticky":false,"template":"","format":"standard","meta":{"site-sidebar-layout":"default","site-content-layout":"","ast-site-content-layout":"","site-content-style":"default","site-sidebar-style":"default","ast-global-header-display":"","ast-banner-title-visibility":"","ast-main-header-display":"","ast-hfb-above-header-display":"","ast-hfb-below-header-display":"","ast-hfb-mobile-header-display":"","site-post-title":"","ast-breadcrumbs-content":"","ast-featured-img":"","footer-sml-layout":"","theme-transparent-header-meta":"","adv-header-id-meta":"","stick-header-meta":"","header-above-stick-meta":"","header-main-stick-meta":"","header-below-stick-meta":"","astra-migrate-meta-layouts":"default","ast-page-background-enabled":"default","ast-page-background-meta":{"desktop":{"background-color":"var(--ast-global-color-4)","background-image":"","background-repeat":"repeat","background-position":"center center","background-size":"auto","background-attachment":"scroll","background-type":"","background-media":"","overlay-type":"","overlay-color":"","overlay-gradient":""},"tablet":{"background-color":"","background-image":"","background-repeat":"repeat","background-position":"center center","background-size":"auto","background-attachment":"scroll","background-type":"","background-media":"","overlay-type":"","overlay-color":"","overlay-gradient":""},"mobile":{"background-color":"","background-image":"","background-repeat":"repeat","background-position":"center center","background-size":"auto","background-attachment":"scroll","background-type":"","background-media":"","overlay-type":"","overlay-color":"","overlay-gradient":""}},"ast-content-background-meta":{"desktop":{"background-color":"var(--ast-global-color-5)","background-image":"","background-repeat":"repeat","background-position":"center center","background-size":"auto","background-attachment":"scroll","background-type":"","background-media":"","overlay-type":"","overlay-color":"","overlay-gradient":""},"tablet":{"background-color":"var(--ast-global-color-5)","background-image":"","background-repeat":"repeat","background-position":"center center","background-size":"auto","background-attachment":"scroll","background-type":"","background-media":"","overlay-type":"","overlay-color":"","overlay-gradient":""},"mobile":{"background-color":"var(--ast-global-color-5)","background-image":"","background-repeat":"repeat","background-position":"center center","background-size":"auto","background-attachment":"scroll","background-type":"","background-media":"","overlay-type":"","overlay-color":"","overlay-gradient":""}},"footnotes":""},"categories":[1141,10715,1341,11958],"tags":[19531,53372,38206,11066,164379,164378],"class_list":["post-76152","post","type-post","status-publish","format-standard","hentry","category-pedagogia","category-sevilla","category-teoria-y-metodos-educativos","category-teorias-educativas","tag-dominga-marquez-fernandez","tag-gomez-garcia-maria-nieves","tag-julio-cabero-almenara","tag-luis-nunez-cubero","tag-rubio-moral-juan-luis","tag-verona-barrella-pecori"],"_links":{"self":[{"href":"https:\/\/www.deberes.net\/tesis\/wp-json\/wp\/v2\/posts\/76152","targetHints":{"allow":["GET"]}}],"collection":[{"href":"https:\/\/www.deberes.net\/tesis\/wp-json\/wp\/v2\/posts"}],"about":[{"href":"https:\/\/www.deberes.net\/tesis\/wp-json\/wp\/v2\/types\/post"}],"author":[{"embeddable":true,"href":"https:\/\/www.deberes.net\/tesis\/wp-json\/wp\/v2\/users\/1"}],"replies":[{"embeddable":true,"href":"https:\/\/www.deberes.net\/tesis\/wp-json\/wp\/v2\/comments?post=76152"}],"version-history":[{"count":0,"href":"https:\/\/www.deberes.net\/tesis\/wp-json\/wp\/v2\/posts\/76152\/revisions"}],"wp:attachment":[{"href":"https:\/\/www.deberes.net\/tesis\/wp-json\/wp\/v2\/media?parent=76152"}],"wp:term":[{"taxonomy":"category","embeddable":true,"href":"https:\/\/www.deberes.net\/tesis\/wp-json\/wp\/v2\/categories?post=76152"},{"taxonomy":"post_tag","embeddable":true,"href":"https:\/\/www.deberes.net\/tesis\/wp-json\/wp\/v2\/tags?post=76152"}],"curies":[{"name":"wp","href":"https:\/\/api.w.org\/{rel}","templated":true}]}}