{"id":76174,"date":"2018-03-09T23:21:31","date_gmt":"2018-03-09T23:21:31","guid":{"rendered":"https:\/\/www.deberes.net\/tesis\/sin-categoria\/el-particular-en-la-gestion-urbanistica\/"},"modified":"2018-03-09T23:21:31","modified_gmt":"2018-03-09T23:21:31","slug":"el-particular-en-la-gestion-urbanistica","status":"publish","type":"post","link":"https:\/\/www.deberes.net\/tesis\/ciencias-juridicas-y-derecho\/el-particular-en-la-gestion-urbanistica\/","title":{"rendered":"El particular en la gestion urbanistica"},"content":{"rendered":"<h2>Tesis doctoral de <strong> Mar\u00eda  Fuensanta Gomez Manresa <\/strong><\/h2>\n<p>La tesis doctoral \u00abel particular en la gesti\u00f3n urban\u00edstica\u00bb efect\u00faa un estudio horizontal de los distintos aspectos de la ejecuci\u00f3n del planeamiento, a trav\u00e9s del an\u00e1lisis de la posici\u00f3n de los sujetos privados, tanto en su actuaci\u00f3n individualizada como conjunta mediante su integraci\u00f3n en una entidad urban\u00edstica colaboradora. En consecuencia, se lleva a cabo un estudio exhaustivo de las distintas formas de gesti\u00f3n, tradicionales o no, incluidos los convenios; as\u00ed como del acceso al registro de la propiedad de los actos de naturaleza urban\u00edstica. Para ello,  se emplean m\u00faltiples fuentes; normativa estatal, auton\u00f3mica y comunitaria europea; resoluciones de los \u00f3rganos judiciales en todos los niveles; resoluciones de la dgrn; y abundante doctrina acad\u00e9mica. De este modo, se confirma la tendencia actual al fortalecimiento de la intervenci\u00f3n privada en el urbanismo, a la vez que se advierte de los riesgos de privatizaci\u00f3n del planeamiento y de su ejecuci\u00f3n, poniendo de manifiesto la conveniencia de que la administraci\u00f3n no haga dejaci\u00f3n de la funci\u00f3n de control que tiene atribuida \u00abex lege\u00bb.<\/p>\n<p>&nbsp;<\/p>\n<h3>Datos acad\u00e9micos de la tesis doctoral \u00ab<strong>El particular en la gestion urbanistica<\/strong>\u00ab<\/h3>\n<ul>\n<li><strong>T\u00edtulo de la tesis:<\/strong>\u00a0 El particular en la gestion urbanistica <\/li>\n<li><strong>Autor:<\/strong>\u00a0 Mar\u00eda  Fuensanta Gomez Manresa <\/li>\n<li><strong>Universidad:<\/strong>\u00a0 Murcia<\/li>\n<li><strong>Fecha de lectura de la tesis:<\/strong>\u00a0 15\/09\/2005<\/li>\n<\/ul>\n<p>&nbsp;<\/p>\n<h3>Direcci\u00f3n y tribunal<\/h3>\n<ul>\n<li><strong>Director de la tesis<\/strong>\n<ul>\n<li>Antonio Martinez Marin<\/li>\n<\/ul>\n<\/li>\n<li><strong>Tribunal<\/strong>\n<ul>\n<li>Presidente del tribunal: Jos\u00e9 ram\u00f3n Parada v\u00e1zquez <\/li>\n<li>Santiago Gonzalez-varas iba\u00f1ez (vocal)<\/li>\n<li>tomas Quintana lopez (vocal)<\/li>\n<li>pablo Gonzalez mari\u00f1as (vocal)<\/li>\n<\/ul>\n<\/li>\n<\/ul>\n<p>&nbsp;<\/p>\n","protected":false},"excerpt":{"rendered":"<p>Tesis doctoral de Mar\u00eda Fuensanta Gomez Manresa La tesis doctoral \u00abel particular en la gesti\u00f3n urban\u00edstica\u00bb efect\u00faa un estudio horizontal [&hellip;]<\/p>\n","protected":false},"author":1,"featured_media":0,"comment_status":"open","ping_status":"open","sticky":false,"template":"","format":"standard","meta":{"site-sidebar-layout":"default","site-content-layout":"","ast-site-content-layout":"","site-content-style":"default","site-sidebar-style":"default","ast-global-header-display":"","ast-banner-title-visibility":"","ast-main-header-display":"","ast-hfb-above-header-display":"","ast-hfb-below-header-display":"","ast-hfb-mobile-header-display":"","site-post-title":"","ast-breadcrumbs-content":"","ast-featured-img":"","footer-sml-layout":"","theme-transparent-header-meta":"","adv-header-id-meta":"","stick-header-meta":"","header-above-stick-meta":"","header-main-stick-meta":"","header-below-stick-meta":"","astra-migrate-meta-layouts":"default","ast-page-background-enabled":"default","ast-page-background-meta":{"desktop":{"background-color":"var(--ast-global-color-4)","background-image":"","background-repeat":"repeat","background-position":"center center","background-size":"auto","background-attachment":"scroll","background-type":"","background-media":"","overlay-type":"","overlay-color":"","overlay-gradient":""},"tablet":{"background-color":"","background-image":"","background-repeat":"repeat","background-position":"center center","background-size":"auto","background-attachment":"scroll","background-type":"","background-media":"","overlay-type":"","overlay-color":"","overlay-gradient":""},"mobile":{"background-color":"","background-image":"","background-repeat":"repeat","background-position":"center center","background-size":"auto","background-attachment":"scroll","background-type":"","background-media":"","overlay-type":"","overlay-color":"","overlay-gradient":""}},"ast-content-background-meta":{"desktop":{"background-color":"var(--ast-global-color-5)","background-image":"","background-repeat":"repeat","background-position":"center center","background-size":"auto","background-attachment":"scroll","background-type":"","background-media":"","overlay-type":"","overlay-color":"","overlay-gradient":""},"tablet":{"background-color":"var(--ast-global-color-5)","background-image":"","background-repeat":"repeat","background-position":"center center","background-size":"auto","background-attachment":"scroll","background-type":"","background-media":"","overlay-type":"","overlay-color":"","overlay-gradient":""},"mobile":{"background-color":"var(--ast-global-color-5)","background-image":"","background-repeat":"repeat","background-position":"center center","background-size":"auto","background-attachment":"scroll","background-type":"","background-media":"","overlay-type":"","overlay-color":"","overlay-gradient":""}},"footnotes":""},"categories":[612,1442,979,8235],"tags":[41830,1918,164419,18592,62569,61158],"class_list":["post-76174","post","type-post","status-publish","format-standard","hentry","category-ciencias-juridicas-y-derecho","category-derecho-administrativo","category-derecho-y-legislacion-nacionales","category-murcia","tag-antonio-Martinez-marin","tag-jose-ramon-parada-vazquez","tag-maria-fuensanta-gomez-manresa","tag-pablo-gonzalez-marinas","tag-santiago-gonzalez-varas-ibanez","tag-tomas-quintana-lopez"],"_links":{"self":[{"href":"https:\/\/www.deberes.net\/tesis\/wp-json\/wp\/v2\/posts\/76174","targetHints":{"allow":["GET"]}}],"collection":[{"href":"https:\/\/www.deberes.net\/tesis\/wp-json\/wp\/v2\/posts"}],"about":[{"href":"https:\/\/www.deberes.net\/tesis\/wp-json\/wp\/v2\/types\/post"}],"author":[{"embeddable":true,"href":"https:\/\/www.deberes.net\/tesis\/wp-json\/wp\/v2\/users\/1"}],"replies":[{"embeddable":true,"href":"https:\/\/www.deberes.net\/tesis\/wp-json\/wp\/v2\/comments?post=76174"}],"version-history":[{"count":0,"href":"https:\/\/www.deberes.net\/tesis\/wp-json\/wp\/v2\/posts\/76174\/revisions"}],"wp:attachment":[{"href":"https:\/\/www.deberes.net\/tesis\/wp-json\/wp\/v2\/media?parent=76174"}],"wp:term":[{"taxonomy":"category","embeddable":true,"href":"https:\/\/www.deberes.net\/tesis\/wp-json\/wp\/v2\/categories?post=76174"},{"taxonomy":"post_tag","embeddable":true,"href":"https:\/\/www.deberes.net\/tesis\/wp-json\/wp\/v2\/tags?post=76174"}],"curies":[{"name":"wp","href":"https:\/\/api.w.org\/{rel}","templated":true}]}}