{"id":76182,"date":"2018-03-09T23:21:31","date_gmt":"2018-03-09T23:21:31","guid":{"rendered":"https:\/\/www.deberes.net\/tesis\/sin-categoria\/la-proteccion-inmunitaria-de-la-poblacion-anciana-frente-al-tetanos-la-difteria-y-la-tos-ferina\/"},"modified":"2018-03-09T23:21:31","modified_gmt":"2018-03-09T23:21:31","slug":"la-proteccion-inmunitaria-de-la-poblacion-anciana-frente-al-tetanos-la-difteria-y-la-tos-ferina","status":"publish","type":"post","link":"https:\/\/www.deberes.net\/tesis\/ciencias-medicas\/la-proteccion-inmunitaria-de-la-poblacion-anciana-frente-al-tetanos-la-difteria-y-la-tos-ferina\/","title":{"rendered":"La protecci\u00f3n inmunitaria de la poblaci\u00f3n anciana frente al t\u00e9tanos , la difteria y la tos ferina."},"content":{"rendered":"<h2>Tesis doctoral de <strong> Cristina Velarde Mayol <\/strong><\/h2>\n<p>Objetivos: conocer la protecci\u00f3n inmunitaria frente al t\u00e9tanos, la difteria y la tos ferina que tiene la poblaci\u00f3n mayor de 65 a\u00f1os bas\u00e1ndonos en la seroepidemiolog\u00eda, el registro sanitario y la entrevista al paciente. Valorar la concordancia entre registro y entrevista. Identificar la poblaci\u00f3n susceptible al t\u00e9tanos la difteria y la tos ferina. Proponer pautas de vacunaci\u00f3n acorde a los resultados.  dise\u00f1o: estudio seroepidemiologico descriptivo de caracter transversal.  materiales y m\u00e9todos: muestreo no probabilistico a partir de los usuarios de dos de los tres centros de salud de segovia capital, mayores de 65 a\u00f1os en el momento del estudio (a\u00f1o 2001). Se excluyeron pacientes con algun trastorno mental que impidiese la realizaci\u00f3n de la entrevista clinica, los pacientes desplazados y residentes con menos de 6 meses de permanencia en los centros y ancianos cuyo motivo de consulta pudlede tener alguna relaci\u00f3n con el motivo del estudio. En todos los casos se obtuvo el pertinente consentimiento informado. Las muestras de suero se obtuvieron en ayunas, coincidiendo con las extracciones solicitadas por otras causas. La muestra fue procesada para la separaci\u00f3n del suero y congelada a -20. C. la situaci\u00f3n inmunol\u00f3gica de los sujetos se evalu\u00f3 cuantitativamente mediantes kits de ellsa comerciales. En unidades internacionales por milimetro en el caso de corynebacterium diphteriae y clostridium tetani (gezyme virotech) y en unidades de equivabencia por milimetro el caso de bordetella tertussis (pertusscan pt-g). Para la recogida de los datos sobre los antecedentes de vacunaci\u00f3n, se realiz\u00f3 una entrevista al paciente, se revisaron las historias clinicas, los archivos centrales y la tarjeta de vacunaci\u00f3n. Se analiz\u00f3 la concordancia entre las entrevistas y los datos de la historia cl\u00ednica mediante el indice kappa. Para el estudio de la sensibilidad y la especificidad de la entrevista y los registros, se utiliz\u00f3 como patr<\/p>\n<p>&nbsp;<\/p>\n<h3>Datos acad\u00e9micos de la tesis doctoral \u00ab<strong>La protecci\u00f3n inmunitaria de la poblaci\u00f3n anciana frente al t\u00e9tanos , la difteria y la tos ferina.<\/strong>\u00ab<\/h3>\n<ul>\n<li><strong>T\u00edtulo de la tesis:<\/strong>\u00a0 La protecci\u00f3n inmunitaria de la poblaci\u00f3n anciana frente al t\u00e9tanos , la difteria y la tos ferina. <\/li>\n<li><strong>Autor:<\/strong>\u00a0 Cristina Velarde Mayol <\/li>\n<li><strong>Universidad:<\/strong>\u00a0 Rey juan carlos<\/li>\n<li><strong>Fecha de lectura de la tesis:<\/strong>\u00a0 15\/09\/2005<\/li>\n<\/ul>\n<p>&nbsp;<\/p>\n<h3>Direcci\u00f3n y tribunal<\/h3>\n<ul>\n<li><strong>Director de la tesis<\/strong>\n<ul>\n<li>Angel Gil De Miguel<\/li>\n<\/ul>\n<\/li>\n<li><strong>Tribunal<\/strong>\n<ul>\n<li>Presidente del tribunal: Juan Del rey calero <\/li>\n<li>Jos\u00e9 Javier Castrodeza sanz (vocal)<\/li>\n<li>Jos\u00e9 ram\u00f3n De Juan es pardo (vocal)<\/li>\n<li>pilar Carrasco garrido (vocal)<\/li>\n<\/ul>\n<\/li>\n<\/ul>\n<p>&nbsp;<\/p>\n","protected":false},"excerpt":{"rendered":"<p>Tesis doctoral de Cristina Velarde Mayol Objetivos: conocer la protecci\u00f3n inmunitaria frente al t\u00e9tanos, la difteria y la tos ferina [&hellip;]<\/p>\n","protected":false},"author":1,"featured_media":0,"comment_status":"open","ping_status":"open","sticky":false,"template":"","format":"standard","meta":{"site-sidebar-layout":"default","site-content-layout":"","ast-site-content-layout":"","site-content-style":"default","site-sidebar-style":"default","ast-global-header-display":"","ast-banner-title-visibility":"","ast-main-header-display":"","ast-hfb-above-header-display":"","ast-hfb-below-header-display":"","ast-hfb-mobile-header-display":"","site-post-title":"","ast-breadcrumbs-content":"","ast-featured-img":"","footer-sml-layout":"","theme-transparent-header-meta":"","adv-header-id-meta":"","stick-header-meta":"","header-above-stick-meta":"","header-main-stick-meta":"","header-below-stick-meta":"","astra-migrate-meta-layouts":"default","ast-page-background-enabled":"default","ast-page-background-meta":{"desktop":{"background-color":"var(--ast-global-color-4)","background-image":"","background-repeat":"repeat","background-position":"center center","background-size":"auto","background-attachment":"scroll","background-type":"","background-media":"","overlay-type":"","overlay-color":"","overlay-gradient":""},"tablet":{"background-color":"","background-image":"","background-repeat":"repeat","background-position":"center center","background-size":"auto","background-attachment":"scroll","background-type":"","background-media":"","overlay-type":"","overlay-color":"","overlay-gradient":""},"mobile":{"background-color":"","background-image":"","background-repeat":"repeat","background-position":"center center","background-size":"auto","background-attachment":"scroll","background-type":"","background-media":"","overlay-type":"","overlay-color":"","overlay-gradient":""}},"ast-content-background-meta":{"desktop":{"background-color":"var(--ast-global-color-5)","background-image":"","background-repeat":"repeat","background-position":"center center","background-size":"auto","background-attachment":"scroll","background-type":"","background-media":"","overlay-type":"","overlay-color":"","overlay-gradient":""},"tablet":{"background-color":"var(--ast-global-color-5)","background-image":"","background-repeat":"repeat","background-position":"center center","background-size":"auto","background-attachment":"scroll","background-type":"","background-media":"","overlay-type":"","overlay-color":"","overlay-gradient":""},"mobile":{"background-color":"var(--ast-global-color-5)","background-image":"","background-repeat":"repeat","background-position":"center center","background-size":"auto","background-attachment":"scroll","background-type":"","background-media":"","overlay-type":"","overlay-color":"","overlay-gradient":""}},"footnotes":""},"categories":[9,36610,967],"tags":[4647,164434,12513,29797,942,77979],"class_list":["post-76182","post","type-post","status-publish","format-standard","hentry","category-ciencias-medicas","category-rey-juan-carlos","category-salud-publica","tag-angel-gil-de-miguel","tag-cristina-velarde-mayol","tag-jose-javier-castrodeza-sanz","tag-jose-ramon-de-juan-es-pardo","tag-juan-del-rey-calero","tag-pilar-carrasco-garrido"],"_links":{"self":[{"href":"https:\/\/www.deberes.net\/tesis\/wp-json\/wp\/v2\/posts\/76182","targetHints":{"allow":["GET"]}}],"collection":[{"href":"https:\/\/www.deberes.net\/tesis\/wp-json\/wp\/v2\/posts"}],"about":[{"href":"https:\/\/www.deberes.net\/tesis\/wp-json\/wp\/v2\/types\/post"}],"author":[{"embeddable":true,"href":"https:\/\/www.deberes.net\/tesis\/wp-json\/wp\/v2\/users\/1"}],"replies":[{"embeddable":true,"href":"https:\/\/www.deberes.net\/tesis\/wp-json\/wp\/v2\/comments?post=76182"}],"version-history":[{"count":0,"href":"https:\/\/www.deberes.net\/tesis\/wp-json\/wp\/v2\/posts\/76182\/revisions"}],"wp:attachment":[{"href":"https:\/\/www.deberes.net\/tesis\/wp-json\/wp\/v2\/media?parent=76182"}],"wp:term":[{"taxonomy":"category","embeddable":true,"href":"https:\/\/www.deberes.net\/tesis\/wp-json\/wp\/v2\/categories?post=76182"},{"taxonomy":"post_tag","embeddable":true,"href":"https:\/\/www.deberes.net\/tesis\/wp-json\/wp\/v2\/tags?post=76182"}],"curies":[{"name":"wp","href":"https:\/\/api.w.org\/{rel}","templated":true}]}}