{"id":76189,"date":"2018-03-09T23:21:31","date_gmt":"2018-03-09T23:21:31","guid":{"rendered":"https:\/\/www.deberes.net\/tesis\/sin-categoria\/el-derecho-humano-al-agua\/"},"modified":"2018-03-09T23:21:31","modified_gmt":"2018-03-09T23:21:31","slug":"el-derecho-humano-al-agua","status":"publish","type":"post","link":"https:\/\/www.deberes.net\/tesis\/ciencias-juridicas-y-derecho\/el-derecho-humano-al-agua\/","title":{"rendered":"El derecho humano al agua"},"content":{"rendered":"<h2>Tesis doctoral de <strong>  Garc\u00eda Morales Aniza F. <\/strong><\/h2>\n<p>El presente trabajo aborda el estudio del derecho al agua como derecho humano.  se divide en cinco cap\u00edtulos.  en el primero se analiza la \u00abnecesidad vital\u00bb, que est\u00e1 en el origen de la individualizaci\u00f3n del derecho al agua, dentro del tronco com\u00fan al que pertenece. Se aborda el problema sociol\u00f3gico del agua para demostrar la urgencia de que el derecho se encargue de su regulaci\u00f3n.  el cap\u00edtulo segundo adopta la perspectiva de la dogm\u00e1tica jur\u00eddica descriptiva. se enumeran y estudian las normas que efectivamente y en diferentes grados de especificaci\u00f3n, ha reconocido la existencia de un derecho al agua, bien en el plano internacional, bien el plano nacional para algunos casos que se han considerado por diferentes razones relevantes (espa\u00f1a, m\u00e9xico, sud\u00e1frica, argentina).  el cap\u00edtulo tercero aborda el derecho al agua desde una perspectiva que tiene car\u00e1cter fundamentalmente de teor\u00eda del derecho, y lo analiza tanto en su \u00abcontenido esencial\u00bb como en un plano m\u00e1s amplio, incluyendo las obligaciones correlativas al as facultades en que consiste el derecho (tanto nacionales como internacionales, ya gen\u00e9ricas, ya espec\u00edficas) y sus posibles violaciones.  el cap\u00edtulo cuarto, por su parte, se encarga de los mecanismos de garant\u00eda del derecho al agua: de los institucionales (pol\u00edticos, jurisdiccionales y semi-jurisdiccionales) y de las garant\u00eda sociales.  el cap\u00edtulo quinto propone las l\u00edneas b\u00e1sicas de lo que deber\u00eda ser una regulaci\u00f3n completa y adecuada del derecho al agua como derecho humano.<\/p>\n<p>&nbsp;<\/p>\n<h3>Datos acad\u00e9micos de la tesis doctoral \u00ab<strong>El derecho humano al agua<\/strong>\u00ab<\/h3>\n<ul>\n<li><strong>T\u00edtulo de la tesis:<\/strong>\u00a0 El derecho humano al agua <\/li>\n<li><strong>Autor:<\/strong>\u00a0  Garc\u00eda Morales Aniza F. <\/li>\n<li><strong>Universidad:<\/strong>\u00a0 Complutense de Madrid<\/li>\n<li><strong>Fecha de lectura de la tesis:<\/strong>\u00a0 16\/09\/2005<\/li>\n<\/ul>\n<p>&nbsp;<\/p>\n<h3>Direcci\u00f3n y tribunal<\/h3>\n<ul>\n<li><strong>Director de la tesis<\/strong>\n<ul>\n<li>Antonio De Cabo De La Vega<\/li>\n<\/ul>\n<\/li>\n<li><strong>Tribunal<\/strong>\n<ul>\n<li>Presidente del tribunal:  Cateo mart\u00edn Carlos de <\/li>\n<li>gonzalo Maestro budia (vocal)<\/li>\n<li>Jos\u00e9 Asensi sabates (vocal)<\/li>\n<li>gerardo Prados (vocal)<\/li>\n<\/ul>\n<\/li>\n<\/ul>\n<p>&nbsp;<\/p>\n","protected":false},"excerpt":{"rendered":"<p>Tesis doctoral de Garc\u00eda Morales Aniza F. El presente trabajo aborda el estudio del derecho al agua como derecho humano. [&hellip;]<\/p>\n","protected":false},"author":1,"featured_media":0,"comment_status":"open","ping_status":"open","sticky":false,"template":"","format":"standard","meta":{"site-sidebar-layout":"default","site-content-layout":"","ast-site-content-layout":"","site-content-style":"default","site-sidebar-style":"default","ast-global-header-display":"","ast-banner-title-visibility":"","ast-main-header-display":"","ast-hfb-above-header-display":"","ast-hfb-below-header-display":"","ast-hfb-mobile-header-display":"","site-post-title":"","ast-breadcrumbs-content":"","ast-featured-img":"","footer-sml-layout":"","theme-transparent-header-meta":"","adv-header-id-meta":"","stick-header-meta":"","header-above-stick-meta":"","header-main-stick-meta":"","header-below-stick-meta":"","astra-migrate-meta-layouts":"default","ast-page-background-enabled":"default","ast-page-background-meta":{"desktop":{"background-color":"var(--ast-global-color-4)","background-image":"","background-repeat":"repeat","background-position":"center center","background-size":"auto","background-attachment":"scroll","background-type":"","background-media":"","overlay-type":"","overlay-color":"","overlay-gradient":""},"tablet":{"background-color":"","background-image":"","background-repeat":"repeat","background-position":"center center","background-size":"auto","background-attachment":"scroll","background-type":"","background-media":"","overlay-type":"","overlay-color":"","overlay-gradient":""},"mobile":{"background-color":"","background-image":"","background-repeat":"repeat","background-position":"center center","background-size":"auto","background-attachment":"scroll","background-type":"","background-media":"","overlay-type":"","overlay-color":"","overlay-gradient":""}},"ast-content-background-meta":{"desktop":{"background-color":"var(--ast-global-color-5)","background-image":"","background-repeat":"repeat","background-position":"center center","background-size":"auto","background-attachment":"scroll","background-type":"","background-media":"","overlay-type":"","overlay-color":"","overlay-gradient":""},"tablet":{"background-color":"var(--ast-global-color-5)","background-image":"","background-repeat":"repeat","background-position":"center center","background-size":"auto","background-attachment":"scroll","background-type":"","background-media":"","overlay-type":"","overlay-color":"","overlay-gradient":""},"mobile":{"background-color":"var(--ast-global-color-5)","background-image":"","background-repeat":"repeat","background-position":"center center","background-size":"auto","background-attachment":"scroll","background-type":"","background-media":"","overlay-type":"","overlay-color":"","overlay-gradient":""}},"footnotes":""},"categories":[612,3621],"tags":[22880,164445,164444,164448,164446,164447],"class_list":["post-76189","post","type-post","status-publish","format-standard","hentry","category-ciencias-juridicas-y-derecho","category-organizacion-juridica","tag-antonio-de-cabo-de-la-vega","tag-cateo-martin-carlos-de","tag-garcia-morales-aniza-f","tag-gerardo-prados","tag-gonzalo-maestro-budia","tag-jose-asensi-sabates"],"_links":{"self":[{"href":"https:\/\/www.deberes.net\/tesis\/wp-json\/wp\/v2\/posts\/76189","targetHints":{"allow":["GET"]}}],"collection":[{"href":"https:\/\/www.deberes.net\/tesis\/wp-json\/wp\/v2\/posts"}],"about":[{"href":"https:\/\/www.deberes.net\/tesis\/wp-json\/wp\/v2\/types\/post"}],"author":[{"embeddable":true,"href":"https:\/\/www.deberes.net\/tesis\/wp-json\/wp\/v2\/users\/1"}],"replies":[{"embeddable":true,"href":"https:\/\/www.deberes.net\/tesis\/wp-json\/wp\/v2\/comments?post=76189"}],"version-history":[{"count":0,"href":"https:\/\/www.deberes.net\/tesis\/wp-json\/wp\/v2\/posts\/76189\/revisions"}],"wp:attachment":[{"href":"https:\/\/www.deberes.net\/tesis\/wp-json\/wp\/v2\/media?parent=76189"}],"wp:term":[{"taxonomy":"category","embeddable":true,"href":"https:\/\/www.deberes.net\/tesis\/wp-json\/wp\/v2\/categories?post=76189"},{"taxonomy":"post_tag","embeddable":true,"href":"https:\/\/www.deberes.net\/tesis\/wp-json\/wp\/v2\/tags?post=76189"}],"curies":[{"name":"wp","href":"https:\/\/api.w.org\/{rel}","templated":true}]}}