{"id":76226,"date":"2018-03-09T23:21:35","date_gmt":"2018-03-09T23:21:35","guid":{"rendered":"https:\/\/www.deberes.net\/tesis\/sin-categoria\/diseno-implementacion-y-evaluacion-de-un-entorno-de-aprendizaje-semipresencial\/"},"modified":"2018-03-09T23:21:35","modified_gmt":"2018-03-09T23:21:35","slug":"diseno-implementacion-y-evaluacion-de-un-entorno-de-aprendizaje-semipresencial","status":"publish","type":"post","link":"https:\/\/www.deberes.net\/tesis\/linguistica\/diseno-implementacion-y-evaluacion-de-un-entorno-de-aprendizaje-semipresencial\/","title":{"rendered":"Dise\u00f1o, implementaci\u00f3n y evaluaci\u00f3n de un entorno de aprendizaje semipresencial"},"content":{"rendered":"<h2>Tesis doctoral de <strong> Estefania Caridad De Otto <\/strong><\/h2>\n<p>El objetivo general de esta tesis consisti\u00f3 en dise\u00f1ar y poner en pr\u00e1ctica un entorno de aprendizaje semipresencial con ayuda de las tecnolog\u00edas de la informaci\u00f3n y la comunicaci\u00f3n para la docencia de una asignatura optativa de la diplomatura en ciencias empresariales, denominada alem\u00e1n empresarial segunda lengua , que se centra en la ense\u00f1anza del alem\u00e1n empresarial de nivel b\u00e1sico. La investigaci\u00f3n se centr\u00f3 en cinco cuestiones fundamentales:  * indagar acerca de la viabilidad del sistema que se propone y su eficacia a la hora d lograr que los alumnos alcancen los objetivos de aprendizaje.  * determinar la adecuaci\u00f3n del entorno de aprendizaje para afrontar el nuevo sistema propuesto en la reforma del espacio europeo de educaci\u00f3n superior en lo relativo a la organizaci\u00f3n de los procesos de ense\u00f1anza-aprendizaje.  * indagar acerca de las posibilidades que ofrece el entorno para desarrollar un aprendizaje adaptado a las necesidades individuales de los alumnos.  * explorar el nivel de aceptaci\u00f3n de la metodolog\u00eda propuesta y la valoraci\u00f3n del entorno de aprendizaje y del proceso de ense\u00f1anza aprendizaje entre el alumnado, as\u00ed como el nivel general de satisfacci\u00f3n con la asignatura y los contenidos.<\/p>\n<p>&nbsp;<\/p>\n<h3>Datos acad\u00e9micos de la tesis doctoral \u00ab<strong>Dise\u00f1o, implementaci\u00f3n y evaluaci\u00f3n de un entorno de aprendizaje semipresencial<\/strong>\u00ab<\/h3>\n<ul>\n<li><strong>T\u00edtulo de la tesis:<\/strong>\u00a0 Dise\u00f1o, implementaci\u00f3n y evaluaci\u00f3n de un entorno de aprendizaje semipresencial <\/li>\n<li><strong>Autor:<\/strong>\u00a0 Estefania Caridad De Otto <\/li>\n<li><strong>Universidad:<\/strong>\u00a0 La laguna<\/li>\n<li><strong>Fecha de lectura de la tesis:<\/strong>\u00a0 19\/09\/2005<\/li>\n<\/ul>\n<p>&nbsp;<\/p>\n<h3>Direcci\u00f3n y tribunal<\/h3>\n<ul>\n<li><strong>Director de la tesis<\/strong>\n<ul>\n<li> Rohr Schrade Kerstin I.<\/li>\n<\/ul>\n<\/li>\n<li><strong>Tribunal<\/strong>\n<ul>\n<li>Presidente del tribunal: pl\u00e1cido Bazo mart\u00ednez <\/li>\n<li>marcos Antonio Sarmiento p\u00e9rez (vocal)<\/li>\n<li>Jos\u00e9 Miguel Correa gorospe (vocal)<\/li>\n<li>Mar\u00eda del pino Santana quintana (vocal)<\/li>\n<\/ul>\n<\/li>\n<\/ul>\n<p>&nbsp;<\/p>\n","protected":false},"excerpt":{"rendered":"<p>Tesis doctoral de Estefania Caridad De Otto El objetivo general de esta tesis consisti\u00f3 en dise\u00f1ar y poner en pr\u00e1ctica [&hellip;]<\/p>\n","protected":false},"author":1,"featured_media":0,"comment_status":"open","ping_status":"open","sticky":false,"template":"","format":"standard","meta":{"site-sidebar-layout":"default","site-content-layout":"","ast-site-content-layout":"","site-content-style":"default","site-sidebar-style":"default","ast-global-header-display":"","ast-banner-title-visibility":"","ast-main-header-display":"","ast-hfb-above-header-display":"","ast-hfb-below-header-display":"","ast-hfb-mobile-header-display":"","site-post-title":"","ast-breadcrumbs-content":"","ast-featured-img":"","footer-sml-layout":"","theme-transparent-header-meta":"","adv-header-id-meta":"","stick-header-meta":"","header-above-stick-meta":"","header-main-stick-meta":"","header-below-stick-meta":"","astra-migrate-meta-layouts":"default","ast-page-background-enabled":"default","ast-page-background-meta":{"desktop":{"background-color":"var(--ast-global-color-4)","background-image":"","background-repeat":"repeat","background-position":"center center","background-size":"auto","background-attachment":"scroll","background-type":"","background-media":"","overlay-type":"","overlay-color":"","overlay-gradient":""},"tablet":{"background-color":"","background-image":"","background-repeat":"repeat","background-position":"center center","background-size":"auto","background-attachment":"scroll","background-type":"","background-media":"","overlay-type":"","overlay-color":"","overlay-gradient":""},"mobile":{"background-color":"","background-image":"","background-repeat":"repeat","background-position":"center center","background-size":"auto","background-attachment":"scroll","background-type":"","background-media":"","overlay-type":"","overlay-color":"","overlay-gradient":""}},"ast-content-background-meta":{"desktop":{"background-color":"var(--ast-global-color-5)","background-image":"","background-repeat":"repeat","background-position":"center center","background-size":"auto","background-attachment":"scroll","background-type":"","background-media":"","overlay-type":"","overlay-color":"","overlay-gradient":""},"tablet":{"background-color":"var(--ast-global-color-5)","background-image":"","background-repeat":"repeat","background-position":"center center","background-size":"auto","background-attachment":"scroll","background-type":"","background-media":"","overlay-type":"","overlay-color":"","overlay-gradient":""},"mobile":{"background-color":"var(--ast-global-color-5)","background-image":"","background-repeat":"repeat","background-position":"center center","background-size":"auto","background-attachment":"scroll","background-type":"","background-media":"","overlay-type":"","overlay-color":"","overlay-gradient":""}},"footnotes":""},"categories":[1891,9915,59,60],"tags":[164517,129235,150897,164519,9977,164518],"class_list":["post-76226","post","type-post","status-publish","format-standard","hentry","category-ensenanza-de-lenguas","category-la-laguna","category-linguistica","category-linguistica-aplicada","tag-estefania-caridad-de-otto","tag-jose-miguel-correa-gorospe","tag-marcos-antonio-sarmiento-perez","tag-maria-del-pino-santana-quintana","tag-placido-bazo-Martinez","tag-rohr-schrade-kerstin-i"],"_links":{"self":[{"href":"https:\/\/www.deberes.net\/tesis\/wp-json\/wp\/v2\/posts\/76226","targetHints":{"allow":["GET"]}}],"collection":[{"href":"https:\/\/www.deberes.net\/tesis\/wp-json\/wp\/v2\/posts"}],"about":[{"href":"https:\/\/www.deberes.net\/tesis\/wp-json\/wp\/v2\/types\/post"}],"author":[{"embeddable":true,"href":"https:\/\/www.deberes.net\/tesis\/wp-json\/wp\/v2\/users\/1"}],"replies":[{"embeddable":true,"href":"https:\/\/www.deberes.net\/tesis\/wp-json\/wp\/v2\/comments?post=76226"}],"version-history":[{"count":0,"href":"https:\/\/www.deberes.net\/tesis\/wp-json\/wp\/v2\/posts\/76226\/revisions"}],"wp:attachment":[{"href":"https:\/\/www.deberes.net\/tesis\/wp-json\/wp\/v2\/media?parent=76226"}],"wp:term":[{"taxonomy":"category","embeddable":true,"href":"https:\/\/www.deberes.net\/tesis\/wp-json\/wp\/v2\/categories?post=76226"},{"taxonomy":"post_tag","embeddable":true,"href":"https:\/\/www.deberes.net\/tesis\/wp-json\/wp\/v2\/tags?post=76226"}],"curies":[{"name":"wp","href":"https:\/\/api.w.org\/{rel}","templated":true}]}}