{"id":76246,"date":"2018-03-09T23:21:35","date_gmt":"2018-03-09T23:21:35","guid":{"rendered":"https:\/\/www.deberes.net\/tesis\/sin-categoria\/analisis-de-la-formacion-ocupacional-y-de-necesidades-formativas-de-la-juventud-de-cordoba-programa-de-experiencias-mixtas-y-de-formacion-y-empleo\/"},"modified":"2018-03-09T23:21:35","modified_gmt":"2018-03-09T23:21:35","slug":"analisis-de-la-formacion-ocupacional-y-de-necesidades-formativas-de-la-juventud-de-cordoba-programa-de-experiencias-mixtas-y-de-formacion-y-empleo","status":"publish","type":"post","link":"https:\/\/www.deberes.net\/tesis\/sociologia\/analisis-de-la-formacion-ocupacional-y-de-necesidades-formativas-de-la-juventud-de-cordoba-programa-de-experiencias-mixtas-y-de-formacion-y-empleo\/","title":{"rendered":"An\u00e1lisis de la formaci\u00f3n ocupacional y de necesidades formativas de la juventud de c\u00f3rdoba: programa de experiencias mixtas y de formaci\u00f3n y empleo."},"content":{"rendered":"<h2>Tesis doctoral de <strong> Mar\u00eda  Angeles Olivares Garcia <\/strong><\/h2>\n<p>En las \u00faltimas d\u00e9cadas, hemos asistido a profundas transformaciones en el sistema productivo que se suceden a un ritmo tal que dif\u00edcilmente la poblaci\u00f3n puede ir adapt\u00e1ndose a los cambios de forma satisfactoria. Ante esta realidad, la cualificaci\u00f3n profesional se erige en una de las principales f\u00f3rmulas para la inserci\u00f3n laboral del sujeto, para su desarrollo personal y, en definitiva, para el desarrollo de la sociedad en general.  hoy, m\u00e1s que nunca, cobra especial sentido la formaci\u00f3n a lo largo de la vida. Uno de los ,\u00c2\u00a1primeros elementos que describen ese recorrido formativo de la persona es su paso por la escuela que, en muchos casos, va a determinar su posterior proceso de transici\u00f3n a la vida activa. En este sentido, el alumnado que fracasa y abandona la ense\u00f1anza reglada a edades tempranas es el m\u00e1s susceptible de ser excluidoen los diferentes\u00e1mbitos sociocultural, econ\u00f3micoy laboral.  la inserci\u00f3n sociolaboral de la juventud que ha abandonado la escuela con bajos niveles de cualificaci\u00f3n y, que a su vez, pertenece a zonas geogr\u00e1ficas en situaci\u00f3n de desventaja social es el eje central del estudio que presentamos. la investigaci\u00f3n etnogr\u00e1fica realizada pretende profundizar en el sentir de los protagonistas, conocer c\u00f3mo interpretan su situaci\u00f3n y las circunstancias sociolaborales del momento. De forma paralela, una de las metas esenciales de este estudio es analizar el papel que desempe\u00f1a la formaci\u00f3n profesionalocupacionalen el proceso de inserci\u00f3n laboralde esta poblaci\u00f3n.  para lograr estos objetivos hemos llevado a cabo un estudio de caso. Nos planteamos profundizar en el conocimiento de un programa de formaci\u00f3n ocupacional en el que participa la poblaci\u00f3n juvenil de c\u00f3rdoba que posee niveles de formaci\u00f3n muy bajos. En concreto, la investigaci\u00f3n se centra en el programa denominado experiencias mixtas de formaci\u00f3n y empleo, desarrollado por el ayuntamiento de c\u00f3rdoba-juntade andaluc\u00eda, dura<\/p>\n<p>&nbsp;<\/p>\n<h3>Datos acad\u00e9micos de la tesis doctoral \u00ab<strong>An\u00e1lisis de la formaci\u00f3n ocupacional y de necesidades formativas de la juventud de c\u00f3rdoba: programa de experiencias mixtas y de formaci\u00f3n y empleo.<\/strong>\u00ab<\/h3>\n<ul>\n<li><strong>T\u00edtulo de la tesis:<\/strong>\u00a0 An\u00e1lisis de la formaci\u00f3n ocupacional y de necesidades formativas de la juventud de c\u00f3rdoba: programa de experiencias mixtas y de formaci\u00f3n y empleo. <\/li>\n<li><strong>Autor:<\/strong>\u00a0 Mar\u00eda  Angeles Olivares Garcia <\/li>\n<li><strong>Universidad:<\/strong>\u00a0 C\u00f3rdoba<\/li>\n<li><strong>Fecha de lectura de la tesis:<\/strong>\u00a0 20\/09\/2005<\/li>\n<\/ul>\n<p>&nbsp;<\/p>\n<h3>Direcci\u00f3n y tribunal<\/h3>\n<ul>\n<li><strong>Director de la tesis<\/strong>\n<ul>\n<li>Mar\u00eda  Vicenta Perez Ferrando<\/li>\n<\/ul>\n<\/li>\n<li><strong>Tribunal<\/strong>\n<ul>\n<li>Presidente del tribunal: Antonio Ontoria pe\u00f1a <\/li>\n<li>josefa Cabello mart\u00ednez (vocal)<\/li>\n<li>serrano Rosario merida (vocal)<\/li>\n<li>Manuel Collado broncano (vocal)<\/li>\n<\/ul>\n<\/li>\n<\/ul>\n<p>&nbsp;<\/p>\n","protected":false},"excerpt":{"rendered":"<p>Tesis doctoral de Mar\u00eda Angeles Olivares Garcia En las \u00faltimas d\u00e9cadas, hemos asistido a profundas transformaciones en el sistema productivo [&hellip;]<\/p>\n","protected":false},"author":1,"featured_media":0,"comment_status":"open","ping_status":"open","sticky":false,"template":"","format":"standard","meta":{"site-sidebar-layout":"default","site-content-layout":"","ast-site-content-layout":"","site-content-style":"default","site-sidebar-style":"default","ast-global-header-display":"","ast-banner-title-visibility":"","ast-main-header-display":"","ast-hfb-above-header-display":"","ast-hfb-below-header-display":"","ast-hfb-mobile-header-display":"","site-post-title":"","ast-breadcrumbs-content":"","ast-featured-img":"","footer-sml-layout":"","theme-transparent-header-meta":"","adv-header-id-meta":"","stick-header-meta":"","header-above-stick-meta":"","header-main-stick-meta":"","header-below-stick-meta":"","astra-migrate-meta-layouts":"default","ast-page-background-enabled":"default","ast-page-background-meta":{"desktop":{"background-color":"var(--ast-global-color-4)","background-image":"","background-repeat":"repeat","background-position":"center center","background-size":"auto","background-attachment":"scroll","background-type":"","background-media":"","overlay-type":"","overlay-color":"","overlay-gradient":""},"tablet":{"background-color":"","background-image":"","background-repeat":"repeat","background-position":"center center","background-size":"auto","background-attachment":"scroll","background-type":"","background-media":"","overlay-type":"","overlay-color":"","overlay-gradient":""},"mobile":{"background-color":"","background-image":"","background-repeat":"repeat","background-position":"center center","background-size":"auto","background-attachment":"scroll","background-type":"","background-media":"","overlay-type":"","overlay-color":"","overlay-gradient":""}},"ast-content-background-meta":{"desktop":{"background-color":"var(--ast-global-color-5)","background-image":"","background-repeat":"repeat","background-position":"center center","background-size":"auto","background-attachment":"scroll","background-type":"","background-media":"","overlay-type":"","overlay-color":"","overlay-gradient":""},"tablet":{"background-color":"var(--ast-global-color-5)","background-image":"","background-repeat":"repeat","background-position":"center center","background-size":"auto","background-attachment":"scroll","background-type":"","background-media":"","overlay-type":"","overlay-color":"","overlay-gradient":""},"mobile":{"background-color":"var(--ast-global-color-5)","background-image":"","background-repeat":"repeat","background-position":"center center","background-size":"auto","background-attachment":"scroll","background-type":"","background-media":"","overlay-type":"","overlay-color":"","overlay-gradient":""}},"footnotes":""},"categories":[973,24023,13042,1183,5173,1184,1141,1295,324,5174,269],"tags":[43032,7871,31621,164561,34610,164562],"class_list":["post-76246","post","type-post","status-publish","format-standard","hentry","category-cordoba","category-desempleo","category-educacion-de-adultos","category-formacion-profesional","category-metodos-educativos","category-organizacion-y-planificacion-de-la-educacion","category-pedagogia","category-problemas-y-conflictos-sociales","category-psicologia","category-psicopedagogia","category-sociologia","tag-antonio-ontoria-pena","tag-josefa-cabello-Martinez","tag-manuel-collado-broncano","tag-maria-angeles-olivares-garcia","tag-maria-vicenta-perez-ferrando","tag-serrano-rosario-merida"],"_links":{"self":[{"href":"https:\/\/www.deberes.net\/tesis\/wp-json\/wp\/v2\/posts\/76246","targetHints":{"allow":["GET"]}}],"collection":[{"href":"https:\/\/www.deberes.net\/tesis\/wp-json\/wp\/v2\/posts"}],"about":[{"href":"https:\/\/www.deberes.net\/tesis\/wp-json\/wp\/v2\/types\/post"}],"author":[{"embeddable":true,"href":"https:\/\/www.deberes.net\/tesis\/wp-json\/wp\/v2\/users\/1"}],"replies":[{"embeddable":true,"href":"https:\/\/www.deberes.net\/tesis\/wp-json\/wp\/v2\/comments?post=76246"}],"version-history":[{"count":0,"href":"https:\/\/www.deberes.net\/tesis\/wp-json\/wp\/v2\/posts\/76246\/revisions"}],"wp:attachment":[{"href":"https:\/\/www.deberes.net\/tesis\/wp-json\/wp\/v2\/media?parent=76246"}],"wp:term":[{"taxonomy":"category","embeddable":true,"href":"https:\/\/www.deberes.net\/tesis\/wp-json\/wp\/v2\/categories?post=76246"},{"taxonomy":"post_tag","embeddable":true,"href":"https:\/\/www.deberes.net\/tesis\/wp-json\/wp\/v2\/tags?post=76246"}],"curies":[{"name":"wp","href":"https:\/\/api.w.org\/{rel}","templated":true}]}}