{"id":76254,"date":"2018-03-09T23:21:35","date_gmt":"2018-03-09T23:21:35","guid":{"rendered":"https:\/\/www.deberes.net\/tesis\/sin-categoria\/los-determinantes-salariales-en-la-economa%c2%ada-espanola-1980-2000\/"},"modified":"2018-03-09T23:21:35","modified_gmt":"2018-03-09T23:21:35","slug":"los-determinantes-salariales-en-la-economa%c2%ada-espanola-1980-2000","status":"publish","type":"post","link":"https:\/\/www.deberes.net\/tesis\/teoria-y-modelos-de-empleo\/los-determinantes-salariales-en-la-economa%c2%ada-espanola-1980-2000\/","title":{"rendered":"Los determinantes salariales en la econom\u00edaespa\u00f1ola (1980-2000)"},"content":{"rendered":"<h2>Tesis doctoral de <strong> Carmen Pelet Red\u00f3n <\/strong><\/h2>\n<p>El objetivo general de la memoria es analizar los determinantes salariales en la econom\u00eda espa\u00f1ola durante el periodo 1980-2000.  El an\u00e1lisis se ha planteado desde una doble perspectiva macroecon\u00f3mica y microecon\u00f3mica. En primer lugar, se estima una ecuaci\u00f3n de salarios mediante modelos de series temporales, analizando la existencia de una relaci\u00f3n de equilibrio a largo plazo entre los salarios y variables como los precios, el desempleo y la productividad, as\u00ed como la relaci\u00f3n a corto plazo entre dichas variables y la velocidad de ajuste al equilibrio a largo plazo aplicando el m\u00e9todo de mecanismo de correcci\u00f3n del error. en segundo lugar, se analiza la flexibilidad del salario respecto al desempleo en mercados de trabajo locales, comprobando  la existencia de una curva de salarios para la econom\u00eda espa\u00f1ola durante el periodo 1994-96. Adem\u00e1s, se analiza si existe evidencia de una relaci\u00f3n tipo curva de phillips utilizando la forma funcional de la curva de salarios con datos desagregados. Estos an\u00e1lisis se llevan a cabo mediante la t\u00e9cnica de datos de panel, con datos que provienen de la encuesta del panel de hogares de la uni\u00f3n europea por regiones nut1. en tercer lugar, se analizan las caracter\u00edsticas del marco institucional del mercado de trabajo espa\u00f1ol durante las \u00faltimas d\u00e9cadas, centr\u00e1ndonos, primero, en el estudio del sistema de negociaci\u00f3n colectiva vigente y su evoluci\u00f3n  durante este periodo; segundo, en la pol\u00edtica de concertaci\u00f3n desarrollada desde sus comienzos hasta el momento presente; y tercero, en las tres principales reformas laborales llevadas a cabo durante las d\u00e9cadas ochenta y noventa,  cuyo objetivo fundamental ha sido conseguir una mayor flexibilizaci\u00f3n del mercado de trabajo espa\u00f1ol, reducir la nairu y aumentar la respuesta de los salarios a las condiciones del mercado de trabajo. Todo ello con el fin de explicar la influencia que estos aspectos del mercado de trabajo, a los que hemos hecho referencia, han ten<\/p>\n<p>&nbsp;<\/p>\n<h3>Datos acad\u00e9micos de la tesis doctoral \u00ab<strong>Los determinantes salariales en la econom\u00edaespa\u00f1ola (1980-2000)<\/strong>\u00ab<\/h3>\n<ul>\n<li><strong>T\u00edtulo de la tesis:<\/strong>\u00a0 Los determinantes salariales en la econom\u00edaespa\u00f1ola (1980-2000) <\/li>\n<li><strong>Autor:<\/strong>\u00a0 Carmen Pelet Red\u00f3n <\/li>\n<li><strong>Universidad:<\/strong>\u00a0 Zaragoza<\/li>\n<li><strong>Fecha de lectura de la tesis:<\/strong>\u00a0 20\/09\/2005<\/li>\n<\/ul>\n<p>&nbsp;<\/p>\n<h3>Direcci\u00f3n y tribunal<\/h3>\n<ul>\n<li><strong>Director de la tesis<\/strong>\n<ul>\n<li>Jos\u00e9 Aixal\u00e1 Past\u00f3<\/li>\n<\/ul>\n<\/li>\n<li><strong>Tribunal<\/strong>\n<ul>\n<li>Presidente del tribunal: Jos\u00e9 Luis Garcia delgado <\/li>\n<li>inmaculada Garc\u00eda mainar (vocal)<\/li>\n<li>marcela Sabat\u00e9 sort (vocal)<\/li>\n<li> Navarro p\u00e9rez m. cruz (vocal)<\/li>\n<\/ul>\n<\/li>\n<\/ul>\n<p>&nbsp;<\/p>\n","protected":false},"excerpt":{"rendered":"<p>Tesis doctoral de Carmen Pelet Red\u00f3n El objetivo general de la memoria es analizar los determinantes salariales en la econom\u00eda [&hellip;]<\/p>\n","protected":false},"author":1,"featured_media":0,"comment_status":"open","ping_status":"open","sticky":false,"template":"","format":"standard","meta":{"site-sidebar-layout":"default","site-content-layout":"","ast-site-content-layout":"","site-content-style":"default","site-sidebar-style":"default","ast-global-header-display":"","ast-banner-title-visibility":"","ast-main-header-display":"","ast-hfb-above-header-display":"","ast-hfb-below-header-display":"","ast-hfb-mobile-header-display":"","site-post-title":"","ast-breadcrumbs-content":"","ast-featured-img":"","footer-sml-layout":"","theme-transparent-header-meta":"","adv-header-id-meta":"","stick-header-meta":"","header-above-stick-meta":"","header-main-stick-meta":"","header-below-stick-meta":"","astra-migrate-meta-layouts":"default","ast-page-background-enabled":"default","ast-page-background-meta":{"desktop":{"background-color":"var(--ast-global-color-4)","background-image":"","background-repeat":"repeat","background-position":"center center","background-size":"auto","background-attachment":"scroll","background-type":"","background-media":"","overlay-type":"","overlay-color":"","overlay-gradient":""},"tablet":{"background-color":"","background-image":"","background-repeat":"repeat","background-position":"center center","background-size":"auto","background-attachment":"scroll","background-type":"","background-media":"","overlay-type":"","overlay-color":"","overlay-gradient":""},"mobile":{"background-color":"","background-image":"","background-repeat":"repeat","background-position":"center center","background-size":"auto","background-attachment":"scroll","background-type":"","background-media":"","overlay-type":"","overlay-color":"","overlay-gradient":""}},"ast-content-background-meta":{"desktop":{"background-color":"var(--ast-global-color-5)","background-image":"","background-repeat":"repeat","background-position":"center center","background-size":"auto","background-attachment":"scroll","background-type":"","background-media":"","overlay-type":"","overlay-color":"","overlay-gradient":""},"tablet":{"background-color":"var(--ast-global-color-5)","background-image":"","background-repeat":"repeat","background-position":"center center","background-size":"auto","background-attachment":"scroll","background-type":"","background-media":"","overlay-type":"","overlay-color":"","overlay-gradient":""},"mobile":{"background-color":"var(--ast-global-color-5)","background-image":"","background-repeat":"repeat","background-position":"center center","background-size":"auto","background-attachment":"scroll","background-type":"","background-media":"","overlay-type":"","overlay-color":"","overlay-gradient":""}},"footnotes":""},"categories":[24758,8771,4725,13610],"tags":[164574,164575,160030,6487,95865,73627],"class_list":["post-76254","post","type-post","status-publish","format-standard","hentry","category-distribucion","category-series-temporales-economicas","category-teoria-y-modelos-de-empleo","category-zaragoza","tag-carmen-pelet-redon","tag-inmaculada-garcia-mainar","tag-jose-aixala-pasto","tag-jose-luis-garcia-delgado","tag-marcela-sabate-sort","tag-navarro-perez-m-cruz"],"_links":{"self":[{"href":"https:\/\/www.deberes.net\/tesis\/wp-json\/wp\/v2\/posts\/76254","targetHints":{"allow":["GET"]}}],"collection":[{"href":"https:\/\/www.deberes.net\/tesis\/wp-json\/wp\/v2\/posts"}],"about":[{"href":"https:\/\/www.deberes.net\/tesis\/wp-json\/wp\/v2\/types\/post"}],"author":[{"embeddable":true,"href":"https:\/\/www.deberes.net\/tesis\/wp-json\/wp\/v2\/users\/1"}],"replies":[{"embeddable":true,"href":"https:\/\/www.deberes.net\/tesis\/wp-json\/wp\/v2\/comments?post=76254"}],"version-history":[{"count":0,"href":"https:\/\/www.deberes.net\/tesis\/wp-json\/wp\/v2\/posts\/76254\/revisions"}],"wp:attachment":[{"href":"https:\/\/www.deberes.net\/tesis\/wp-json\/wp\/v2\/media?parent=76254"}],"wp:term":[{"taxonomy":"category","embeddable":true,"href":"https:\/\/www.deberes.net\/tesis\/wp-json\/wp\/v2\/categories?post=76254"},{"taxonomy":"post_tag","embeddable":true,"href":"https:\/\/www.deberes.net\/tesis\/wp-json\/wp\/v2\/tags?post=76254"}],"curies":[{"name":"wp","href":"https:\/\/api.w.org\/{rel}","templated":true}]}}