{"id":76281,"date":"2018-03-09T23:21:39","date_gmt":"2018-03-09T23:21:39","guid":{"rendered":"https:\/\/www.deberes.net\/tesis\/sin-categoria\/angel-gonzalez-once-anos-de-poesa%c2%ada-1956-1967\/"},"modified":"2018-03-09T23:21:39","modified_gmt":"2018-03-09T23:21:39","slug":"angel-gonzalez-once-anos-de-poesa%c2%ada-1956-1967","status":"publish","type":"post","link":"https:\/\/www.deberes.net\/tesis\/ciencias-de-las-artes-y-las-letras\/angel-gonzalez-once-anos-de-poesa%c2%ada-1956-1967\/","title":{"rendered":"\u00e1ngel gonz\u00e1lez: once a\u00f1os de poes\u00eda, 1956-1967"},"content":{"rendered":"<h2>Tesis doctoral de <strong> Pablo Carriedo Castro <\/strong><\/h2>\n<p>\u00e1ngel gonz\u00e1lez: once a\u00f1os de poes\u00eda. 1956-1967 aborda la primera etapa del autor asturiano desde un enfoque hist\u00f3rico-normativo, nuevo entre la abundante bibliograf\u00eda sobre el poeta. El estudio trata de aunar una metodolog\u00eda sociol\u00f3gica, integrando la descripci\u00f3n formal y expresiva, as\u00edc omo las tipolog\u00edas y recursos ling\u00ed\u00bc\u00edsticos m\u00e1s significados de \u00e1ngel gonz\u00e1lez, en el marco hist\u00f3rico de la posguerra, coincidiendo con las etapas de formaci\u00f3n, desarrollo y acceso de la llamada est\u00e9tica social en la literatura espa\u00f1ola.<\/p>\n<p>&nbsp;<\/p>\n<h3>Datos acad\u00e9micos de la tesis doctoral \u00ab<strong>\u00e1ngel gonz\u00e1lez: once a\u00f1os de poes\u00eda, 1956-1967<\/strong>\u00ab<\/h3>\n<ul>\n<li><strong>T\u00edtulo de la tesis:<\/strong>\u00a0 \u00e1ngel gonz\u00e1lez: once a\u00f1os de poes\u00eda, 1956-1967 <\/li>\n<li><strong>Autor:<\/strong>\u00a0 Pablo Carriedo Castro <\/li>\n<li><strong>Universidad:<\/strong>\u00a0 Le\u00f3n<\/li>\n<li><strong>Fecha de lectura de la tesis:<\/strong>\u00a0 22\/09\/2005<\/li>\n<\/ul>\n<p>&nbsp;<\/p>\n<h3>Direcci\u00f3n y tribunal<\/h3>\n<ul>\n<li><strong>Director de la tesis<\/strong>\n<ul>\n<li>Juan Matas Caballero<\/li>\n<\/ul>\n<\/li>\n<li><strong>Tribunal<\/strong>\n<ul>\n<li>Presidente del tribunal: julio Rodriguez puertolas <\/li>\n<li> D\u00edez fernnadez Jos\u00e9 ignacio (vocal)<\/li>\n<li>Jos\u00e9 Mar\u00eda Balcells dom\u00e9nech (vocal)<\/li>\n<li>raquel Arias careaga (vocal)<\/li>\n<\/ul>\n<\/li>\n<\/ul>\n<p>&nbsp;<\/p>\n","protected":false},"excerpt":{"rendered":"<p>Tesis doctoral de Pablo Carriedo Castro \u00e1ngel gonz\u00e1lez: once a\u00f1os de poes\u00eda. 1956-1967 aborda la primera etapa del autor asturiano [&hellip;]<\/p>\n","protected":false},"author":1,"featured_media":0,"comment_status":"open","ping_status":"open","sticky":false,"template":"","format":"standard","meta":{"site-sidebar-layout":"default","site-content-layout":"","ast-site-content-layout":"","site-content-style":"default","site-sidebar-style":"default","ast-global-header-display":"","ast-banner-title-visibility":"","ast-main-header-display":"","ast-hfb-above-header-display":"","ast-hfb-below-header-display":"","ast-hfb-mobile-header-display":"","site-post-title":"","ast-breadcrumbs-content":"","ast-featured-img":"","footer-sml-layout":"","theme-transparent-header-meta":"","adv-header-id-meta":"","stick-header-meta":"","header-above-stick-meta":"","header-main-stick-meta":"","header-below-stick-meta":"","astra-migrate-meta-layouts":"default","ast-page-background-enabled":"default","ast-page-background-meta":{"desktop":{"background-color":"var(--ast-global-color-4)","background-image":"","background-repeat":"repeat","background-position":"center center","background-size":"auto","background-attachment":"scroll","background-type":"","background-media":"","overlay-type":"","overlay-color":"","overlay-gradient":""},"tablet":{"background-color":"","background-image":"","background-repeat":"repeat","background-position":"center center","background-size":"auto","background-attachment":"scroll","background-type":"","background-media":"","overlay-type":"","overlay-color":"","overlay-gradient":""},"mobile":{"background-color":"","background-image":"","background-repeat":"repeat","background-position":"center center","background-size":"auto","background-attachment":"scroll","background-type":"","background-media":"","overlay-type":"","overlay-color":"","overlay-gradient":""}},"ast-content-background-meta":{"desktop":{"background-color":"var(--ast-global-color-5)","background-image":"","background-repeat":"repeat","background-position":"center center","background-size":"auto","background-attachment":"scroll","background-type":"","background-media":"","overlay-type":"","overlay-color":"","overlay-gradient":""},"tablet":{"background-color":"var(--ast-global-color-5)","background-image":"","background-repeat":"repeat","background-position":"center center","background-size":"auto","background-attachment":"scroll","background-type":"","background-media":"","overlay-type":"","overlay-color":"","overlay-gradient":""},"mobile":{"background-color":"var(--ast-global-color-5)","background-image":"","background-repeat":"repeat","background-position":"center center","background-size":"auto","background-attachment":"scroll","background-type":"","background-media":"","overlay-type":"","overlay-color":"","overlay-gradient":""}},"footnotes":""},"categories":[148,147,149,2965,4430,269,2232,2231,628],"tags":[164629,53398,38048,14625,124906,105195],"class_list":["post-76281","post","type-post","status-publish","format-standard","hentry","category-analisis-literario","category-ciencias-de-las-artes-y-las-letras","category-critica-de-textos","category-estilo-y-estetica-literarios","category-leon","category-sociologia","category-sociologia-cultural","category-sociologia-de-la-literatura","category-teoria-analisis-y-critica-literarios","tag-diez-fernnadez-jose-ignacio","tag-jose-maria-balcells-domenech","tag-juan-matas-caballero","tag-julio-rodriguez-puertolas","tag-pablo-carriedo-castro","tag-raquel-arias-careaga"],"_links":{"self":[{"href":"https:\/\/www.deberes.net\/tesis\/wp-json\/wp\/v2\/posts\/76281","targetHints":{"allow":["GET"]}}],"collection":[{"href":"https:\/\/www.deberes.net\/tesis\/wp-json\/wp\/v2\/posts"}],"about":[{"href":"https:\/\/www.deberes.net\/tesis\/wp-json\/wp\/v2\/types\/post"}],"author":[{"embeddable":true,"href":"https:\/\/www.deberes.net\/tesis\/wp-json\/wp\/v2\/users\/1"}],"replies":[{"embeddable":true,"href":"https:\/\/www.deberes.net\/tesis\/wp-json\/wp\/v2\/comments?post=76281"}],"version-history":[{"count":0,"href":"https:\/\/www.deberes.net\/tesis\/wp-json\/wp\/v2\/posts\/76281\/revisions"}],"wp:attachment":[{"href":"https:\/\/www.deberes.net\/tesis\/wp-json\/wp\/v2\/media?parent=76281"}],"wp:term":[{"taxonomy":"category","embeddable":true,"href":"https:\/\/www.deberes.net\/tesis\/wp-json\/wp\/v2\/categories?post=76281"},{"taxonomy":"post_tag","embeddable":true,"href":"https:\/\/www.deberes.net\/tesis\/wp-json\/wp\/v2\/tags?post=76281"}],"curies":[{"name":"wp","href":"https:\/\/api.w.org\/{rel}","templated":true}]}}