{"id":76304,"date":"2018-03-09T23:21:39","date_gmt":"2018-03-09T23:21:39","guid":{"rendered":"https:\/\/www.deberes.net\/tesis\/sin-categoria\/la-gestion-integral-de-la-calidad-el-medio-ambiente-y-la-prevencion-de-riesgos-laborales-en-las-organizaciones-elementos-situacion-actual-y-aproximacion-practica\/"},"modified":"2018-03-09T23:21:39","modified_gmt":"2018-03-09T23:21:39","slug":"la-gestion-integral-de-la-calidad-el-medio-ambiente-y-la-prevencion-de-riesgos-laborales-en-las-organizaciones-elementos-situacion-actual-y-aproximacion-practica","status":"publish","type":"post","link":"https:\/\/www.deberes.net\/tesis\/ciencias-economicas\/la-gestion-integral-de-la-calidad-el-medio-ambiente-y-la-prevencion-de-riesgos-laborales-en-las-organizaciones-elementos-situacion-actual-y-aproximacion-practica\/","title":{"rendered":"La gesti\u00f3n integral de la calidad, el medio ambiente y la prevenci\u00f3n de riesgos laborales en las organizaci\u00f3nes elementos, situaci\u00f3n actual y aproximaci\u00f3n pr\u00e1ctica."},"content":{"rendered":"<h2>Tesis doctoral de <strong>  Mellado Romera Dolores Mar\u00eda <\/strong><\/h2>\n<p>El objetivo de esta memoria se centra en la creaci\u00f3n de un modelo para el desarrollo de un sisitema de gesti\u00f3n integrado de la calidad , el medio ambiente y la prevenci\u00f3n de riesgos laborales en las organizaciones. Un sistema de gesti\u00f3n integrado permite la consecuci\u00f3n de una serie de ventajeas tales ocmo evitar duplicaciones innecesarias de documentaci\u00f3n o mejora de la imagen de la empresa. En general, la integraci\u00f3n de los sistemas de gesti\u00f3n va a significar una optimazaci\u00f3n en el empleo de los recursos y una simplificaci\u00f3n de los procedimientos de trabajo, trat\u00e1ndose as\u00ed de un buen indicador de eficiencia en la gesti\u00f3n de la organizaci\u00f3n. El conjunto de los objetivos m\u00e1s espec\u00edficos se resumen en los siguientes puntos.  &#8211; estudiar los principios de gesti\u00f3n en los que se basa en desarrollo de un sistema de gesti\u00f3n integrado.  &#8211; pressentar las propuestas (normas, gu\u00edas , directrices , etc,)m\u00e1s interesantes que , tanto a nivel nacional como internacional, han ido surgiendo en los \u00faltimos a\u00f1os sobre integraci\u00f3n de sistemas de gesti\u00f3n.  &#8211; conocer la situaci\u00f3n actual de la integraci\u00f3n de los sistemas de gesti\u00f3n de la calidad y\/o medioambiental y\/o de la prevenci\u00f3n de riesgos laborales en las empresas andaluzas , a trav\u00e9s de la realizaci\u00f3n de una encuesta.  &#8211; conocer las caracter\u00edsticas clave de una empresa con influencia significativa en el desarrollo de un sistema de gesti\u00f3n integrado.  &#8211; estudiar la responsabilidad social corporativa, por su importancia como otro aspecto a gestionar dentro del sistema de gesti\u00f3n integrado.<\/p>\n<p>&nbsp;<\/p>\n<h3>Datos acad\u00e9micos de la tesis doctoral \u00ab<strong>La gesti\u00f3n integral de la calidad, el medio ambiente y la prevenci\u00f3n de riesgos laborales en las organizaci\u00f3nes elementos, situaci\u00f3n actual y aproximaci\u00f3n pr\u00e1ctica.<\/strong>\u00ab<\/h3>\n<ul>\n<li><strong>T\u00edtulo de la tesis:<\/strong>\u00a0 La gesti\u00f3n integral de la calidad, el medio ambiente y la prevenci\u00f3n de riesgos laborales en las organizaci\u00f3nes elementos, situaci\u00f3n actual y aproximaci\u00f3n pr\u00e1ctica. <\/li>\n<li><strong>Autor:<\/strong>\u00a0  Mellado Romera Dolores Mar\u00eda <\/li>\n<li><strong>Universidad:<\/strong>\u00a0 C\u00f3rdoba<\/li>\n<li><strong>Fecha de lectura de la tesis:<\/strong>\u00a0 23\/09\/2005<\/li>\n<\/ul>\n<p>&nbsp;<\/p>\n<h3>Direcci\u00f3n y tribunal<\/h3>\n<ul>\n<li><strong>Director de la tesis<\/strong>\n<ul>\n<li>Miguel Valcarcel Cases<\/li>\n<\/ul>\n<\/li>\n<li><strong>Tribunal<\/strong>\n<ul>\n<li>Presidente del tribunal: aldo (secretario) Borsese <\/li>\n<li>Mar\u00eda  soledad Cardenas aranzana (vocal)<\/li>\n<li>Luis Amador hidalgo (vocal)<\/li>\n<li>  (vocal)<\/li>\n<\/ul>\n<\/li>\n<\/ul>\n<p>&nbsp;<\/p>\n","protected":false},"excerpt":{"rendered":"<p>Tesis doctoral de Mellado Romera Dolores Mar\u00eda El objetivo de esta memoria se centra en la creaci\u00f3n de un modelo [&hellip;]<\/p>\n","protected":false},"author":1,"featured_media":0,"comment_status":"open","ping_status":"open","sticky":false,"template":"","format":"standard","meta":{"site-sidebar-layout":"default","site-content-layout":"","ast-site-content-layout":"","site-content-style":"default","site-sidebar-style":"default","ast-global-header-display":"","ast-banner-title-visibility":"","ast-main-header-display":"","ast-hfb-above-header-display":"","ast-hfb-below-header-display":"","ast-hfb-mobile-header-display":"","site-post-title":"","ast-breadcrumbs-content":"","ast-featured-img":"","footer-sml-layout":"","theme-transparent-header-meta":"","adv-header-id-meta":"","stick-header-meta":"","header-above-stick-meta":"","header-main-stick-meta":"","header-below-stick-meta":"","astra-migrate-meta-layouts":"default","ast-page-background-enabled":"default","ast-page-background-meta":{"desktop":{"background-color":"var(--ast-global-color-4)","background-image":"","background-repeat":"repeat","background-position":"center center","background-size":"auto","background-attachment":"scroll","background-type":"","background-media":"","overlay-type":"","overlay-color":"","overlay-gradient":""},"tablet":{"background-color":"","background-image":"","background-repeat":"repeat","background-position":"center center","background-size":"auto","background-attachment":"scroll","background-type":"","background-media":"","overlay-type":"","overlay-color":"","overlay-gradient":""},"mobile":{"background-color":"","background-image":"","background-repeat":"repeat","background-position":"center center","background-size":"auto","background-attachment":"scroll","background-type":"","background-media":"","overlay-type":"","overlay-color":"","overlay-gradient":""}},"ast-content-background-meta":{"desktop":{"background-color":"var(--ast-global-color-5)","background-image":"","background-repeat":"repeat","background-position":"center center","background-size":"auto","background-attachment":"scroll","background-type":"","background-media":"","overlay-type":"","overlay-color":"","overlay-gradient":""},"tablet":{"background-color":"var(--ast-global-color-5)","background-image":"","background-repeat":"repeat","background-position":"center center","background-size":"auto","background-attachment":"scroll","background-type":"","background-media":"","overlay-type":"","overlay-color":"","overlay-gradient":""},"mobile":{"background-color":"var(--ast-global-color-5)","background-image":"","background-repeat":"repeat","background-position":"center center","background-size":"auto","background-attachment":"scroll","background-type":"","background-media":"","overlay-type":"","overlay-color":"","overlay-gradient":""}},"footnotes":""},"categories":[82,332,973,8646,17875,17874,6525,1302,16869,2453],"tags":[164671,20724,119167,164670,1685],"class_list":["post-76304","post","type-post","status-publish","format-standard","hentry","category-ciencias-economicas","category-ciencias-tecnologicas","category-cordoba","category-etica","category-etica-de-grupo","category-etica-economica","category-organizacion-de-la-produccion","category-organizacion-y-gestion-de-empresas","category-procesos-industriales","category-tecnologia-industrial","tag-aldo-secretario-borsese","tag-luis-amador-hidalgo","tag-maria-soledad-cardenas-aranzana","tag-mellado-romera-dolores-maria","tag-miguel-valcarcel-cases"],"_links":{"self":[{"href":"https:\/\/www.deberes.net\/tesis\/wp-json\/wp\/v2\/posts\/76304","targetHints":{"allow":["GET"]}}],"collection":[{"href":"https:\/\/www.deberes.net\/tesis\/wp-json\/wp\/v2\/posts"}],"about":[{"href":"https:\/\/www.deberes.net\/tesis\/wp-json\/wp\/v2\/types\/post"}],"author":[{"embeddable":true,"href":"https:\/\/www.deberes.net\/tesis\/wp-json\/wp\/v2\/users\/1"}],"replies":[{"embeddable":true,"href":"https:\/\/www.deberes.net\/tesis\/wp-json\/wp\/v2\/comments?post=76304"}],"version-history":[{"count":0,"href":"https:\/\/www.deberes.net\/tesis\/wp-json\/wp\/v2\/posts\/76304\/revisions"}],"wp:attachment":[{"href":"https:\/\/www.deberes.net\/tesis\/wp-json\/wp\/v2\/media?parent=76304"}],"wp:term":[{"taxonomy":"category","embeddable":true,"href":"https:\/\/www.deberes.net\/tesis\/wp-json\/wp\/v2\/categories?post=76304"},{"taxonomy":"post_tag","embeddable":true,"href":"https:\/\/www.deberes.net\/tesis\/wp-json\/wp\/v2\/tags?post=76304"}],"curies":[{"name":"wp","href":"https:\/\/api.w.org\/{rel}","templated":true}]}}