{"id":76310,"date":"2018-03-09T23:21:39","date_gmt":"2018-03-09T23:21:39","guid":{"rendered":"https:\/\/www.deberes.net\/tesis\/sin-categoria\/las-relaciones-entre-la-ciencia-la-tecnologa%c2%ada-y-la-sociedad-un-estudio-de-la-controversia-sobre-los-organismos-modificados-geneticamente\/"},"modified":"2018-03-09T23:21:39","modified_gmt":"2018-03-09T23:21:39","slug":"las-relaciones-entre-la-ciencia-la-tecnologa%c2%ada-y-la-sociedad-un-estudio-de-la-controversia-sobre-los-organismos-modificados-geneticamente","status":"publish","type":"post","link":"https:\/\/www.deberes.net\/tesis\/sociologia\/las-relaciones-entre-la-ciencia-la-tecnologa%c2%ada-y-la-sociedad-un-estudio-de-la-controversia-sobre-los-organismos-modificados-geneticamente\/","title":{"rendered":"Las relaciones entre la ciencia, la tecnolog\u00eda y la sociedad. un estudio de la controversia sobre los organismos modificados gen\u00e9ticamente"},"content":{"rendered":"<h2>Tesis doctoral de <strong> J\u00f3sean Larri\u00f3n Cartujo <\/strong><\/h2>\n<p>En esta investigaci\u00f3n me ocupo del problema sustantivo de las relaciones entre la ciencia, la tecnolog\u00eda y la socieda.Inicialmente, presento la interrogante te\u00f3rico principal y relato el estado de la cuesti\u00f3n y de la discusi\u00f3n en el estudio desde las ciencias sociales de las relaciones entre la ciencia, la tecnolog\u00eda y la sociedad.Despu\u00e9s, muestro los objetivos, la hip\u00f3tesis de trabajo, la metodolog\u00eda y las caracter\u00edsticasl gen\u00e9ricas de un objeto de estudjio emp\u00edricamente relevante como lo es la controversia sobre los organismos modificados gen\u00e9ticamente (omg).Seguidamente, expongo c\u00f3mo los productos derivados del paradigma domiante de la nueva ingenier\u00eda gen\u00e9tica influyen en el devenir de las sociedades occidentales actuales.Con posterioridad, de un modo inverso, muestro c\u00f3mo los factores sociales , pol\u00edticos y econ\u00f3micos posibilitan y condicionan la formaci\u00f3n supuestamente interna de estos mismos productos.Por \u00faltimo, me interrogo acerca de c\u00f3mo es posible que , cuando menos de momento , no se haya asistido al cierre de esta misma pol\u00e9mica general.En concreto , expongo y analizo los tres modelos interpretatiovos m\u00e1s relevantes y clarificadores.De modo que la posible clausura futura de esta pol\u00e9mica podr\u00eda ser b\u00e1sicamente racional y emp\u00edrica, principalmente interesada y sujeta a n\u00edtidas e intensas ralaciones de fuerza, o esencialmente cultural y valorativa.Con lo cual , una de las cuestiones sociol\u00f3gicas m\u00e1s importantes no consiste en procurar dilucidar qu\u00e9 posici\u00f3n cientif\u00edca y t\u00e9cnica lleva m\u00e1s o menos raz\u00f3n o posee m\u00e1s o menos verdad sino en preguntar c\u00f3mo desde la teor\u00eda sociol\u00f3gica actual puede comprenderse y explicarse de una manera plausible la existencia y la persistencia de unas posiciones sient\u00edficas y t\u00e9cnicas tan divergentes e incluso contradictorias respecto del diagn\u00f3stico de las posibles consecuencias humanas y ambientales adversas derivadas de la libre proliferaci\u00f3n mundial de lo<\/p>\n<p>&nbsp;<\/p>\n<h3>Datos acad\u00e9micos de la tesis doctoral \u00ab<strong>Las relaciones entre la ciencia, la tecnolog\u00eda y la sociedad. un estudio de la controversia sobre los organismos modificados gen\u00e9ticamente<\/strong>\u00ab<\/h3>\n<ul>\n<li><strong>T\u00edtulo de la tesis:<\/strong>\u00a0 Las relaciones entre la ciencia, la tecnolog\u00eda y la sociedad. un estudio de la controversia sobre los organismos modificados gen\u00e9ticamente <\/li>\n<li><strong>Autor:<\/strong>\u00a0 J\u00f3sean Larri\u00f3n Cartujo <\/li>\n<li><strong>Universidad:<\/strong>\u00a0 Complutense de Madrid<\/li>\n<li><strong>Fecha de lectura de la tesis:<\/strong>\u00a0 23\/09\/2005<\/li>\n<\/ul>\n<p>&nbsp;<\/p>\n<h3>Direcci\u00f3n y tribunal<\/h3>\n<ul>\n<li><strong>Director de la tesis<\/strong>\n<ul>\n<li> Dominguez S\u00e1nchez Pinilla Mario<\/li>\n<\/ul>\n<\/li>\n<li><strong>Tribunal<\/strong>\n<ul>\n<li>Presidente del tribunal: ram\u00f3n Ramos torre <\/li>\n<li>ignacio Sanchez de la yncera (vocal)<\/li>\n<li>Miguel Beltran villalba (vocal)<\/li>\n<li>Emilio Mu\u00f1oz ruiz (vocal)<\/li>\n<\/ul>\n<\/li>\n<\/ul>\n<p>&nbsp;<\/p>\n","protected":false},"excerpt":{"rendered":"<p>Tesis doctoral de J\u00f3sean Larri\u00f3n Cartujo En esta investigaci\u00f3n me ocupo del problema sustantivo de las relaciones entre la ciencia, [&hellip;]<\/p>\n","protected":false},"author":1,"featured_media":0,"comment_status":"open","ping_status":"open","sticky":false,"template":"","format":"standard","meta":{"site-sidebar-layout":"default","site-content-layout":"","ast-site-content-layout":"","site-content-style":"default","site-sidebar-style":"default","ast-global-header-display":"","ast-banner-title-visibility":"","ast-main-header-display":"","ast-hfb-above-header-display":"","ast-hfb-below-header-display":"","ast-hfb-mobile-header-display":"","site-post-title":"","ast-breadcrumbs-content":"","ast-featured-img":"","footer-sml-layout":"","theme-transparent-header-meta":"","adv-header-id-meta":"","stick-header-meta":"","header-above-stick-meta":"","header-main-stick-meta":"","header-below-stick-meta":"","astra-migrate-meta-layouts":"default","ast-page-background-enabled":"default","ast-page-background-meta":{"desktop":{"background-color":"var(--ast-global-color-4)","background-image":"","background-repeat":"repeat","background-position":"center center","background-size":"auto","background-attachment":"scroll","background-type":"","background-media":"","overlay-type":"","overlay-color":"","overlay-gradient":""},"tablet":{"background-color":"","background-image":"","background-repeat":"repeat","background-position":"center center","background-size":"auto","background-attachment":"scroll","background-type":"","background-media":"","overlay-type":"","overlay-color":"","overlay-gradient":""},"mobile":{"background-color":"","background-image":"","background-repeat":"repeat","background-position":"center center","background-size":"auto","background-attachment":"scroll","background-type":"","background-media":"","overlay-type":"","overlay-color":"","overlay-gradient":""}},"ast-content-background-meta":{"desktop":{"background-color":"var(--ast-global-color-5)","background-image":"","background-repeat":"repeat","background-position":"center center","background-size":"auto","background-attachment":"scroll","background-type":"","background-media":"","overlay-type":"","overlay-color":"","overlay-gradient":""},"tablet":{"background-color":"var(--ast-global-color-5)","background-image":"","background-repeat":"repeat","background-position":"center center","background-size":"auto","background-attachment":"scroll","background-type":"","background-media":"","overlay-type":"","overlay-color":"","overlay-gradient":""},"mobile":{"background-color":"var(--ast-global-color-5)","background-image":"","background-repeat":"repeat","background-position":"center center","background-size":"auto","background-attachment":"scroll","background-type":"","background-media":"","overlay-type":"","overlay-color":"","overlay-gradient":""}},"footnotes":""},"categories":[269,22820,1496,270,17329],"tags":[92563,14334,43876,164684,5658,7401],"class_list":["post-76310","post","type-post","status-publish","format-standard","hentry","category-sociologia","category-sociologia-de-la-ciencia","category-sociologia-del-trabajo","category-sociologia-general","category-teoria-sociologica","tag-dominguez-sanchez-pinilla-mario","tag-emilio-munoz-ruiz","tag-ignacio-sanchez-de-la-yncera","tag-josean-larrion-cartujo","tag-miguel-beltran-villalba","tag-ramon-ramos-torre"],"_links":{"self":[{"href":"https:\/\/www.deberes.net\/tesis\/wp-json\/wp\/v2\/posts\/76310","targetHints":{"allow":["GET"]}}],"collection":[{"href":"https:\/\/www.deberes.net\/tesis\/wp-json\/wp\/v2\/posts"}],"about":[{"href":"https:\/\/www.deberes.net\/tesis\/wp-json\/wp\/v2\/types\/post"}],"author":[{"embeddable":true,"href":"https:\/\/www.deberes.net\/tesis\/wp-json\/wp\/v2\/users\/1"}],"replies":[{"embeddable":true,"href":"https:\/\/www.deberes.net\/tesis\/wp-json\/wp\/v2\/comments?post=76310"}],"version-history":[{"count":0,"href":"https:\/\/www.deberes.net\/tesis\/wp-json\/wp\/v2\/posts\/76310\/revisions"}],"wp:attachment":[{"href":"https:\/\/www.deberes.net\/tesis\/wp-json\/wp\/v2\/media?parent=76310"}],"wp:term":[{"taxonomy":"category","embeddable":true,"href":"https:\/\/www.deberes.net\/tesis\/wp-json\/wp\/v2\/categories?post=76310"},{"taxonomy":"post_tag","embeddable":true,"href":"https:\/\/www.deberes.net\/tesis\/wp-json\/wp\/v2\/tags?post=76310"}],"curies":[{"name":"wp","href":"https:\/\/api.w.org\/{rel}","templated":true}]}}