{"id":76325,"date":"2018-03-09T23:21:43","date_gmt":"2018-03-09T23:21:43","guid":{"rendered":"https:\/\/www.deberes.net\/tesis\/sin-categoria\/martinez-lopez-contra-salva-analisis-de-una-polemica\/"},"modified":"2018-03-09T23:21:43","modified_gmt":"2018-03-09T23:21:43","slug":"Martinez-lopez-contra-salva-analisis-de-una-polemica","status":"publish","type":"post","link":"https:\/\/www.deberes.net\/tesis\/linguistica\/Martinez-lopez-contra-salva-analisis-de-una-polemica\/","title":{"rendered":"Mart\u00ednez l\u00f3pez contra salv\u00e1: an\u00e1lisis de una pol\u00e9mica."},"content":{"rendered":"<h2>Tesis doctoral de <strong> Adri\u00e1n \u00e1lvarez Fern\u00e1ndez <\/strong><\/h2>\n<p>En esta tesis se analiza con detalle y documentadamente la pol\u00e9mica entre pedro mart\u00ednez l\u00f3pez y vicente salv\u00e1, mediante el estudio de sus obras y de las referencias mutuas que en ellas introducen. La investigaci\u00f3n se centra en dos trabajos de mart\u00ednez l\u00f3pez, de car\u00e1cter lexicogr\u00e1fico, que tienen como objeto principal los diccionarios de vicente salv\u00e1.  en la obra se determina la justicia de la cr\u00edtica de mart\u00ednez l\u00f3pez a viente salv\u00e1 y sus posibles repercusiones. Para ello es indispensable tener en cuenta la obra lexicogr\u00e1fica de la academia, por ser la fuente principal de las obras lexicogr\u00e1ficas de vicente salv\u00e1 y elemento clave para comprender la cr\u00edtica de pedro mart\u00ednez l\u00f3pez.<\/p>\n<p>&nbsp;<\/p>\n<h3>Datos acad\u00e9micos de la tesis doctoral \u00ab<strong>Mart\u00ednez l\u00f3pez contra salv\u00e1: an\u00e1lisis de una pol\u00e9mica.<\/strong>\u00ab<\/h3>\n<ul>\n<li><strong>T\u00edtulo de la tesis:<\/strong>\u00a0 Mart\u00ednez l\u00f3pez contra salv\u00e1: an\u00e1lisis de una pol\u00e9mica. <\/li>\n<li><strong>Autor:<\/strong>\u00a0 Adri\u00e1n \u00e1lvarez Fern\u00e1ndez <\/li>\n<li><strong>Universidad:<\/strong>\u00a0 Vigo<\/li>\n<li><strong>Fecha de lectura de la tesis:<\/strong>\u00a0 23\/09\/2005<\/li>\n<\/ul>\n<p>&nbsp;<\/p>\n<h3>Direcci\u00f3n y tribunal<\/h3>\n<ul>\n<li><strong>Director de la tesis<\/strong>\n<ul>\n<li>Miguel \u00e1ngel Esparza Torres<\/li>\n<\/ul>\n<\/li>\n<li><strong>Tribunal<\/strong>\n<ul>\n<li>Presidente del tribunal: josef Niederehe hans <\/li>\n<li>covadonga L\u00f3pez alonso (vocal)<\/li>\n<li>Fernando \u00e1ngel L\u00e1zaro mora (vocal)<\/li>\n<li>Mar\u00eda  do carmo Enriquez salido (vocal)<\/li>\n<\/ul>\n<\/li>\n<\/ul>\n<p>&nbsp;<\/p>\n","protected":false},"excerpt":{"rendered":"<p>Tesis doctoral de Adri\u00e1n \u00e1lvarez Fern\u00e1ndez En esta tesis se analiza con detalle y documentadamente la pol\u00e9mica entre pedro mart\u00ednez [&hellip;]<\/p>\n","protected":false},"author":1,"featured_media":0,"comment_status":"open","ping_status":"open","sticky":false,"template":"","format":"standard","meta":{"site-sidebar-layout":"default","site-content-layout":"","ast-site-content-layout":"","site-content-style":"default","site-sidebar-style":"default","ast-global-header-display":"","ast-banner-title-visibility":"","ast-main-header-display":"","ast-hfb-above-header-display":"","ast-hfb-below-header-display":"","ast-hfb-mobile-header-display":"","site-post-title":"","ast-breadcrumbs-content":"","ast-featured-img":"","footer-sml-layout":"","theme-transparent-header-meta":"","adv-header-id-meta":"","stick-header-meta":"","header-above-stick-meta":"","header-main-stick-meta":"","header-below-stick-meta":"","astra-migrate-meta-layouts":"default","ast-page-background-enabled":"default","ast-page-background-meta":{"desktop":{"background-color":"var(--ast-global-color-4)","background-image":"","background-repeat":"repeat","background-position":"center center","background-size":"auto","background-attachment":"scroll","background-type":"","background-media":"","overlay-type":"","overlay-color":"","overlay-gradient":""},"tablet":{"background-color":"","background-image":"","background-repeat":"repeat","background-position":"center center","background-size":"auto","background-attachment":"scroll","background-type":"","background-media":"","overlay-type":"","overlay-color":"","overlay-gradient":""},"mobile":{"background-color":"","background-image":"","background-repeat":"repeat","background-position":"center center","background-size":"auto","background-attachment":"scroll","background-type":"","background-media":"","overlay-type":"","overlay-color":"","overlay-gradient":""}},"ast-content-background-meta":{"desktop":{"background-color":"var(--ast-global-color-5)","background-image":"","background-repeat":"repeat","background-position":"center center","background-size":"auto","background-attachment":"scroll","background-type":"","background-media":"","overlay-type":"","overlay-color":"","overlay-gradient":""},"tablet":{"background-color":"var(--ast-global-color-5)","background-image":"","background-repeat":"repeat","background-position":"center center","background-size":"auto","background-attachment":"scroll","background-type":"","background-media":"","overlay-type":"","overlay-color":"","overlay-gradient":""},"mobile":{"background-color":"var(--ast-global-color-5)","background-image":"","background-repeat":"repeat","background-position":"center center","background-size":"auto","background-attachment":"scroll","background-type":"","background-media":"","overlay-type":"","overlay-color":"","overlay-gradient":""}},"footnotes":""},"categories":[104,3824,106,222,5914,2301,59,423,590,62,18657],"tags":[164709,4623,3141,164710,101372,36184],"class_list":["post-76325","post","type-post","status-publish","format-standard","hentry","category-historia","category-historia-de-la-linguistica","category-historia-general","category-historias-especializadas","category-historiografia","category-lexicografia","category-linguistica","category-linguistica-diacronica","category-linguistica-historica","category-linguistica-sincronica","category-vigo","tag-adrian-alvarez-fernandez","tag-covadonga-lopez-alonso","tag-fernando-angel-lazaro-mora","tag-josef-niederehe-hans","tag-maria-do-carmo-enriquez-salido","tag-miguel-angel-esparza-torres"],"_links":{"self":[{"href":"https:\/\/www.deberes.net\/tesis\/wp-json\/wp\/v2\/posts\/76325","targetHints":{"allow":["GET"]}}],"collection":[{"href":"https:\/\/www.deberes.net\/tesis\/wp-json\/wp\/v2\/posts"}],"about":[{"href":"https:\/\/www.deberes.net\/tesis\/wp-json\/wp\/v2\/types\/post"}],"author":[{"embeddable":true,"href":"https:\/\/www.deberes.net\/tesis\/wp-json\/wp\/v2\/users\/1"}],"replies":[{"embeddable":true,"href":"https:\/\/www.deberes.net\/tesis\/wp-json\/wp\/v2\/comments?post=76325"}],"version-history":[{"count":0,"href":"https:\/\/www.deberes.net\/tesis\/wp-json\/wp\/v2\/posts\/76325\/revisions"}],"wp:attachment":[{"href":"https:\/\/www.deberes.net\/tesis\/wp-json\/wp\/v2\/media?parent=76325"}],"wp:term":[{"taxonomy":"category","embeddable":true,"href":"https:\/\/www.deberes.net\/tesis\/wp-json\/wp\/v2\/categories?post=76325"},{"taxonomy":"post_tag","embeddable":true,"href":"https:\/\/www.deberes.net\/tesis\/wp-json\/wp\/v2\/tags?post=76325"}],"curies":[{"name":"wp","href":"https:\/\/api.w.org\/{rel}","templated":true}]}}