{"id":76368,"date":"2018-03-09T23:21:43","date_gmt":"2018-03-09T23:21:43","guid":{"rendered":"https:\/\/www.deberes.net\/tesis\/sin-categoria\/identidad-y-patrimonio-cultural\/"},"modified":"2018-03-09T23:21:43","modified_gmt":"2018-03-09T23:21:43","slug":"identidad-y-patrimonio-cultural","status":"publish","type":"post","link":"https:\/\/www.deberes.net\/tesis\/antropologia\/identidad-y-patrimonio-cultural\/","title":{"rendered":"Identidad y patrimonio cultural"},"content":{"rendered":"<h2>Tesis doctoral de <strong> Fernando Represa P\u00e9rez <\/strong><\/h2>\n<p>Tesis doctoral en antropolog\u00eda social que analiza la construcci\u00f3n cultural del patrimonio. Estudia su vinculaci\u00f3n a la identidad, a una identidad de \u00edndole simb\u00f3lica, pero tambi\u00e9n socioecon\u00f3mica, al servicio de proyectos nacionales y, m\u00e1s recientemente, comerciales.  se  defiende su virtualidad para la promoci\u00f3n de individuos y grupos, frente a las manipulaciones pol\u00edticas o la l\u00f3gica de mercado, dentro de un emergente contexto transnacional.  se reivindica su papel en la sociedad democr\u00e1tica para contribuir al logro de una identidad abierta articulada en torno al concepto de ciudadano.<\/p>\n<p>&nbsp;<\/p>\n<h3>Datos acad\u00e9micos de la tesis doctoral \u00ab<strong>Identidad y patrimonio cultural<\/strong>\u00ab<\/h3>\n<ul>\n<li><strong>T\u00edtulo de la tesis:<\/strong>\u00a0 Identidad y patrimonio cultural <\/li>\n<li><strong>Autor:<\/strong>\u00a0 Fernando Represa P\u00e9rez <\/li>\n<li><strong>Universidad:<\/strong>\u00a0 Burgos<\/li>\n<li><strong>Fecha de lectura de la tesis:<\/strong>\u00a0 26\/09\/2005<\/li>\n<\/ul>\n<p>&nbsp;<\/p>\n<h3>Direcci\u00f3n y tribunal<\/h3>\n<ul>\n<li><strong>Director de la tesis<\/strong>\n<ul>\n<li>Eloy G\u00f3mez Pell\u00f3n<\/li>\n<\/ul>\n<\/li>\n<li><strong>Tribunal<\/strong>\n<ul>\n<li>Presidente del tribunal: lu\u00eds \u00e1lvarez munarriz <\/li>\n<li>angel baldomero Espina barrio (vocal)<\/li>\n<li> Fern\u00e1ndez de rota y monter Jos\u00e9 Antonio (vocal)<\/li>\n<li>Antonio Fern\u00e1ndez sancha (vocal)<\/li>\n<\/ul>\n<\/li>\n<\/ul>\n<p>&nbsp;<\/p>\n","protected":false},"excerpt":{"rendered":"<p>Tesis doctoral de Fernando Represa P\u00e9rez Tesis doctoral en antropolog\u00eda social que analiza la construcci\u00f3n cultural del patrimonio. Estudia su [&hellip;]<\/p>\n","protected":false},"author":1,"featured_media":0,"comment_status":"open","ping_status":"open","sticky":false,"template":"","format":"standard","meta":{"site-sidebar-layout":"default","site-content-layout":"","ast-site-content-layout":"","site-content-style":"default","site-sidebar-style":"default","ast-global-header-display":"","ast-banner-title-visibility":"","ast-main-header-display":"","ast-hfb-above-header-display":"","ast-hfb-below-header-display":"","ast-hfb-mobile-header-display":"","site-post-title":"","ast-breadcrumbs-content":"","ast-featured-img":"","footer-sml-layout":"","theme-transparent-header-meta":"","adv-header-id-meta":"","stick-header-meta":"","header-above-stick-meta":"","header-main-stick-meta":"","header-below-stick-meta":"","astra-migrate-meta-layouts":"default","ast-page-background-enabled":"default","ast-page-background-meta":{"desktop":{"background-color":"var(--ast-global-color-4)","background-image":"","background-repeat":"repeat","background-position":"center center","background-size":"auto","background-attachment":"scroll","background-type":"","background-media":"","overlay-type":"","overlay-color":"","overlay-gradient":""},"tablet":{"background-color":"","background-image":"","background-repeat":"repeat","background-position":"center center","background-size":"auto","background-attachment":"scroll","background-type":"","background-media":"","overlay-type":"","overlay-color":"","overlay-gradient":""},"mobile":{"background-color":"","background-image":"","background-repeat":"repeat","background-position":"center center","background-size":"auto","background-attachment":"scroll","background-type":"","background-media":"","overlay-type":"","overlay-color":"","overlay-gradient":""}},"ast-content-background-meta":{"desktop":{"background-color":"var(--ast-global-color-5)","background-image":"","background-repeat":"repeat","background-position":"center center","background-size":"auto","background-attachment":"scroll","background-type":"","background-media":"","overlay-type":"","overlay-color":"","overlay-gradient":""},"tablet":{"background-color":"var(--ast-global-color-5)","background-image":"","background-repeat":"repeat","background-position":"center center","background-size":"auto","background-attachment":"scroll","background-type":"","background-media":"","overlay-type":"","overlay-color":"","overlay-gradient":""},"mobile":{"background-color":"var(--ast-global-color-5)","background-image":"","background-repeat":"repeat","background-position":"center center","background-size":"auto","background-attachment":"scroll","background-type":"","background-media":"","overlay-type":"","overlay-color":"","overlay-gradient":""}},"footnotes":""},"categories":[681,37674],"tags":[25760,164788,6759,126497,164787,8653],"class_list":["post-76368","post","type-post","status-publish","format-standard","hentry","category-antropologia","category-burgos","tag-angel-baldomero-espina-barrio","tag-antonio-fernandez-sancha","tag-eloy-gomez-pellon","tag-fernandez-de-rota-y-monter-jose-antonio","tag-fernando-represa-perez","tag-luis-alvarez-munarriz"],"_links":{"self":[{"href":"https:\/\/www.deberes.net\/tesis\/wp-json\/wp\/v2\/posts\/76368","targetHints":{"allow":["GET"]}}],"collection":[{"href":"https:\/\/www.deberes.net\/tesis\/wp-json\/wp\/v2\/posts"}],"about":[{"href":"https:\/\/www.deberes.net\/tesis\/wp-json\/wp\/v2\/types\/post"}],"author":[{"embeddable":true,"href":"https:\/\/www.deberes.net\/tesis\/wp-json\/wp\/v2\/users\/1"}],"replies":[{"embeddable":true,"href":"https:\/\/www.deberes.net\/tesis\/wp-json\/wp\/v2\/comments?post=76368"}],"version-history":[{"count":0,"href":"https:\/\/www.deberes.net\/tesis\/wp-json\/wp\/v2\/posts\/76368\/revisions"}],"wp:attachment":[{"href":"https:\/\/www.deberes.net\/tesis\/wp-json\/wp\/v2\/media?parent=76368"}],"wp:term":[{"taxonomy":"category","embeddable":true,"href":"https:\/\/www.deberes.net\/tesis\/wp-json\/wp\/v2\/categories?post=76368"},{"taxonomy":"post_tag","embeddable":true,"href":"https:\/\/www.deberes.net\/tesis\/wp-json\/wp\/v2\/tags?post=76368"}],"curies":[{"name":"wp","href":"https:\/\/api.w.org\/{rel}","templated":true}]}}