{"id":76375,"date":"2018-03-09T23:21:47","date_gmt":"2018-03-09T23:21:47","guid":{"rendered":"https:\/\/www.deberes.net\/tesis\/sin-categoria\/la-proteccion-social-de-la-dependencia\/"},"modified":"2018-03-09T23:21:47","modified_gmt":"2018-03-09T23:21:47","slug":"la-proteccion-social-de-la-dependencia","status":"publish","type":"post","link":"https:\/\/www.deberes.net\/tesis\/ciencias-juridicas-y-derecho\/la-proteccion-social-de-la-dependencia\/","title":{"rendered":"La protecci\u00f3n social de la dependencia"},"content":{"rendered":"<h2>Tesis doctoral de <strong> Inmaculada Baviera Puig <\/strong><\/h2>\n<p>La protecci\u00f3n social de la dependencia.  resumen: la dependencia constituye un fen\u00f3meno universal, de dimensiones cada vez mayores a causa del envejecimiento de la poblaci\u00f3n. En efecto, el envejecimiento -y con \u00e9l la dependencia- supone un desaf\u00edo para las pol\u00edticas sociales que se plasma en los sucesivos convenios y acuerdos existentes a nivel internacional, as\u00ed como en la legislaci\u00f3n de los diversos estados. Por este motivo, el trabajo parte del an\u00e1lisis de los documentos elaborados en torno a la ii asamblea mundial del envejecimiento, organizada por naciones unidas en Madrid, en abril de 2002, para luego desarrollar las recomendaciones del consejo de europa, as\u00ed como las resoluciones e informes de la uni\u00f3n europea.  Desde el punto de vista jur\u00eddico, un primer obst\u00e1culo para abordar el an\u00e1lisis de la dependencia es su indefinici\u00f3n como riesgo, como se pone de relieve a lo largo de la tesis. Las distintas soluciones adoptadas demuestran que se trata de una cuesti\u00f3n abierta, y en el fondo muy compleja. Si bien en un principio los estados aluden al problema econ\u00f3mico, y a la b\u00fasqueda de mecanismos adicionales de financiaci\u00f3n a la  asistencia b\u00e1sica social y sanitaria, esto no deja de ser un reduccionismo. El problema de la dependencia es, sobre todo, un problema social.  En definitiva, en esta tesis se demuestra la necesidad de proteger al tercero informal cuidador. La escasa protecci\u00f3n dispensada en espa\u00f1a a esta figura difiere de otros modelos comparados, en el \u00e1mbito de la uni\u00f3n europea, y reclama la toma de medidas adecuadas.<\/p>\n<p>&nbsp;<\/p>\n<h3>Datos acad\u00e9micos de la tesis doctoral \u00ab<strong>La protecci\u00f3n social de la dependencia<\/strong>\u00ab<\/h3>\n<ul>\n<li><strong>T\u00edtulo de la tesis:<\/strong>\u00a0 La protecci\u00f3n social de la dependencia <\/li>\n<li><strong>Autor:<\/strong>\u00a0 Inmaculada Baviera Puig <\/li>\n<li><strong>Universidad:<\/strong>\u00a0 Navarra<\/li>\n<li><strong>Fecha de lectura de la tesis:<\/strong>\u00a0 26\/09\/2005<\/li>\n<\/ul>\n<p>&nbsp;<\/p>\n<h3>Direcci\u00f3n y tribunal<\/h3>\n<ul>\n<li><strong>Director de la tesis<\/strong>\n<ul>\n<li>Antonio  Vicente Sempere Navarro<\/li>\n<\/ul>\n<\/li>\n<li><strong>Tribunal<\/strong>\n<ul>\n<li>Presidente del tribunal: Jos\u00e9 Antonio Doral garcia de pazos <\/li>\n<li>Miguel Cardenal carro (vocal)<\/li>\n<li>alejandro Llano cifuentes (vocal)<\/li>\n<li>Jos\u00e9 ignacio Garcia ninet (vocal)<\/li>\n<\/ul>\n<\/li>\n<\/ul>\n<p>&nbsp;<\/p>\n","protected":false},"excerpt":{"rendered":"<p>Tesis doctoral de Inmaculada Baviera Puig La protecci\u00f3n social de la dependencia. resumen: la dependencia constituye un fen\u00f3meno universal, de [&hellip;]<\/p>\n","protected":false},"author":1,"featured_media":0,"comment_status":"open","ping_status":"open","sticky":false,"template":"","format":"standard","meta":{"site-sidebar-layout":"default","site-content-layout":"","ast-site-content-layout":"","site-content-style":"default","site-sidebar-style":"default","ast-global-header-display":"","ast-banner-title-visibility":"","ast-main-header-display":"","ast-hfb-above-header-display":"","ast-hfb-below-header-display":"","ast-hfb-mobile-header-display":"","site-post-title":"","ast-breadcrumbs-content":"","ast-featured-img":"","footer-sml-layout":"","theme-transparent-header-meta":"","adv-header-id-meta":"","stick-header-meta":"","header-above-stick-meta":"","header-main-stick-meta":"","header-below-stick-meta":"","astra-migrate-meta-layouts":"default","ast-page-background-enabled":"default","ast-page-background-meta":{"desktop":{"background-color":"var(--ast-global-color-4)","background-image":"","background-repeat":"repeat","background-position":"center center","background-size":"auto","background-attachment":"scroll","background-type":"","background-media":"","overlay-type":"","overlay-color":"","overlay-gradient":""},"tablet":{"background-color":"","background-image":"","background-repeat":"repeat","background-position":"center center","background-size":"auto","background-attachment":"scroll","background-type":"","background-media":"","overlay-type":"","overlay-color":"","overlay-gradient":""},"mobile":{"background-color":"","background-image":"","background-repeat":"repeat","background-position":"center center","background-size":"auto","background-attachment":"scroll","background-type":"","background-media":"","overlay-type":"","overlay-color":"","overlay-gradient":""}},"ast-content-background-meta":{"desktop":{"background-color":"var(--ast-global-color-5)","background-image":"","background-repeat":"repeat","background-position":"center center","background-size":"auto","background-attachment":"scroll","background-type":"","background-media":"","overlay-type":"","overlay-color":"","overlay-gradient":""},"tablet":{"background-color":"var(--ast-global-color-5)","background-image":"","background-repeat":"repeat","background-position":"center center","background-size":"auto","background-attachment":"scroll","background-type":"","background-media":"","overlay-type":"","overlay-color":"","overlay-gradient":""},"mobile":{"background-color":"var(--ast-global-color-5)","background-image":"","background-repeat":"repeat","background-position":"center center","background-size":"auto","background-attachment":"scroll","background-type":"","background-media":"","overlay-type":"","overlay-color":"","overlay-gradient":""}},"footnotes":""},"categories":[612,17749,1295],"tags":[18060,24532,164804,17913,26862,32067],"class_list":["post-76375","post","type-post","status-publish","format-standard","hentry","category-ciencias-juridicas-y-derecho","category-navarra","category-problemas-y-conflictos-sociales","tag-alejandro-llano-cifuentes","tag-antonio-vicente-sempere-navarro","tag-inmaculada-baviera-puig","tag-jose-antonio-doral-garcia-de-pazos","tag-jose-ignacio-garcia-ninet","tag-miguel-cardenal-carro"],"_links":{"self":[{"href":"https:\/\/www.deberes.net\/tesis\/wp-json\/wp\/v2\/posts\/76375","targetHints":{"allow":["GET"]}}],"collection":[{"href":"https:\/\/www.deberes.net\/tesis\/wp-json\/wp\/v2\/posts"}],"about":[{"href":"https:\/\/www.deberes.net\/tesis\/wp-json\/wp\/v2\/types\/post"}],"author":[{"embeddable":true,"href":"https:\/\/www.deberes.net\/tesis\/wp-json\/wp\/v2\/users\/1"}],"replies":[{"embeddable":true,"href":"https:\/\/www.deberes.net\/tesis\/wp-json\/wp\/v2\/comments?post=76375"}],"version-history":[{"count":0,"href":"https:\/\/www.deberes.net\/tesis\/wp-json\/wp\/v2\/posts\/76375\/revisions"}],"wp:attachment":[{"href":"https:\/\/www.deberes.net\/tesis\/wp-json\/wp\/v2\/media?parent=76375"}],"wp:term":[{"taxonomy":"category","embeddable":true,"href":"https:\/\/www.deberes.net\/tesis\/wp-json\/wp\/v2\/categories?post=76375"},{"taxonomy":"post_tag","embeddable":true,"href":"https:\/\/www.deberes.net\/tesis\/wp-json\/wp\/v2\/tags?post=76375"}],"curies":[{"name":"wp","href":"https:\/\/api.w.org\/{rel}","templated":true}]}}