{"id":76408,"date":"2018-03-09T23:21:47","date_gmt":"2018-03-09T23:21:47","guid":{"rendered":"https:\/\/www.deberes.net\/tesis\/sin-categoria\/cambios-en-las-creencias-y-actitudes-con-respecto-al-tabaco-a-partir-de-un-programa-de-intervencion-educativa\/"},"modified":"2018-03-09T23:21:47","modified_gmt":"2018-03-09T23:21:47","slug":"cambios-en-las-creencias-y-actitudes-con-respecto-al-tabaco-a-partir-de-un-programa-de-intervencion-educativa","status":"publish","type":"post","link":"https:\/\/www.deberes.net\/tesis\/psicologia\/cambios-en-las-creencias-y-actitudes-con-respecto-al-tabaco-a-partir-de-un-programa-de-intervencion-educativa\/","title":{"rendered":"Cambios en las creencias y actitudes con respecto al tabaco a partir de un programa de intervenci\u00f3n educativa"},"content":{"rendered":"<h2>Tesis doctoral de <strong> Jorge Mariano Hu\u00e9scar <\/strong><\/h2>\n<p>Tras detectar un elevado consumo de tabaco entre los alumnos del ies \u00abdiego vel\u00e1zquez\u00bb, situado en la madrile\u00f1a localidad de torrelodones, procedimos a implantar el programa de prevenci\u00f3n de drogodependencia \u00abprevenir para vivir\u00bb a los alumnos de primer curso de educaci\u00f3n secundaria obligatoria de dicho centro educativo a trav\u00e9s de la tutor\u00edas.  hemos registrado los detalles de la implantaci\u00f3n del programa por medio del estudio de casos, analizando el contexto de referencia y utilizando diversos instrumentos para obtener datos sobre el proceso de implantaci\u00f3n en relaci\u00f3n con los tutores y  con los alumnos destinatarios de la intervenci\u00f3n preventiva.  con objeto de comprobar la efectividad del programa hemos realizado un pre-post test con un grupo de control equivalente situado en la vecina localidad de hoyo de manzanares.<\/p>\n<p>&nbsp;<\/p>\n<h3>Datos acad\u00e9micos de la tesis doctoral \u00ab<strong>Cambios en las creencias y actitudes con respecto al tabaco a partir de un programa de intervenci\u00f3n educativa<\/strong>\u00ab<\/h3>\n<ul>\n<li><strong>T\u00edtulo de la tesis:<\/strong>\u00a0 Cambios en las creencias y actitudes con respecto al tabaco a partir de un programa de intervenci\u00f3n educativa <\/li>\n<li><strong>Autor:<\/strong>\u00a0 Jorge Mariano Hu\u00e9scar <\/li>\n<li><strong>Universidad:<\/strong>\u00a0 Complutense de Madrid<\/li>\n<li><strong>Fecha de lectura de la tesis:<\/strong>\u00a0 28\/09\/2005<\/li>\n<\/ul>\n<p>&nbsp;<\/p>\n<h3>Direcci\u00f3n y tribunal<\/h3>\n<ul>\n<li><strong>Director de la tesis<\/strong>\n<ul>\n<li>Mar\u00eda Julia Bl\u00e1ndez \u00e1ngel<\/li>\n<\/ul>\n<\/li>\n<li><strong>Tribunal<\/strong>\n<ul>\n<li>Presidente del tribunal: emilia Fern\u00e1ndez garcia <\/li>\n<li>domingo Bl\u00e1zquez s\u00e1nchez (vocal)<\/li>\n<li>Santiago Romero granados (vocal)<\/li>\n<li>Fernando S\u00e1nchez ba\u00f1uelos (vocal)<\/li>\n<\/ul>\n<\/li>\n<\/ul>\n<p>&nbsp;<\/p>\n","protected":false},"excerpt":{"rendered":"<p>Tesis doctoral de Jorge Mariano Hu\u00e9scar Tras detectar un elevado consumo de tabaco entre los alumnos del ies \u00abdiego vel\u00e1zquez\u00bb, [&hellip;]<\/p>\n","protected":false},"author":1,"featured_media":0,"comment_status":"open","ping_status":"open","sticky":false,"template":"","format":"standard","meta":{"site-sidebar-layout":"default","site-content-layout":"","ast-site-content-layout":"","site-content-style":"default","site-sidebar-style":"default","ast-global-header-display":"","ast-banner-title-visibility":"","ast-main-header-display":"","ast-hfb-above-header-display":"","ast-hfb-below-header-display":"","ast-hfb-mobile-header-display":"","site-post-title":"","ast-breadcrumbs-content":"","ast-featured-img":"","footer-sml-layout":"","theme-transparent-header-meta":"","adv-header-id-meta":"","stick-header-meta":"","header-above-stick-meta":"","header-main-stick-meta":"","header-below-stick-meta":"","astra-migrate-meta-layouts":"default","ast-page-background-enabled":"default","ast-page-background-meta":{"desktop":{"background-color":"var(--ast-global-color-4)","background-image":"","background-repeat":"repeat","background-position":"center center","background-size":"auto","background-attachment":"scroll","background-type":"","background-media":"","overlay-type":"","overlay-color":"","overlay-gradient":""},"tablet":{"background-color":"","background-image":"","background-repeat":"repeat","background-position":"center center","background-size":"auto","background-attachment":"scroll","background-type":"","background-media":"","overlay-type":"","overlay-color":"","overlay-gradient":""},"mobile":{"background-color":"","background-image":"","background-repeat":"repeat","background-position":"center center","background-size":"auto","background-attachment":"scroll","background-type":"","background-media":"","overlay-type":"","overlay-color":"","overlay-gradient":""}},"ast-content-background-meta":{"desktop":{"background-color":"var(--ast-global-color-5)","background-image":"","background-repeat":"repeat","background-position":"center center","background-size":"auto","background-attachment":"scroll","background-type":"","background-media":"","overlay-type":"","overlay-color":"","overlay-gradient":""},"tablet":{"background-color":"var(--ast-global-color-5)","background-image":"","background-repeat":"repeat","background-position":"center center","background-size":"auto","background-attachment":"scroll","background-type":"","background-media":"","overlay-type":"","overlay-color":"","overlay-gradient":""},"mobile":{"background-color":"var(--ast-global-color-5)","background-image":"","background-repeat":"repeat","background-position":"center center","background-size":"auto","background-attachment":"scroll","background-type":"","background-media":"","overlay-type":"","overlay-color":"","overlay-gradient":""}},"footnotes":""},"categories":[7757,324,996],"tags":[76776,31460,41022,164868,31431,4125],"class_list":["post-76408","post","type-post","status-publish","format-standard","hentry","category-actitudes-sociales","category-psicologia","category-psicologia-social","tag-domingo-blazquez-sanchez","tag-emilia-fernandez-garcia","tag-fernando-sanchez-banuelos","tag-jorge-mariano-huescar","tag-maria-julia-blandez-angel","tag-santiago-romero-granados"],"_links":{"self":[{"href":"https:\/\/www.deberes.net\/tesis\/wp-json\/wp\/v2\/posts\/76408","targetHints":{"allow":["GET"]}}],"collection":[{"href":"https:\/\/www.deberes.net\/tesis\/wp-json\/wp\/v2\/posts"}],"about":[{"href":"https:\/\/www.deberes.net\/tesis\/wp-json\/wp\/v2\/types\/post"}],"author":[{"embeddable":true,"href":"https:\/\/www.deberes.net\/tesis\/wp-json\/wp\/v2\/users\/1"}],"replies":[{"embeddable":true,"href":"https:\/\/www.deberes.net\/tesis\/wp-json\/wp\/v2\/comments?post=76408"}],"version-history":[{"count":0,"href":"https:\/\/www.deberes.net\/tesis\/wp-json\/wp\/v2\/posts\/76408\/revisions"}],"wp:attachment":[{"href":"https:\/\/www.deberes.net\/tesis\/wp-json\/wp\/v2\/media?parent=76408"}],"wp:term":[{"taxonomy":"category","embeddable":true,"href":"https:\/\/www.deberes.net\/tesis\/wp-json\/wp\/v2\/categories?post=76408"},{"taxonomy":"post_tag","embeddable":true,"href":"https:\/\/www.deberes.net\/tesis\/wp-json\/wp\/v2\/tags?post=76408"}],"curies":[{"name":"wp","href":"https:\/\/api.w.org\/{rel}","templated":true}]}}