{"id":76421,"date":"2018-03-09T23:21:47","date_gmt":"2018-03-09T23:21:47","guid":{"rendered":"https:\/\/www.deberes.net\/tesis\/sin-categoria\/empresarios-laborales-y-personalidad-jura%c2%addica-un-estudio-del-arta%c2%adculo-12-del-estatuto-de-los-trabajadores\/"},"modified":"2018-03-09T23:21:47","modified_gmt":"2018-03-09T23:21:47","slug":"empresarios-laborales-y-personalidad-jura%c2%addica-un-estudio-del-arta%c2%adculo-12-del-estatuto-de-los-trabajadores","status":"publish","type":"post","link":"https:\/\/www.deberes.net\/tesis\/ciencias-juridicas-y-derecho\/empresarios-laborales-y-personalidad-jura%c2%addica-un-estudio-del-arta%c2%adculo-12-del-estatuto-de-los-trabajadores\/","title":{"rendered":"Empresarios laborales y personalidad jur\u00eddica. un estudio del art\u00edculo 1,2 del estatuto de los trabajadores"},"content":{"rendered":"<h2>Tesis doctoral de <strong> Elena Desdentado Daroca <\/strong><\/h2>\n<p>La identificaci\u00f3n de la posici\u00f3n empresarial en el contrato de trabajo se ha convertido en uno de los problemas centrales de la pr\u00e1ctica forense en el \u00e1mbito laboral, como consecuencia de la descentralizaci\u00f3n productiva y de las nuevas formas de organizaci\u00f3n empresarial. Cada vez hay m\u00e1s dificultades para determinar qui\u00e9n es realmente empresario y hasta d\u00f3nde puede extenderse la responsabilidad por las obligaciones laborales. Esta tesis aborda estos problemas desde una perspectiva que, pese a su transcendencia pr\u00e1ctica, ha suscitado s\u00f3lo una atenci\u00f3n hasta ahora marginal en la doctrina laboralista. esa perspectiva es la de las relaciones entre posici\u00f3n empresarial y personalidad jur\u00eddica.  el examen de los repertorios jurisprudenciales nos muestra que es cada vez m\u00e1s frecuente encontrar actuando como empresarios a determinados sujetos u organizaciones carentes de personalidad. Comunidades de propietarios, grupos de empresas, sociedades irregulares, sociedades internas, comunidades de bienes y uniones de empresa son los casos m\u00e1s conocidos; pero hay otros de similar complejidad, como la herencia yacente, la sociedad de gananciales o los propios \u00f3rganos costitucionales del estado (c\u00e1maras legislativas, consejo general del poder judicial, tribunal constitucional). Los problemas que suscita la actuaci\u00f3n empresarial por parte de entes no personificados son m\u00faltiples y normalmente graves. En el plano sustantivo, hay que establecer en qu\u00e9 medida este tipo de entes sin personalidad jur\u00eddica pueden constituirse en centros de imputaci\u00f3n jur\u00eddica, contraer obligaciones y asumir la responsabilidad de sus actos con cargo un patrimonio. En el plano procesal, se discute su capacidad para ser parte, las situaciones litisconsorciales derivadas de su complejidad subjetiva y, muy especialmente, las dificultades que aparecen en la ejecuci\u00f3n cuando, ante la ausencia de un patrimonio propio del ente sin personalidad, se trata de exigir<\/p>\n<p>&nbsp;<\/p>\n<h3>Datos acad\u00e9micos de la tesis doctoral \u00ab<strong>Empresarios laborales y personalidad jur\u00eddica. un estudio del art\u00edculo 1,2 del estatuto de los trabajadores<\/strong>\u00ab<\/h3>\n<ul>\n<li><strong>T\u00edtulo de la tesis:<\/strong>\u00a0 Empresarios laborales y personalidad jur\u00eddica. un estudio del art\u00edculo 1,2 del estatuto de los trabajadores <\/li>\n<li><strong>Autor:<\/strong>\u00a0 Elena Desdentado Daroca <\/li>\n<li><strong>Universidad:<\/strong>\u00a0 Castilla-la mancha<\/li>\n<li><strong>Fecha de lectura de la tesis:<\/strong>\u00a0 28\/09\/2005<\/li>\n<\/ul>\n<p>&nbsp;<\/p>\n<h3>Direcci\u00f3n y tribunal<\/h3>\n<ul>\n<li><strong>Director de la tesis<\/strong>\n<ul>\n<li>Antonio Baylos Grau<\/li>\n<\/ul>\n<\/li>\n<li><strong>Tribunal<\/strong>\n<ul>\n<li>Presidente del tribunal:  Valdes dal re fernando <\/li>\n<li>Jos\u00e9 Luis Monereo perez (vocal)<\/li>\n<li> Fern\u00e1ndez lopez m. fernanda (vocal)<\/li>\n<li>joaquin Aparicio tovar (vocal)<\/li>\n<\/ul>\n<\/li>\n<\/ul>\n<p>&nbsp;<\/p>\n","protected":false},"excerpt":{"rendered":"<p>Tesis doctoral de Elena Desdentado Daroca La identificaci\u00f3n de la posici\u00f3n empresarial en el contrato de trabajo se ha convertido [&hellip;]<\/p>\n","protected":false},"author":1,"featured_media":0,"comment_status":"open","ping_status":"open","sticky":false,"template":"","format":"standard","meta":{"site-sidebar-layout":"default","site-content-layout":"","ast-site-content-layout":"","site-content-style":"default","site-sidebar-style":"default","ast-global-header-display":"","ast-banner-title-visibility":"","ast-main-header-display":"","ast-hfb-above-header-display":"","ast-hfb-below-header-display":"","ast-hfb-mobile-header-display":"","site-post-title":"","ast-breadcrumbs-content":"","ast-featured-img":"","footer-sml-layout":"","theme-transparent-header-meta":"","adv-header-id-meta":"","stick-header-meta":"","header-above-stick-meta":"","header-main-stick-meta":"","header-below-stick-meta":"","astra-migrate-meta-layouts":"default","ast-page-background-enabled":"default","ast-page-background-meta":{"desktop":{"background-color":"var(--ast-global-color-4)","background-image":"","background-repeat":"repeat","background-position":"center center","background-size":"auto","background-attachment":"scroll","background-type":"","background-media":"","overlay-type":"","overlay-color":"","overlay-gradient":""},"tablet":{"background-color":"","background-image":"","background-repeat":"repeat","background-position":"center center","background-size":"auto","background-attachment":"scroll","background-type":"","background-media":"","overlay-type":"","overlay-color":"","overlay-gradient":""},"mobile":{"background-color":"","background-image":"","background-repeat":"repeat","background-position":"center center","background-size":"auto","background-attachment":"scroll","background-type":"","background-media":"","overlay-type":"","overlay-color":"","overlay-gradient":""}},"ast-content-background-meta":{"desktop":{"background-color":"var(--ast-global-color-5)","background-image":"","background-repeat":"repeat","background-position":"center center","background-size":"auto","background-attachment":"scroll","background-type":"","background-media":"","overlay-type":"","overlay-color":"","overlay-gradient":""},"tablet":{"background-color":"var(--ast-global-color-5)","background-image":"","background-repeat":"repeat","background-position":"center center","background-size":"auto","background-attachment":"scroll","background-type":"","background-media":"","overlay-type":"","overlay-color":"","overlay-gradient":""},"mobile":{"background-color":"var(--ast-global-color-5)","background-image":"","background-repeat":"repeat","background-position":"center center","background-size":"auto","background-attachment":"scroll","background-type":"","background-media":"","overlay-type":"","overlay-color":"","overlay-gradient":""}},"footnotes":""},"categories":[18451,612,2170,979],"tags":[18714,164888,18487,39408,28783,22847],"class_list":["post-76421","post","type-post","status-publish","format-standard","hentry","category-castilla-la-mancha","category-ciencias-juridicas-y-derecho","category-derecho-del-trabajo-y-de-la-seguridad-social","category-derecho-y-legislacion-nacionales","tag-antonio-baylos-grau","tag-elena-desdentado-daroca","tag-fernandez-lopez-m-fernanda","tag-joaquin-aparicio-tovar","tag-jose-luis-monereo-perez","tag-valdes-dal-re-fernando"],"_links":{"self":[{"href":"https:\/\/www.deberes.net\/tesis\/wp-json\/wp\/v2\/posts\/76421","targetHints":{"allow":["GET"]}}],"collection":[{"href":"https:\/\/www.deberes.net\/tesis\/wp-json\/wp\/v2\/posts"}],"about":[{"href":"https:\/\/www.deberes.net\/tesis\/wp-json\/wp\/v2\/types\/post"}],"author":[{"embeddable":true,"href":"https:\/\/www.deberes.net\/tesis\/wp-json\/wp\/v2\/users\/1"}],"replies":[{"embeddable":true,"href":"https:\/\/www.deberes.net\/tesis\/wp-json\/wp\/v2\/comments?post=76421"}],"version-history":[{"count":0,"href":"https:\/\/www.deberes.net\/tesis\/wp-json\/wp\/v2\/posts\/76421\/revisions"}],"wp:attachment":[{"href":"https:\/\/www.deberes.net\/tesis\/wp-json\/wp\/v2\/media?parent=76421"}],"wp:term":[{"taxonomy":"category","embeddable":true,"href":"https:\/\/www.deberes.net\/tesis\/wp-json\/wp\/v2\/categories?post=76421"},{"taxonomy":"post_tag","embeddable":true,"href":"https:\/\/www.deberes.net\/tesis\/wp-json\/wp\/v2\/tags?post=76421"}],"curies":[{"name":"wp","href":"https:\/\/api.w.org\/{rel}","templated":true}]}}