{"id":76424,"date":"2018-03-09T23:21:47","date_gmt":"2018-03-09T23:21:47","guid":{"rendered":"https:\/\/www.deberes.net\/tesis\/sin-categoria\/diagnostico-molecular-del-virus-jc-en-pacientes-vih-seropositivos\/"},"modified":"2018-03-09T23:21:47","modified_gmt":"2018-03-09T23:21:47","slug":"diagnostico-molecular-del-virus-jc-en-pacientes-vih-seropositivos","status":"publish","type":"post","link":"https:\/\/www.deberes.net\/tesis\/bioquimica-molecular\/diagnostico-molecular-del-virus-jc-en-pacientes-vih-seropositivos\/","title":{"rendered":"Diagn\u00f3stico molecular del virus jc en pacientes vih seropositivos."},"content":{"rendered":"<h2>Tesis doctoral de <strong> Mar\u00eda Bego\u00f1a G\u00f3mez Gonz\u00e1lez <\/strong><\/h2>\n<p>La infecci\u00f3n por virus jc, un poliomavirus de \u00e1mbito humano, produce la enfermedad denominada leucoencefalopat\u00eda multifocal progresiva (lmp), que se caracteriza por un s\u00edndrome neurol\u00f3gico multifocal, y que afecta a individuos inmunodeprimidos. Con el advenimiento del sida, la preValencia de la enfermedad se ha multiplicado, y en estos pacientes es b\u00e1sico contar con un elemento diagn\u00f3stico que le diferencie de otras patolog\u00edas oportunistas. nuestro trabajo pretendi\u00f3 averiguar el valor diagn\u00f3stico de la t\u00e9cnica de reacci\u00f3n en cadena de la polimerasa (pcr) para la detecci\u00f3n del virus jc en el l\u00edquido  cefalorraqu\u00eddeo de los pacientes con lmp. Seleccionamos tres grupos de enfermos, uno con enfermos de lmp y vih, otro con enfermos de vih sin lmp y el tercero, con enfermos neurol\u00f3gicos sin vih ni lmp. los resultados revelaron una elevada especificidad de la pcr para el grupo de pacientes con lmp, que validaba la t\u00e9cnica y permite su uso diario en la pr\u00e1ctica cl\u00ednica, aunque la sensibilidad estaba por debajo del 50%.<\/p>\n<p>&nbsp;<\/p>\n<h3>Datos acad\u00e9micos de la tesis doctoral \u00ab<strong>Diagn\u00f3stico molecular del virus jc en pacientes vih seropositivos.<\/strong>\u00ab<\/h3>\n<ul>\n<li><strong>T\u00edtulo de la tesis:<\/strong>\u00a0 Diagn\u00f3stico molecular del virus jc en pacientes vih seropositivos. <\/li>\n<li><strong>Autor:<\/strong>\u00a0 Mar\u00eda Bego\u00f1a G\u00f3mez Gonz\u00e1lez <\/li>\n<li><strong>Universidad:<\/strong>\u00a0 C\u00e1diz<\/li>\n<li><strong>Fecha de lectura de la tesis:<\/strong>\u00a0 28\/09\/2005<\/li>\n<\/ul>\n<p>&nbsp;<\/p>\n<h3>Direcci\u00f3n y tribunal<\/h3>\n<ul>\n<li><strong>Director de la tesis<\/strong>\n<ul>\n<li>Manuel Antonio Rodr\u00edguez Iglesias<\/li>\n<\/ul>\n<\/li>\n<li><strong>Tribunal<\/strong>\n<ul>\n<li>Presidente del tribunal: jose Mira gutierrez <\/li>\n<li>giovanni Fedele (vocal)<\/li>\n<li>Juan  bautista Gutierrez aroca (vocal)<\/li>\n<li>Jos\u00e9 Antonio Gir\u00f3n gonz\u00e1lez (vocal)<\/li>\n<\/ul>\n<\/li>\n<\/ul>\n<p>&nbsp;<\/p>\n","protected":false},"excerpt":{"rendered":"<p>Tesis doctoral de Mar\u00eda Bego\u00f1a G\u00f3mez Gonz\u00e1lez La infecci\u00f3n por virus jc, un poliomavirus de \u00e1mbito humano, produce la enfermedad [&hellip;]<\/p>\n","protected":false},"author":1,"featured_media":0,"comment_status":"open","ping_status":"open","sticky":false,"template":"","format":"standard","meta":{"site-sidebar-layout":"default","site-content-layout":"","ast-site-content-layout":"","site-content-style":"default","site-sidebar-style":"default","ast-global-header-display":"","ast-banner-title-visibility":"","ast-main-header-display":"","ast-hfb-above-header-display":"","ast-hfb-below-header-display":"","ast-hfb-mobile-header-display":"","site-post-title":"","ast-breadcrumbs-content":"","ast-featured-img":"","footer-sml-layout":"","theme-transparent-header-meta":"","adv-header-id-meta":"","stick-header-meta":"","header-above-stick-meta":"","header-main-stick-meta":"","header-below-stick-meta":"","astra-migrate-meta-layouts":"default","ast-page-background-enabled":"default","ast-page-background-meta":{"desktop":{"background-color":"var(--ast-global-color-4)","background-image":"","background-repeat":"repeat","background-position":"center center","background-size":"auto","background-attachment":"scroll","background-type":"","background-media":"","overlay-type":"","overlay-color":"","overlay-gradient":""},"tablet":{"background-color":"","background-image":"","background-repeat":"repeat","background-position":"center center","background-size":"auto","background-attachment":"scroll","background-type":"","background-media":"","overlay-type":"","overlay-color":"","overlay-gradient":""},"mobile":{"background-color":"","background-image":"","background-repeat":"repeat","background-position":"center center","background-size":"auto","background-attachment":"scroll","background-type":"","background-media":"","overlay-type":"","overlay-color":"","overlay-gradient":""}},"ast-content-background-meta":{"desktop":{"background-color":"var(--ast-global-color-5)","background-image":"","background-repeat":"repeat","background-position":"center center","background-size":"auto","background-attachment":"scroll","background-type":"","background-media":"","overlay-type":"","overlay-color":"","overlay-gradient":""},"tablet":{"background-color":"var(--ast-global-color-5)","background-image":"","background-repeat":"repeat","background-position":"center center","background-size":"auto","background-attachment":"scroll","background-type":"","background-media":"","overlay-type":"","overlay-color":"","overlay-gradient":""},"mobile":{"background-color":"var(--ast-global-color-5)","background-image":"","background-repeat":"repeat","background-position":"center center","background-size":"auto","background-attachment":"scroll","background-type":"","background-media":"","overlay-type":"","overlay-color":"","overlay-gradient":""}},"footnotes":""},"categories":[115,1506,15417],"tags":[164893,10865,1656,2349,1851,164892],"class_list":["post-76424","post","type-post","status-publish","format-standard","hentry","category-bioquimica-molecular","category-cadiz","category-virus-neurotropicos","tag-giovanni-fedele","tag-jose-antonio-giron-gonzalez","tag-jose-mira-gutierrez","tag-juan-bautista-gutierrez-aroca","tag-manuel-antonio-rodriguez-iglesias","tag-maria-begona-gomez-gonzalez"],"_links":{"self":[{"href":"https:\/\/www.deberes.net\/tesis\/wp-json\/wp\/v2\/posts\/76424","targetHints":{"allow":["GET"]}}],"collection":[{"href":"https:\/\/www.deberes.net\/tesis\/wp-json\/wp\/v2\/posts"}],"about":[{"href":"https:\/\/www.deberes.net\/tesis\/wp-json\/wp\/v2\/types\/post"}],"author":[{"embeddable":true,"href":"https:\/\/www.deberes.net\/tesis\/wp-json\/wp\/v2\/users\/1"}],"replies":[{"embeddable":true,"href":"https:\/\/www.deberes.net\/tesis\/wp-json\/wp\/v2\/comments?post=76424"}],"version-history":[{"count":0,"href":"https:\/\/www.deberes.net\/tesis\/wp-json\/wp\/v2\/posts\/76424\/revisions"}],"wp:attachment":[{"href":"https:\/\/www.deberes.net\/tesis\/wp-json\/wp\/v2\/media?parent=76424"}],"wp:term":[{"taxonomy":"category","embeddable":true,"href":"https:\/\/www.deberes.net\/tesis\/wp-json\/wp\/v2\/categories?post=76424"},{"taxonomy":"post_tag","embeddable":true,"href":"https:\/\/www.deberes.net\/tesis\/wp-json\/wp\/v2\/tags?post=76424"}],"curies":[{"name":"wp","href":"https:\/\/api.w.org\/{rel}","templated":true}]}}