{"id":76427,"date":"2018-03-09T23:21:47","date_gmt":"2018-03-09T23:21:47","guid":{"rendered":"https:\/\/www.deberes.net\/tesis\/sin-categoria\/analisis-del-mercado-de-la-vivienda-en-espana\/"},"modified":"2018-03-09T23:21:47","modified_gmt":"2018-03-09T23:21:47","slug":"analisis-del-mercado-de-la-vivienda-en-espana","status":"publish","type":"post","link":"https:\/\/www.deberes.net\/tesis\/ciencias-economicas\/analisis-del-mercado-de-la-vivienda-en-espana\/","title":{"rendered":"Analisis del mercado de la vivienda en espa\u00f1a."},"content":{"rendered":"<h2>Tesis doctoral de <strong> Jos\u00e9 Mar\u00eda Raya Vilchez <\/strong><\/h2>\n<p>La tesis doctoral analiza el mercado de la vivienda en espa\u00f1a, en part\u00edcular , fen\u00f3meno inflacionista acontecido en los \u00faltimos a\u00f1os as\u00ed como el desequilibrio de los regimenes de  tenencia de la primera parte, an\u00e1lisis de los determinantes del precio de la vivienda en la ciudad de barcelona; determinara la importancia de la localizaci\u00f3n en la explicaci\u00f3n de los precios (35%) se obtiene que el crecimiento del precio por metro cuadrado ajustado por calidad ha sido ligeramente superior al observado , que la cantidads , a partir de cierta superficie , supone un lujo , mientras que la calidad y la localizaci\u00f3n son  bienes necesarios que el principal factor explicativo del efecto zona es el nivel educativo y que la desigualdad del precio de la vivienda se reduce al introducir heterogencidad de parametros entre un 7 y un 10% fundamentalmente por el efecto zona. De la segunda parte an\u00e1lisis de las determinadas del r\u00e9gimen de tendencia la vivienda en espa\u00f1a, se obtiene la bondad d elos modelos que captar la decisi\u00f3n de tenencia a partir de la probabilidad de realizar una transici\u00f3n de alquiler a propiedad la coincidencia temporal de las decisiones de emacipaci\u00f3n y terencia y la agresividad de la leyes de 1991 y 1998 as\u00ed como del decreto fiscal de 1985.<\/p>\n<p>&nbsp;<\/p>\n<h3>Datos acad\u00e9micos de la tesis doctoral \u00ab<strong>Analisis del mercado de la vivienda en espa\u00f1a.<\/strong>\u00ab<\/h3>\n<ul>\n<li><strong>T\u00edtulo de la tesis:<\/strong>\u00a0 Analisis del mercado de la vivienda en espa\u00f1a. <\/li>\n<li><strong>Autor:<\/strong>\u00a0 Jos\u00e9 Mar\u00eda Raya Vilchez <\/li>\n<li><strong>Universidad:<\/strong>\u00a0 Barcelona<\/li>\n<li><strong>Fecha de lectura de la tesis:<\/strong>\u00a0 29\/09\/2005<\/li>\n<\/ul>\n<p>&nbsp;<\/p>\n<h3>Direcci\u00f3n y tribunal<\/h3>\n<ul>\n<li><strong>Director de la tesis<\/strong>\n<ul>\n<li>Jaume Garcia Villar<\/li>\n<\/ul>\n<\/li>\n<li><strong>Tribunal<\/strong>\n<ul>\n<li>Presidente del tribunal: Jos\u00e9 Luis Raymond bara <\/li>\n<li>montserrat Pareja eastaway (vocal)<\/li>\n<li>paloma Taltavull de la paz (vocal)<\/li>\n<li>Jos\u00e9 Garcia montalvo (vocal)<\/li>\n<\/ul>\n<\/li>\n<\/ul>\n<p>&nbsp;<\/p>\n","protected":false},"excerpt":{"rendered":"<p>Tesis doctoral de Jos\u00e9 Mar\u00eda Raya Vilchez La tesis doctoral analiza el mercado de la vivienda en espa\u00f1a, en part\u00edcular [&hellip;]<\/p>\n","protected":false},"author":1,"featured_media":0,"comment_status":"open","ping_status":"open","sticky":false,"template":"","format":"standard","meta":{"site-sidebar-layout":"default","site-content-layout":"","ast-site-content-layout":"","site-content-style":"default","site-sidebar-style":"default","ast-global-header-display":"","ast-banner-title-visibility":"","ast-main-header-display":"","ast-hfb-above-header-display":"","ast-hfb-below-header-display":"","ast-hfb-mobile-header-display":"","site-post-title":"","ast-breadcrumbs-content":"","ast-featured-img":"","footer-sml-layout":"","theme-transparent-header-meta":"","adv-header-id-meta":"","stick-header-meta":"","header-above-stick-meta":"","header-main-stick-meta":"","header-below-stick-meta":"","astra-migrate-meta-layouts":"default","ast-page-background-enabled":"default","ast-page-background-meta":{"desktop":{"background-color":"var(--ast-global-color-4)","background-image":"","background-repeat":"repeat","background-position":"center center","background-size":"auto","background-attachment":"scroll","background-type":"","background-media":"","overlay-type":"","overlay-color":"","overlay-gradient":""},"tablet":{"background-color":"","background-image":"","background-repeat":"repeat","background-position":"center center","background-size":"auto","background-attachment":"scroll","background-type":"","background-media":"","overlay-type":"","overlay-color":"","overlay-gradient":""},"mobile":{"background-color":"","background-image":"","background-repeat":"repeat","background-position":"center center","background-size":"auto","background-attachment":"scroll","background-type":"","background-media":"","overlay-type":"","overlay-color":"","overlay-gradient":""}},"ast-content-background-meta":{"desktop":{"background-color":"var(--ast-global-color-5)","background-image":"","background-repeat":"repeat","background-position":"center center","background-size":"auto","background-attachment":"scroll","background-type":"","background-media":"","overlay-type":"","overlay-color":"","overlay-gradient":""},"tablet":{"background-color":"var(--ast-global-color-5)","background-image":"","background-repeat":"repeat","background-position":"center center","background-size":"auto","background-attachment":"scroll","background-type":"","background-media":"","overlay-type":"","overlay-color":"","overlay-gradient":""},"mobile":{"background-color":"var(--ast-global-color-5)","background-image":"","background-repeat":"repeat","background-position":"center center","background-size":"auto","background-attachment":"scroll","background-type":"","background-media":"","overlay-type":"","overlay-color":"","overlay-gradient":""}},"footnotes":""},"categories":[951,82,13009,18287,2825,1302],"tags":[4730,101900,11538,132739,100561,39581],"class_list":["post-76427","post","type-post","status-publish","format-standard","hentry","category-barcelona","category-ciencias-economicas","category-estructura-de-mercado","category-estudio-de-mercados","category-organizacion-industrial-y-sector-publico","category-organizacion-y-gestion-de-empresas","tag-jaume-garcia-villar","tag-jose-garcia-montalvo","tag-jose-luis-raymond-bara","tag-jose-maria-raya-vilchez","tag-montserrat-pareja-eastaway","tag-paloma-taltavull-de-la-paz"],"_links":{"self":[{"href":"https:\/\/www.deberes.net\/tesis\/wp-json\/wp\/v2\/posts\/76427","targetHints":{"allow":["GET"]}}],"collection":[{"href":"https:\/\/www.deberes.net\/tesis\/wp-json\/wp\/v2\/posts"}],"about":[{"href":"https:\/\/www.deberes.net\/tesis\/wp-json\/wp\/v2\/types\/post"}],"author":[{"embeddable":true,"href":"https:\/\/www.deberes.net\/tesis\/wp-json\/wp\/v2\/users\/1"}],"replies":[{"embeddable":true,"href":"https:\/\/www.deberes.net\/tesis\/wp-json\/wp\/v2\/comments?post=76427"}],"version-history":[{"count":0,"href":"https:\/\/www.deberes.net\/tesis\/wp-json\/wp\/v2\/posts\/76427\/revisions"}],"wp:attachment":[{"href":"https:\/\/www.deberes.net\/tesis\/wp-json\/wp\/v2\/media?parent=76427"}],"wp:term":[{"taxonomy":"category","embeddable":true,"href":"https:\/\/www.deberes.net\/tesis\/wp-json\/wp\/v2\/categories?post=76427"},{"taxonomy":"post_tag","embeddable":true,"href":"https:\/\/www.deberes.net\/tesis\/wp-json\/wp\/v2\/tags?post=76427"}],"curies":[{"name":"wp","href":"https:\/\/api.w.org\/{rel}","templated":true}]}}