{"id":76439,"date":"2018-03-09T23:21:51","date_gmt":"2018-03-09T23:21:51","guid":{"rendered":"https:\/\/www.deberes.net\/tesis\/sin-categoria\/1989-1999-una-decada-de-privatizaciones-en-argentina-analisis-de-caso-de-obras-sanitarias-de-la-nacion\/"},"modified":"2018-03-09T23:21:51","modified_gmt":"2018-03-09T23:21:51","slug":"1989-1999-una-decada-de-privatizaciones-en-argentina-analisis-de-caso-de-obras-sanitarias-de-la-nacion","status":"publish","type":"post","link":"https:\/\/www.deberes.net\/tesis\/ciencias-economicas\/1989-1999-una-decada-de-privatizaciones-en-argentina-analisis-de-caso-de-obras-sanitarias-de-la-nacion\/","title":{"rendered":"1989-1999: una d\u00e9cada de privatizaciones en argentina. an\u00e1lisis de caso de \u00abobras sanitarias de la naci\u00f3n\u00bb"},"content":{"rendered":"<h2>Tesis doctoral de <strong> Ra\u00fal S\u00e1nchez Fern\u00e1ndez-bernal <\/strong><\/h2>\n<p>Argentina llev\u00f3 a cabo uno de los procesos de privatizaci\u00f3n m\u00e1s importantes de latinoam\u00e9rica, tanto por el n\u00famero de empresas p\u00fablicas privatizadas como por los ingresos obtenidos las privatizaciones de casi 24.000 millones de d\u00f3lares, entre 1989 y 1999. Dicho proceso se inici\u00f3 en 1989, tras la entrada de carlos menem como presidente de la rep\u00fablica argentina y como consecuencia de la necesidad del gobierno de llevar a cabo medidas que ayudaran a estabilizar y mejorar la delicada situaci\u00f3n econ\u00f3mica. Dichas privatizaciones formaron parte de la aplicaci\u00f3n de una serie de medidas de pol\u00edtica econ\u00f3mica que tuvieron como principal objetivo conseguir lograr vencer la hiperinflaci\u00f3n existente a finales de los a\u00f1os ochenta, as\u00ed como intentar cambiar la delicada situaci\u00f3n econ\u00f3mica y pasara una etapa de mayor estabilidad. Las privatizaciones realizadas en argentina durante los a\u00f1os noventa, no fueron un hecho aislado en latinoam\u00e9rica, sino que formaron parte de un cambio de tendencia y modelos de la participaci\u00f3n del estado en la econom\u00eda.  en esta tesis doctoral se pretende demostrar dos hip\u00f3tesis. La primera, intentar demostrar que el proceso de privatizaciones realizado en argentina entre 1989 y 1999, estuvo fuertemente condicionado por la necesidad de recursos por parte del estado, lo que impidi\u00f3 llevarlo a cabo de una forma plenamente satisfactoria para el usuario y el estado. El impacto macroecon\u00f3mico y microecon\u00f3mico deber\u00e1n mostrar signos de esta hip\u00f3tesis.  la segunda hip\u00f3tesis se refiere al an\u00e1lisis de un caso concreto. En supuestos de operaciones de privatizaci\u00f3n llevados a cabo en argentina, que podr\u00edan considerarse como adecuados, por parte de la literatura existente y fuentes consultadas, como ser\u00eda el caso de osn, se tratar\u00e1 de analizar si dicha privatizaci\u00f3n puede valorarse como exitosa, o si por el contrario en su valoraci\u00f3n en conjunto esta afirmaci\u00f3n no es correcta.  la investigaci\u00f3n de<\/p>\n<p>&nbsp;<\/p>\n<h3>Datos acad\u00e9micos de la tesis doctoral \u00ab<strong>1989-1999: una d\u00e9cada de privatizaciones en argentina. an\u00e1lisis de caso de \u00abobras sanitarias de la naci\u00f3n\u00bb<\/strong>\u00ab<\/h3>\n<ul>\n<li><strong>T\u00edtulo de la tesis:<\/strong>\u00a0 1989-1999: una d\u00e9cada de privatizaciones en argentina. an\u00e1lisis de caso de \u00abobras sanitarias de la naci\u00f3n\u00bb <\/li>\n<li><strong>Autor:<\/strong>\u00a0 Ra\u00fal S\u00e1nchez Fern\u00e1ndez-bernal <\/li>\n<li><strong>Universidad:<\/strong>\u00a0 Complutense de Madrid<\/li>\n<li><strong>Fecha de lectura de la tesis:<\/strong>\u00a0 29\/09\/2005<\/li>\n<\/ul>\n<p>&nbsp;<\/p>\n<h3>Direcci\u00f3n y tribunal<\/h3>\n<ul>\n<li><strong>Director de la tesis<\/strong>\n<ul>\n<li>Rafael Mart\u00ednez Corti\u00f1a<\/li>\n<\/ul>\n<\/li>\n<li><strong>Tribunal<\/strong>\n<ul>\n<li>Presidente del tribunal: Jos\u00e9 Antonio D\u00e9niz espin\u00f3s <\/li>\n<li>raquel Gonz\u00e1lez blanco (vocal)<\/li>\n<li> Caceres carrasco felipe Rafael (vocal)<\/li>\n<li>angeles Sanchez diez (vocal)<\/li>\n<\/ul>\n<\/li>\n<\/ul>\n<p>&nbsp;<\/p>\n","protected":false},"excerpt":{"rendered":"<p>Tesis doctoral de Ra\u00fal S\u00e1nchez Fern\u00e1ndez-bernal Argentina llev\u00f3 a cabo uno de los procesos de privatizaci\u00f3n m\u00e1s importantes de latinoam\u00e9rica, [&hellip;]<\/p>\n","protected":false},"author":1,"featured_media":0,"comment_status":"open","ping_status":"open","sticky":false,"template":"","format":"standard","meta":{"site-sidebar-layout":"default","site-content-layout":"","ast-site-content-layout":"","site-content-style":"default","site-sidebar-style":"default","ast-global-header-display":"","ast-banner-title-visibility":"","ast-main-header-display":"","ast-hfb-above-header-display":"","ast-hfb-below-header-display":"","ast-hfb-mobile-header-display":"","site-post-title":"","ast-breadcrumbs-content":"","ast-featured-img":"","footer-sml-layout":"","theme-transparent-header-meta":"","adv-header-id-meta":"","stick-header-meta":"","header-above-stick-meta":"","header-main-stick-meta":"","header-below-stick-meta":"","astra-migrate-meta-layouts":"default","ast-page-background-enabled":"default","ast-page-background-meta":{"desktop":{"background-color":"var(--ast-global-color-4)","background-image":"","background-repeat":"repeat","background-position":"center center","background-size":"auto","background-attachment":"scroll","background-type":"","background-media":"","overlay-type":"","overlay-color":"","overlay-gradient":""},"tablet":{"background-color":"","background-image":"","background-repeat":"repeat","background-position":"center center","background-size":"auto","background-attachment":"scroll","background-type":"","background-media":"","overlay-type":"","overlay-color":"","overlay-gradient":""},"mobile":{"background-color":"","background-image":"","background-repeat":"repeat","background-position":"center center","background-size":"auto","background-attachment":"scroll","background-type":"","background-media":"","overlay-type":"","overlay-color":"","overlay-gradient":""}},"ast-content-background-meta":{"desktop":{"background-color":"var(--ast-global-color-5)","background-image":"","background-repeat":"repeat","background-position":"center center","background-size":"auto","background-attachment":"scroll","background-type":"","background-media":"","overlay-type":"","overlay-color":"","overlay-gradient":""},"tablet":{"background-color":"var(--ast-global-color-5)","background-image":"","background-repeat":"repeat","background-position":"center center","background-size":"auto","background-attachment":"scroll","background-type":"","background-media":"","overlay-type":"","overlay-color":"","overlay-gradient":""},"mobile":{"background-color":"var(--ast-global-color-5)","background-image":"","background-repeat":"repeat","background-position":"center center","background-size":"auto","background-attachment":"scroll","background-type":"","background-media":"","overlay-type":"","overlay-color":"","overlay-gradient":""}},"footnotes":""},"categories":[82,910,18345,15475,2825,9215],"tags":[40214,164918,19685,832,99406,164917],"class_list":["post-76439","post","type-post","status-publish","format-standard","hentry","category-ciencias-economicas","category-economia-internacional","category-empresas-publicas","category-inversion-exterior","category-organizacion-industrial-y-sector-publico","category-regulacion-gubernamental-del-sector-privado","tag-angeles-sanchez-diez","tag-caceres-carrasco-felipe-rafael","tag-jose-antonio-deniz-espinos","tag-rafael-Martinez-cortina","tag-raquel-gonzalez-blanco","tag-raul-sanchez-fernandez-bernal"],"_links":{"self":[{"href":"https:\/\/www.deberes.net\/tesis\/wp-json\/wp\/v2\/posts\/76439","targetHints":{"allow":["GET"]}}],"collection":[{"href":"https:\/\/www.deberes.net\/tesis\/wp-json\/wp\/v2\/posts"}],"about":[{"href":"https:\/\/www.deberes.net\/tesis\/wp-json\/wp\/v2\/types\/post"}],"author":[{"embeddable":true,"href":"https:\/\/www.deberes.net\/tesis\/wp-json\/wp\/v2\/users\/1"}],"replies":[{"embeddable":true,"href":"https:\/\/www.deberes.net\/tesis\/wp-json\/wp\/v2\/comments?post=76439"}],"version-history":[{"count":0,"href":"https:\/\/www.deberes.net\/tesis\/wp-json\/wp\/v2\/posts\/76439\/revisions"}],"wp:attachment":[{"href":"https:\/\/www.deberes.net\/tesis\/wp-json\/wp\/v2\/media?parent=76439"}],"wp:term":[{"taxonomy":"category","embeddable":true,"href":"https:\/\/www.deberes.net\/tesis\/wp-json\/wp\/v2\/categories?post=76439"},{"taxonomy":"post_tag","embeddable":true,"href":"https:\/\/www.deberes.net\/tesis\/wp-json\/wp\/v2\/tags?post=76439"}],"curies":[{"name":"wp","href":"https:\/\/api.w.org\/{rel}","templated":true}]}}